{"id":913,"date":"2022-12-08T10:03:06","date_gmt":"2022-12-08T08:03:06","guid":{"rendered":"https:\/\/www.caravanas.net\/noticias\/?p=913"},"modified":"2022-12-08T02:27:48","modified_gmt":"2022-12-08T00:27:48","slug":"mejores-estaciones-de-esqui-para-caravaning","status":"publish","type":"post","link":"https:\/\/www.caravanas.net\/noticias\/mejores-estaciones-de-esqui-para-caravaning\/","title":{"rendered":"3 estaciones de esqu\u00ed en Espa\u00f1a para estacionar a pie de pista con tu camper."},"content":{"rendered":"<h2><span style=\"letter-spacing: 0px;\">\u00a1A la nieve en autocaravana!<\/span><\/h2>\n<p>Ya es diciembre y comienzan las primeras nevadas, las estaciones de esqu\u00ed est\u00e1n en su mejor momento y cualquier amante de este deporte sabe que escaparse un fin de semana a la nieve es lo que estaba esperando.<\/p>\n<p>Si tienes tu camper o autocaravana que sepas que en Espa\u00f1a existen estaciones de esqu\u00ed totalmente preparadas para recibir turismo de caravaning, con <strong>estacionamiento a pie de pista<\/strong> por ejemplo.<\/p>\n<p>Pero antes de poner rumbo a las pistas, te recomendamos que revises tu camper, caravana o autocaravana y comprobar si est\u00e1 preparada para las condiciones en las que va a estar expuesta.<!--more--><\/p>\n<h3>Recomendaciones a tener en cuenta antes de ir a lugares con nieve en autocaravana<\/h3>\n<p>&#8211; No olvides<strong> llevar cadenas<\/strong>, comprobar la presi\u00f3n de los neum\u00e1ticos, los niveles de anticongelante, l\u00edquido de frenos y aceite.<\/p>\n<p>&#8211; Pon un poco de<strong> anticongelante en los desag\u00fces<\/strong> de lavabo, ducha y fregadero.<\/p>\n<p>&#8211; Si el fr\u00edo es extremo puedes <strong>proteger las cerraduras<\/strong> con cinta americana para evitar que se congelen.<\/p>\n<p>&#8211; Utiliza <strong>propano en lugar de butano<\/strong>. El propano tiene una temperatura de congelaci\u00f3n mucho m\u00e1s baja que el butano.<\/p>\n<p>&#8211; Cuando estaciones, <strong>separa las escobillas del limpiaparabrisas<\/strong> para evitar que se congelen y se queden pegadas al cristal.<\/p>\n<p>&#8211; Utiliza <strong>protectores de sol y nieve para el frontal exterior<\/strong>. Te ayudar\u00e1n a guardar mejor el calor de dentro de la autocaravana y a evitar que entre tanto fr\u00edo.<\/p>\n<p>&#8211; <strong>Revisa las luces<\/strong> y comprueba que todo est\u00e1 en orden.<\/p>\n<p>&#8211; Deja la<strong> calefacci\u00f3n encendida<\/strong> cuando te vayas a esquiar o si dispones de una calefacci\u00f3n programable, no olvides programarla para que la autocaravana no baje de los 16\u00baC y se ponga cerca de los 20\u00baC cuando vayas a llegar.<\/p>\n<p>&#8211; Colocar las <strong>tapas de invierno<\/strong> para proteger las rejillas exteriores del frigor\u00edfico.<\/p>\n<hr \/>\n<p>Una vez realizado el <a href=\"https:\/\/www.caravanas.net\/noticias\/viajar-en-autocaravana-en-invierno\/\">check list<\/a> y comprobado que est\u00e1 todo en orden, toca decidir a d\u00f3nde ir y para eso aqu\u00ed te dejamos <strong>3 estaciones con estacionamiento a pie de pista<\/strong> ideal para visitar en autocaravana en las que poder disfrutar de la nieve, adem\u00e1s sin salir de Espa\u00f1a.<\/p>\n<p>&nbsp;<\/p>\n<h3>1.Estaci\u00f3n de Grandvalira, Andorra<\/h3>\n<div id=\"attachment_2494\" style=\"width: 1034px\" class=\"wp-caption alignnone\"><img data-recalc-dims=\"1\" decoding=\"async\" aria-describedby=\"caption-attachment-2494\" class=\"wp-image-2494 size-large\" src=\"https:\/\/i0.wp.com\/www.caravanas.net\/noticias\/wp-content\/uploads\/2021\/01\/viajar-en-autocaravana-en-invierno-1.jpg?resize=1024%2C546&#038;ssl=1\" alt=\"estaci\u00f3n Grandvalira, andorra en autocaravana\" width=\"1024\" height=\"546\" srcset=\"https:\/\/i0.wp.com\/www.caravanas.net\/noticias\/wp-content\/uploads\/2021\/01\/viajar-en-autocaravana-en-invierno-1.jpg?resize=1024%2C546&amp;ssl=1 1024w, https:\/\/i0.wp.com\/www.caravanas.net\/noticias\/wp-content\/uploads\/2021\/01\/viajar-en-autocaravana-en-invierno-1.jpg?resize=300%2C160&amp;ssl=1 300w, https:\/\/i0.wp.com\/www.caravanas.net\/noticias\/wp-content\/uploads\/2021\/01\/viajar-en-autocaravana-en-invierno-1.jpg?resize=768%2C410&amp;ssl=1 768w, https:\/\/i0.wp.com\/www.caravanas.net\/noticias\/wp-content\/uploads\/2021\/01\/viajar-en-autocaravana-en-invierno-1.jpg?resize=1536%2C819&amp;ssl=1 1536w, https:\/\/i0.wp.com\/www.caravanas.net\/noticias\/wp-content\/uploads\/2021\/01\/viajar-en-autocaravana-en-invierno-1.jpg?resize=2048%2C1092&amp;ssl=1 2048w, https:\/\/i0.wp.com\/www.caravanas.net\/noticias\/wp-content\/uploads\/2021\/01\/viajar-en-autocaravana-en-invierno-1.jpg?resize=1920%2C1024&amp;ssl=1 1920w, https:\/\/i0.wp.com\/www.caravanas.net\/noticias\/wp-content\/uploads\/2021\/01\/viajar-en-autocaravana-en-invierno-1.jpg?resize=1170%2C624&amp;ssl=1 1170w, https:\/\/i0.wp.com\/www.caravanas.net\/noticias\/wp-content\/uploads\/2021\/01\/viajar-en-autocaravana-en-invierno-1.jpg?resize=585%2C312&amp;ssl=1 585w, https:\/\/i0.wp.com\/www.caravanas.net\/noticias\/wp-content\/uploads\/2021\/01\/viajar-en-autocaravana-en-invierno-1.jpg?w=2340&amp;ssl=1 2340w\" sizes=\"(max-width: 1024px) 100vw, 1024px\" \/><p id=\"caption-attachment-2494\" class=\"wp-caption-text\">Estaci\u00f3n Grandvalira, Andorra<\/p><\/div>\n<p>Es la <a href=\"https:\/\/www.grandvalira.com\">estaci\u00f3n<\/a> de referencia para aquellos<strong> amantes del<\/strong> <strong>esqu\u00ed y el snowboard<\/strong>. Se conoce como la estaci\u00f3n de esqu\u00ed m\u00e1s grande del Pirineo ya que incluye <strong>Encamp, Canillo, El Tarter, Soldeu, Grau Roig y Pas de la Casa.<\/strong> Ofreciendo as\u00ed, una <strong>superficie esquiable de 210 km.<\/strong><\/p>\n<p>Adem\u00e1s, es una de las estaciones m\u00e1s preparadas para ir con autocaravana, caravana o furgoneta camper debido a que tiene un<strong> aparcamiento a pie de pistas<\/strong> de grandes dimensiones en el que podremos pernoctar sin problema.<\/p>\n<p>En el caso de necesitar servicios destinados a la autocaravana, se recomienda estacionar en el aparcamiento Encamp, enfrente del Museo del Autom\u00f3vil (N 42.5325, E 1.578485). Es un estacionamiento con barreras donde poder cargar y vaciar aguas, as\u00ed como electricidad.<\/p>\n<p>Otro aparcamiento que permite estacionamiento de autocaravana est\u00e1 situado enfrente del Funicamp, pero este es de zona azul (N 42.53545, E 1.58887).<\/p>\n<ul>\n<li>Cotas: 1.710 \u2013 2.640 metros de altitud<\/li>\n<li>Superficie esquiable: 210 kil\u00f3metros de pista<\/li>\n<li>Pistas: 128 \/ 19 verdes, 48 azules, 38 rojas y 22 negras<\/li>\n<\/ul>\n<hr \/>\n<h3>2. Estaci\u00f3n de La Molina, Pirineo Catal\u00e1n.<\/h3>\n<p>Si lo que est\u00e1s buscando es una <a href=\"https:\/\/www.lamolina.cat\/es\/invierno\/\">estaci\u00f3n de esqu\u00ed<\/a> con un<strong> aparcamiento para autocaravanas con todos los servicios<\/strong> y con pistas para todos los niveles, una de las mejores opciones es La Molina. Esta estaci\u00f3n de esqu\u00ed del pirineo catal\u00e1n se encuentra en la Baja Cerda\u00f1a (Gerona) y <strong>es la estaci\u00f3n m\u00e1s cercana a Barcelona.<\/strong><\/p>\n<p>Se caracteriza por ser muy familiar y con mucha afluencia debido a su cercan\u00eda a la capital catalana. Aparte del <strong>snowboard y esqu\u00ed,<\/strong> ofrece muchas actividades para disfrutar de la nieve como <strong>patinar sobre hielo o montar en moto de nieve.<\/strong><\/p>\n<p>El <strong>aparcamiento est\u00e1 a pie de pista<\/strong>\u00a0cuenta con 40 plazas con agua, luz, vaciado de aguas sucias y una barrera de entrada y salida.<\/p>\n<p>Tambi\u00e9n hay habilitado un espacio para furgos y autocaravanas en el aparcamiento del sector Telecabina \u2013 Alp 2500.<\/p>\n<ul>\n<li>Cotas: 1.700 \u2013 2.445 metros de altitud<\/li>\n<li>Superficie esquiable: 67 kil\u00f3metros esquiables.<\/li>\n<li>Pistas: 63 pistas<\/li>\n<\/ul>\n<hr \/>\n<h3>3. Estaci\u00f3n de Sierra Nevada, Granada<\/h3>\n<div id=\"attachment_2496\" style=\"width: 1034px\" class=\"wp-caption alignnone\"><img data-recalc-dims=\"1\" decoding=\"async\" aria-describedby=\"caption-attachment-2496\" class=\"size-large wp-image-2496\" src=\"https:\/\/i0.wp.com\/www.caravanas.net\/noticias\/wp-content\/uploads\/2021\/01\/viajar-en-autocaravana-en-invierno-3.jpg?resize=1024%2C546&#038;ssl=1\" alt=\"Estaci\u00f3n de esqu\u00ed Sierra Nevada\" width=\"1024\" height=\"546\" srcset=\"https:\/\/i0.wp.com\/www.caravanas.net\/noticias\/wp-content\/uploads\/2021\/01\/viajar-en-autocaravana-en-invierno-3.jpg?resize=1024%2C546&amp;ssl=1 1024w, https:\/\/i0.wp.com\/www.caravanas.net\/noticias\/wp-content\/uploads\/2021\/01\/viajar-en-autocaravana-en-invierno-3.jpg?resize=300%2C160&amp;ssl=1 300w, https:\/\/i0.wp.com\/www.caravanas.net\/noticias\/wp-content\/uploads\/2021\/01\/viajar-en-autocaravana-en-invierno-3.jpg?resize=768%2C410&amp;ssl=1 768w, https:\/\/i0.wp.com\/www.caravanas.net\/noticias\/wp-content\/uploads\/2021\/01\/viajar-en-autocaravana-en-invierno-3.jpg?resize=1536%2C819&amp;ssl=1 1536w, https:\/\/i0.wp.com\/www.caravanas.net\/noticias\/wp-content\/uploads\/2021\/01\/viajar-en-autocaravana-en-invierno-3.jpg?resize=2048%2C1092&amp;ssl=1 2048w, https:\/\/i0.wp.com\/www.caravanas.net\/noticias\/wp-content\/uploads\/2021\/01\/viajar-en-autocaravana-en-invierno-3.jpg?resize=1920%2C1024&amp;ssl=1 1920w, https:\/\/i0.wp.com\/www.caravanas.net\/noticias\/wp-content\/uploads\/2021\/01\/viajar-en-autocaravana-en-invierno-3.jpg?resize=1170%2C624&amp;ssl=1 1170w, https:\/\/i0.wp.com\/www.caravanas.net\/noticias\/wp-content\/uploads\/2021\/01\/viajar-en-autocaravana-en-invierno-3.jpg?resize=585%2C312&amp;ssl=1 585w, https:\/\/i0.wp.com\/www.caravanas.net\/noticias\/wp-content\/uploads\/2021\/01\/viajar-en-autocaravana-en-invierno-3.jpg?w=2340&amp;ssl=1 2340w\" sizes=\"(max-width: 1024px) 100vw, 1024px\" \/><p id=\"caption-attachment-2496\" class=\"wp-caption-text\">Estaci\u00f3n de esqu\u00ed Sierra Nevada, Granada<\/p><\/div>\n<p>Una de las peculiaridades que nos presenta la estaci\u00f3n de esqu\u00ed de <a href=\"https:\/\/sierranevada.es\/es\/invierno\/la-estaci\u00f3n\/\">Sierra Nevada<\/a> es que fue <strong>una de las primeras en Espa\u00f1a en dar lugar a los autocaravanistas.<\/strong><\/p>\n<p>Desde el a\u00f1o 2003, quienes quieran disfrutar de esta estaci\u00f3n y descansar luego en su autocaravana pueden hacerlo en el <strong>\u00e1rea de Los Pe\u00f1ones de San Francisco.<\/strong><\/p>\n<p>Esta \u00e1rea de autocaravanas est\u00e1 vigilada durante las 24 horas, pero hay que ir bien cubierto ya que no cuenta con toma de electricidad ni de agua.\u00a0Lo bueno es que se encuentra <strong>a unos pocos metros de las taquillas y tiene conexi\u00f3n directa con el telesilla Virgen de las Nieves.<\/strong><\/p>\n<p>Adem\u00e1s, se ha de remarcar que cualquiera que vaya tendr\u00e1 algo que hacer debido a su variedad de actividades, des de esquiar por la noche ya que cuenta con <strong>pistas iluminadas, esqu\u00ed alpino, sesiones de cine, patinaje sobre hielo, paseos en trineo, compras, discotecas y muchos bares donde compartir un buen rato con amigos.<\/strong><\/p>\n<ul>\n<li>Cotas: 2.100 \u2013 3.300 metros de altitud<\/li>\n<li>Superficie esquiable: 107 kil\u00f3metros de pistas<\/li>\n<li>Pistas: 124 pistas<\/li>\n<\/ul>\n<div><style type=\"text\/css\">.text-truncate { overflow: hidden; text-overflow: ellipsis; white-space: nowrap; }.flex-row { display: flex; flex-wrap: wrap; margin-right: -15px; margin-left: -15px; }.flex-col { flex-basis: 0; flex-grow: 1; max-width: 100%; position: relative; width: 100%; padding-right: 15px; padding-left: 15px; }.ads-list { display: flex !important; flex-wrap: wrap; margin-right: -15px; margin-left: -15px; }@media (min-width: 768px) { .ad-pill-box { flex: 0 0 33.3333333333%; max-width: 33.3333333333%; } }.ad-pill-box { position: relative; width: 100%; padding-right: 15px; padding-left: 15px; margin-bottom: 1rem; }.ad-pill { height: 100%!important; padding: 1.25rem !important; border-radius: .5rem!important; border: 1px solid #48ca7c !important; }.ad-pill .rounded { border-radius: .5rem !important; }.ad-pill .shadow-sm { box-shadow: 0 .125rem .25rem rgba(25,33,40,.075) !important; }.ad-pill .ad-image { background: 50% no-repeat; background-size: contain; min-height: 129px; display: block; position: relative;  color: #343a40 !important; margin-bottom: 1rem !important; border-radius: .5rem !important; }.ad-pill .ad-image-price { bottom: 0.5rem; left: 0.5rem; display: inline-block; position: absolute; background: #fff; padding: 0 0.5em; }.ad-pill .ad-title { font-size: 1.25rem; margin-bottom: 0.5rem; }.ad-pill .text-muted { color: #a3a3a3 !important; line-height: 1.3; margin-bottom: 1rem; }.ad-pill .bg-light { background: #f0f1f2; border-radius: .5rem; padding: 5px; text-align: center; margin-bottom: 1rem; }.ad-pill .btn-primary { display: block; background: #48ca7c; border-radius: .5rem; padding: 5px; text-align: center; color: #fff !important; text-decoration: none !important; }.ad-pill .btn-primary:hover { background: #2c9958; }<\/style><div class=\"ads-list\" style=\"display: flex !important\"><div class=\"ad-pill-box\"><div class=\"ad-pill\"><a href=\"https:\/\/www.caravanas.net\/ad\/15196\/weinsberg-caraone-400-lk\" class=\"ad-image rounded mb-4\" style=\"background-image: url('https:\/\/caravanas.fra1.cdn.digitaloceanspaces.com\/public\/129812\/conversions\/IMG_0549-web.jpg');\"><div class=\"ad-image-price d-inline-block bg-white rounded py-1 px-3 position-absolute shadow-sm\"><div class=\"price-amount big\">18.400 \u20ac<\/div><\/div><\/a><div class=\"ad-title text-truncate\">Weinsberg CARAONE 400 LK<\/div><div class=\"mb-4 text-muted\">WEINSBERG CARAONE 400 LK, a\u00f1o Agosto  2019, seminueva, sal\u00f3n convertible en cama...<\/div><div class=\"details mb-3\"><div class=\"flex-row\"><div class=\"flex-col\"><div class=\"text-center bg-light rounded py-2\">4 viajar<\/div><\/div><div class=\"flex-col\"><div class=\"text-center bg-light rounded py-2\">4 dormir<\/div><\/div><\/div><\/div><div class=\"flex-row\"><div class=\"flex-col\"><a href=\"https:\/\/www.caravanas.net\/ad\/15196\/weinsberg-caraone-400-lk\" target=\"_blank\" class=\"btn btn-block btn-primary\">Contactar<\/a><\/div><div class=\"flex-col\"><a href=\"https:\/\/www.caravanas.net\/ad\/15196\/weinsberg-caraone-400-lk\" target=\"_blank\" class=\"btn-primary\">+ info<\/a><\/div><\/div><\/div><\/div><div class=\"ad-pill-box\"><div class=\"ad-pill\"><a href=\"https:\/\/www.caravanas.net\/ad\/15195\/knaus-sport-500-qdk\" class=\"ad-image rounded mb-4\" style=\"background-image: url('https:\/\/caravanas.fra1.cdn.digitaloceanspaces.com\/public\/129785\/conversions\/IMG_0537-web.jpg');\"><div class=\"ad-image-price d-inline-block bg-white rounded py-1 px-3 position-absolute shadow-sm\"><div class=\"price-amount big\">29.290 \u20ac<\/div><\/div><\/a><div class=\"ad-title text-truncate\">Knaus SPORT 500 QDK<\/div><div class=\"mb-4 text-muted\">Caracter\u00edsticas:Marca                 KnausModelo               Sport 500 QDKTipo                     3 ambientesAntig\u00fcedad      NuevaPlazas                  6Distribuci\u00f3n     Cama delantera, cama...<\/div><div class=\"details mb-3\"><div class=\"flex-row\"><div class=\"flex-col\"><div class=\"text-center bg-light rounded py-2\">6 viajar<\/div><\/div><div class=\"flex-col\"><div class=\"text-center bg-light rounded py-2\">6 dormir<\/div><\/div><\/div><\/div><div class=\"flex-row\"><div class=\"flex-col\"><a href=\"https:\/\/www.caravanas.net\/ad\/15195\/knaus-sport-500-qdk\" target=\"_blank\" class=\"btn btn-block btn-primary\">Contactar<\/a><\/div><div class=\"flex-col\"><a href=\"https:\/\/www.caravanas.net\/ad\/15195\/knaus-sport-500-qdk\" target=\"_blank\" class=\"btn-primary\">+ info<\/a><\/div><\/div><\/div><\/div><div class=\"ad-pill-box\"><div class=\"ad-pill\"><a href=\"https:\/\/www.caravanas.net\/ad\/15194\/carado-cve-600\" class=\"ad-image rounded mb-4\" style=\"background-image: url('https:\/\/caravanas.fra1.cdn.digitaloceanspaces.com\/public\/129774\/conversions\/8c8023fd-7da6-4fe3-b519-56e5570b-web.jpg');\"><div class=\"ad-image-price d-inline-block bg-white rounded py-1 px-3 position-absolute shadow-sm\"><div class=\"price-amount big\">49.990 \u20ac<\/div><\/div><\/a><div class=\"ad-title text-truncate\">Carado CVE 600<\/div><div class=\"mb-4 text-muted\">Fantastica Camper CARADO montada sobre base FIat Ducato 2.3 de 140cv, con...<\/div><div class=\"details mb-3\"><div class=\"flex-row\"><div class=\"flex-col\"><div class=\"text-center bg-light rounded py-2\">4 viajar<\/div><\/div><div class=\"flex-col\"><div class=\"text-center bg-light rounded py-2\">4 dormir<\/div><\/div><\/div><\/div><div class=\"flex-row\"><div class=\"flex-col\"><a href=\"https:\/\/www.caravanas.net\/ad\/15194\/carado-cve-600\" target=\"_blank\" class=\"btn btn-block btn-primary\">Contactar<\/a><\/div><div class=\"flex-col\"><a href=\"https:\/\/www.caravanas.net\/ad\/15194\/carado-cve-600\" target=\"_blank\" class=\"btn-primary\">+ info<\/a><\/div><\/div><\/div><\/div><\/div><\/div>\n<div><\/div>\n<div><span lang=\"es\">En conclusi\u00f3n, viajar en autocaravana, caravana o camper a las estaciones de esqu\u00ed es algo que cada vez se ve m\u00e1s y que no es tan arriesgado si sigues los consejos que te hemos dado.<\/span><\/div>\n","protected":false},"excerpt":{"rendered":"<p>\u00a1A la nieve en autocaravana! Ya es diciembre y comienzan las primeras nevadas, las estaciones de esqu\u00ed est\u00e1n en su mejor momento y cualquier&hellip;<\/p>\n","protected":false},"author":3,"featured_media":4335,"comment_status":"open","ping_status":"open","sticky":false,"template":"","format":"standard","meta":{"_jetpack_memberships_contains_paid_content":false,"footnotes":""},"categories":[20],"tags":[],"class_list":["post-913","post","type-post","status-publish","format-standard","has-post-thumbnail","hentry","category-rutas"],"aioseo_notices":[],"jetpack_featured_media_url":"https:\/\/i0.wp.com\/www.caravanas.net\/noticias\/wp-content\/uploads\/2021\/12\/3-estaciones-de-esqui-en-Espana-para-estacionar-a-pie-de-pista-con-tu-camper..jpg?fit=2560%2C1365&ssl=1","jetpack_sharing_enabled":true,"_links":{"self":[{"href":"https:\/\/www.caravanas.net\/noticias\/wp-json\/wp\/v2\/posts\/913","targetHints":{"allow":["GET"]}}],"collection":[{"href":"https:\/\/www.caravanas.net\/noticias\/wp-json\/wp\/v2\/posts"}],"about":[{"href":"https:\/\/www.caravanas.net\/noticias\/wp-json\/wp\/v2\/types\/post"}],"author":[{"embeddable":true,"href":"https:\/\/www.caravanas.net\/noticias\/wp-json\/wp\/v2\/users\/3"}],"replies":[{"embeddable":true,"href":"https:\/\/www.caravanas.net\/noticias\/wp-json\/wp\/v2\/comments?post=913"}],"version-history":[{"count":0,"href":"https:\/\/www.caravanas.net\/noticias\/wp-json\/wp\/v2\/posts\/913\/revisions"}],"wp:featuredmedia":[{"embeddable":true,"href":"https:\/\/www.caravanas.net\/noticias\/wp-json\/wp\/v2\/media\/4335"}],"wp:attachment":[{"href":"https:\/\/www.caravanas.net\/noticias\/wp-json\/wp\/v2\/media?parent=913"}],"wp:term":[{"taxonomy":"category","embeddable":true,"href":"https:\/\/www.caravanas.net\/noticias\/wp-json\/wp\/v2\/categories?post=913"},{"taxonomy":"post_tag","embeddable":true,"href":"https:\/\/www.caravanas.net\/noticias\/wp-json\/wp\/v2\/tags?post=913"}],"curies":[{"name":"wp","href":"https:\/\/api.w.org\/{rel}","templated":true}]}}