{"id":4966,"date":"2023-05-15T20:16:27","date_gmt":"2023-05-15T18:16:27","guid":{"rendered":"https:\/\/www.caravanas.net\/noticias\/?p=4966"},"modified":"2023-05-16T23:56:50","modified_gmt":"2023-05-16T21:56:50","slug":"autocaravana-integral-marcas","status":"publish","type":"post","link":"https:\/\/www.caravanas.net\/noticias\/autocaravana-integral-marcas\/","title":{"rendered":"Autocaravana Integral: Espacio y Confort para viajar"},"content":{"rendered":"<p><span style=\"font-weight: 400;\">Los amantes del autocaravaning adem\u00e1s de la libertad y flexibilidad, <strong>aprecian la comodidad y el espacio<\/strong>, y en esto, el <a href=\"https:\/\/www.caravanas.net\/noticias\/que-autocaravana-elegir\/\">tipo de autocaravana<\/a> es clave.<\/span><\/p>\n<p><span style=\"font-weight: 400;\">Aunque suele suceder que <strong>las autocaravanas m\u00e1s c\u00f3modas tambi\u00e9n son las m\u00e1s caras,<\/strong> consideradas de gama alta, como lo son las autocaravanas integrales.<\/span><\/p>\n<p><span style=\"font-weight: 400;\">El <strong>precio de las autocaravanas integrales<\/strong> nuevas (colecci\u00f3n 2023) suele estar entre 70.000\u20ac a 200.000\u20ac, e incluso m\u00e1s si son autocaravanas de lujo.\u00a0<\/span><\/p>\n<p><span style=\"font-weight: 400;\">Ahora, si quieres hacer una inversi\u00f3n menos elevada y no te importa que est\u00e9 usada, te recomendamos mirar una\u00a0<\/span><strong><a href=\"https:\/\/www.caravanas.net\/search\/autocaravana-integral\/segunda-mano\">autocaravana integral de segunda mano <\/a>o una de ocasi\u00f3n, <\/strong><span style=\"font-weight: 400;\">que pueden tener un precio por debajo de los 50.000\u20ac.<\/span><\/p>\n<p><span style=\"font-weight: 400;\">Pero no te preocupes, para cumplir tu sue\u00f1o de tener este grandioso veh\u00edculo, aqu\u00ed veremos algunas opciones de <strong>autocaravanas integrales nuevas 0 km para este 2023 <\/strong>y a buen precio.\u00a0<\/span><\/p>\n<p><span style=\"font-weight: 400;\">Pero antes te contamos por qu\u00e9 elegir una autocaravana integral y qu\u00e9 marcas venden estos veh\u00edculos recreativos en Europa.<\/span><\/p>\n<h2><\/h2>\n<p><!--more--><\/p>\n<h2><span style=\"font-weight: 400;\">\u00bfPor qu\u00e9 elegir una autocaravana integral?<\/span><\/h2>\n<p><span style=\"font-weight: 400;\">Este tipo de veh\u00edculo ofrece una amplia gama de comodidades y facilidades, que proporcionan un <strong>alto nivel de confort en los viajes.<\/strong><\/span><\/p>\n<p><span style=\"font-weight: 400;\">Las autocaravanas integrales son veh\u00edculos de alta gama con dise\u00f1os integrales y aerodin\u00e1micos, que ofrecen una <strong>gran cantidad de espacio y comodidades para vivir y viajar.\u00a0<\/strong><\/span><\/p>\n<p><span style=\"font-weight: 400;\">Estos veh\u00edculos suelen estar <strong>bien equipados<\/strong> con cocinas completas, cuartos de ba\u00f1o con ducha y WC, camas c\u00f3modas, sistemas de calefacci\u00f3n y aire acondicionado, sistemas de entretenimiento y mucho m\u00e1s.<\/span><\/p>\n<p>La marca de chasis m\u00e1s utilizada en las autocaravanas integrales es la marca Fiat, espec\u00edficamente el <a href=\"https:\/\/www.caravanas.net\/noticias\/fiat-ducato-la-mejor-base-para-furgonetas-camper\/\">modelo Fiat Ducato<\/a>. Tambi\u00e9n se utilizan otros chasis, como los de Mercedes Benz y Iveco, pero en menor medida.<\/p>\n<h2><\/h2>\n<p>&nbsp;<\/p>\n<h2><span style=\"font-weight: 400;\">Marcas que venden autocaravanas integrales en Europa<\/span><\/h2>\n<p>Dentro de las <a href=\"https:\/\/www.caravanas.net\/noticias\/que-marca-de-caravana-y-autocaravana-elegir\/\">marcas de autocaravanas<\/a> podremos encontrar algunas low-cost, aunque el precio final depender\u00e1 del modelo y la configuraci\u00f3n que el cliente elija.<\/p>\n<p>Sin embargo, hay marcas conocidas por tener modelos m\u00e1s asequibles, como <strong>Itineo, Etrusco,\u00a0Blucamp y<\/strong>\u00a0<strong>McLouis <\/strong>que ofrecen una buena relaci\u00f3n calidad-precio.<\/p>\n<p>Por otro lado, marcas como <strong>Hymer, Carthago, Concorde, Niesmann Bischoff y Frankia<\/strong> se consideran de gama alta, por lo que sus modelos suelen ser m\u00e1s costosos.<\/p>\n<p>En general, los precios de las autocaravanas pueden variar significativamente seg\u00fan las especificaciones y opciones de personalizaci\u00f3n elegidas, por lo que es importante hacer una investigaci\u00f3n detallada antes de tomar una decisi\u00f3n de compra.<\/p>\n<p>A continuaci\u00f3n te dejamos una tabla con algunas de las marcas que fabrican autocaravanas integrales en Europa y el nombre de la gama que corresponde, para que puedas buscar de manera f\u00e1cil.<\/p>\n<table>\n<tbody>\n<tr>\n<td><strong>Marcas que fabrican autocaravanas integrales<\/strong><\/td>\n<td><strong>Pa\u00eds<\/strong><\/td>\n<td><strong>Gama (Colecci\u00f3n 2023)<\/strong><\/td>\n<\/tr>\n<tr>\n<td><span style=\"font-weight: 400;\">Benimar<\/span><\/td>\n<td><span style=\"font-weight: 400;\">Espa\u00f1a<\/span><\/td>\n<td><span style=\"font-weight: 400;\">Amphitryon<\/span><\/td>\n<\/tr>\n<tr>\n<td><span style=\"font-weight: 400;\">Ilusion<\/span><\/td>\n<td><span style=\"font-weight: 400;\">Espa\u00f1a<\/span><\/td>\n<td><span style=\"font-weight: 400;\">I.lux<\/span><\/td>\n<\/tr>\n<tr>\n<td><span style=\"font-weight: 400;\">Adria<\/span><\/td>\n<td><span style=\"font-weight: 400;\">Eslovenia<\/span><\/td>\n<td><span style=\"font-weight: 400;\">Sonic y Supersonic<\/span><\/td>\n<\/tr>\n<tr>\n<td><span style=\"font-weight: 400;\">Carthago<\/span><\/td>\n<td><span style=\"font-weight: 400;\">Alemania<\/span><\/td>\n<td><span style=\"font-weight: 400;\">C-Compactline, C-Tourer, Chic C-Line, Chic E-Line, Chic S-Line, Chic S-Plus, Liner For Two<\/span><\/td>\n<\/tr>\n<tr>\n<td><span style=\"font-weight: 400;\">Concorde<\/span><\/td>\n<td><span style=\"font-weight: 400;\">Alemania<\/span><\/td>\n<td><span style=\"font-weight: 400;\">Credo, Carver, Charisma y Centurion Daily<\/span><\/td>\n<\/tr>\n<tr>\n<td><span style=\"font-weight: 400;\">Frankia<\/span><\/td>\n<td><span style=\"font-weight: 400;\">Alemania<\/span><\/td>\n<td><span style=\"font-weight: 400;\">Platin, M-Line, Titan, F-Line<\/span><\/td>\n<\/tr>\n<tr>\n<td><span style=\"font-weight: 400;\">Dethleffs<\/span><\/td>\n<td><span style=\"font-weight: 400;\">Alemania<\/span><\/td>\n<td><span style=\"font-weight: 400;\">Globebus, Trend y Pulse<\/span><\/td>\n<\/tr>\n<tr>\n<td><span style=\"font-weight: 400;\">Knaus<\/span><\/td>\n<td><span style=\"font-weight: 400;\">Alemania<\/span><\/td>\n<td><span style=\"font-weight: 400;\">VAN I, L!VE I y SUN I<\/span><\/td>\n<\/tr>\n<tr>\n<td><span style=\"font-weight: 400;\">Hymer<\/span><\/td>\n<td><span style=\"font-weight: 400;\">Alemania<\/span><\/td>\n<td><span style=\"font-weight: 400;\">Exsis-i, MasterLine I, ModernComfort I<\/span><\/td>\n<\/tr>\n<tr>\n<td><span style=\"font-weight: 400;\">Niesmann Bischoff<\/span><\/td>\n<td><span style=\"font-weight: 400;\">Alemania<\/span><\/td>\n<td><span style=\"font-weight: 400;\">iSMOVE, ARTO, FLAIR<\/span><\/td>\n<\/tr>\n<tr>\n<td><span style=\"font-weight: 400;\">Sunlight<\/span><\/td>\n<td><span style=\"font-weight: 400;\">Alemania<\/span><\/td>\n<td><span style=\"font-weight: 400;\">I67S, I68, I69L<\/span><\/td>\n<\/tr>\n<tr>\n<td><span style=\"font-weight: 400;\">Weinsberg<\/span><\/td>\n<td><span style=\"font-weight: 400;\">Alemania<\/span><\/td>\n<td><span style=\"font-weight: 400;\">CaraCore<\/span><\/td>\n<\/tr>\n<tr>\n<td><span style=\"font-weight: 400;\">Pilote<\/span><\/td>\n<td><span style=\"font-weight: 400;\">Francia<\/span><\/td>\n<td><span style=\"font-weight: 400;\">Galaxy<\/span><\/td>\n<\/tr>\n<tr>\n<td><span style=\"font-weight: 400;\">Rapido<\/span><\/td>\n<td><span style=\"font-weight: 400;\">Francia<\/span><\/td>\n<td><span style=\"font-weight: 400;\">8F, 80dF, Distinction, M<\/span><\/td>\n<\/tr>\n<tr>\n<td><span style=\"font-weight: 400;\">Autostar<\/span><\/td>\n<td><span style=\"font-weight: 400;\">Francia<\/span><\/td>\n<td><span style=\"font-weight: 400;\">Privil\u00e8ge, Passion y Prestige<\/span><\/td>\n<\/tr>\n<tr>\n<td><span style=\"font-weight: 400;\">Itineo<\/span><\/td>\n<td><span style=\"font-weight: 400;\">Francia<\/span><\/td>\n<td><span style=\"font-weight: 400;\">CM660, CJ660, CS660, SB700, MC740, JC740, SB740 y Spirit Edition<\/span><\/td>\n<\/tr>\n<tr>\n<td><span style=\"font-weight: 400;\">Roller Team<\/span><\/td>\n<td><span style=\"font-weight: 400;\">Italia<\/span><\/td>\n<td><span style=\"font-weight: 400;\">Zefiro (267, 284, 287)<\/span><\/td>\n<\/tr>\n<tr>\n<td><span style=\"font-weight: 400;\">Etrusco<\/span><\/td>\n<td><span style=\"font-weight: 400;\">Italia<\/span><\/td>\n<td><span style=\"font-weight: 400;\">I Fiat<\/span><\/td>\n<\/tr>\n<tr>\n<td><span style=\"font-weight: 400;\">Blucamp<\/span><\/td>\n<td><span style=\"font-weight: 400;\">Italia<\/span><\/td>\n<td><span style=\"font-weight: 400;\">Ocean 725<\/span><\/td>\n<\/tr>\n<tr>\n<td><span style=\"font-weight: 400;\">McLouis<\/span><\/td>\n<td><span style=\"font-weight: 400;\">Italia<\/span><\/td>\n<td><span style=\"font-weight: 400;\">Nevis<\/span><\/td>\n<\/tr>\n<tr>\n<td><span style=\"font-weight: 400;\">Laika<\/span><\/td>\n<td><span style=\"font-weight: 400;\">Italia<\/span><\/td>\n<td><span style=\"font-weight: 400;\">Laika y Ecovip<\/span><\/td>\n<\/tr>\n<tr>\n<td><span style=\"font-weight: 400;\">Mobilvetta<\/span><\/td>\n<td><span style=\"font-weight: 400;\">Italia<\/span><\/td>\n<td><span style=\"font-weight: 400;\">K-YACHT TECKNO LINE, KEA I<\/span><\/td>\n<\/tr>\n<\/tbody>\n<\/table>\n<p>&nbsp;<\/p>\n<h2>Autocaravanas Integrales 0 km y a buen precio<\/h2>\n<p>A continuaci\u00f3n te detallo los modelos que hemos encontrado con una mejor relaci\u00f3n calidad &#8211; precio. Tambi\u00e9n te recomendamos <a href=\"https:\/\/www.caravanas.net\/search\/autocaravana-integral\/nuevo?limit=20&amp;sort_by=price_asc&amp;year_from=2020&amp;year_to=2022\">buscar autocaravanas integrales nuevas por menos de 70.000\u20ac<\/a> pero de colecciones pasadas (2020, 2021 y 2022).<\/p>\n<h3><b>Itineo<\/b> MC740<img data-recalc-dims=\"1\" decoding=\"async\" class=\"alignnone size-full wp-image-4982\" src=\"https:\/\/i0.wp.com\/www.caravanas.net\/noticias\/wp-content\/uploads\/2023\/05\/autocaravana-Itineo-MC740-integral.jpg?resize=1170%2C805&#038;ssl=1\" alt=\"autocaravana Itineo MC740 integral\" width=\"1170\" height=\"805\" srcset=\"https:\/\/i0.wp.com\/www.caravanas.net\/noticias\/wp-content\/uploads\/2023\/05\/autocaravana-Itineo-MC740-integral.jpg?w=1253&amp;ssl=1 1253w, https:\/\/i0.wp.com\/www.caravanas.net\/noticias\/wp-content\/uploads\/2023\/05\/autocaravana-Itineo-MC740-integral.jpg?resize=300%2C206&amp;ssl=1 300w, https:\/\/i0.wp.com\/www.caravanas.net\/noticias\/wp-content\/uploads\/2023\/05\/autocaravana-Itineo-MC740-integral.jpg?resize=1024%2C704&amp;ssl=1 1024w, https:\/\/i0.wp.com\/www.caravanas.net\/noticias\/wp-content\/uploads\/2023\/05\/autocaravana-Itineo-MC740-integral.jpg?resize=768%2C528&amp;ssl=1 768w, https:\/\/i0.wp.com\/www.caravanas.net\/noticias\/wp-content\/uploads\/2023\/05\/autocaravana-Itineo-MC740-integral.jpg?resize=1170%2C805&amp;ssl=1 1170w, https:\/\/i0.wp.com\/www.caravanas.net\/noticias\/wp-content\/uploads\/2023\/05\/autocaravana-Itineo-MC740-integral.jpg?resize=585%2C402&amp;ssl=1 585w\" sizes=\"(max-width: 1170px) 100vw, 1170px\" \/><\/h3>\n<p><span style=\"font-weight: 400;\">Es una autocaravana integral que destaca por su espaciosa cama isla XXL de 160 x 195 cm, ofreciendo m\u00e1ximo confort para descansar durante tus viajes.\u00a0<\/span><\/p>\n<p><span style=\"font-weight: 400;\">Adem\u00e1s, cuenta con un amplio espacio de sal\u00f3n abierto con asientos frente a frente, ideal para relajarse y disfrutar de momentos sociales.\u00a0<\/span><\/p>\n<p><span style=\"font-weight: 400;\">Otra caracter\u00edstica destacada es su gran garaje, proporcionando un amplio espacio de almacenamiento para llevar todo lo necesario.\u00a0<\/span><\/p>\n<p><span style=\"font-weight: 400;\">Por \u00faltimo, su gran cuarto de ba\u00f1o separado con ducha y WC independientes garantiza comodidad y privacidad en tus momentos de aseo.<\/span><\/p>\n<ul>\n<li><span style=\"font-weight: 400;\">Plazas \/dormitorios : 4\/4<\/span><\/li>\n<li><span style=\"font-weight: 400;\">MMA : 3.500 kg<\/span><\/li>\n<li><span style=\"font-weight: 400;\">Longitud | Anchura | Altura cm : 742 \/ 234 \/ 299<\/span><\/li>\n<li><span style=\"font-weight: 400;\">Precio : desde 74.000 \u20ac<\/span><\/li>\n<\/ul>\n<p>&nbsp;<\/p>\n<h3><b>Etrusco I 6900 SB<\/b><\/h3>\n<p><img data-recalc-dims=\"1\" decoding=\"async\" class=\"alignnone size-full wp-image-4986\" src=\"https:\/\/i0.wp.com\/www.caravanas.net\/noticias\/wp-content\/uploads\/2023\/05\/autocaravana-integral-Etrusco-I-6900-SB-1.jpg?resize=1170%2C416&#038;ssl=1\" alt=\"autocaravana integral Etrusco I 6900 SB\" width=\"1170\" height=\"416\" srcset=\"https:\/\/i0.wp.com\/www.caravanas.net\/noticias\/wp-content\/uploads\/2023\/05\/autocaravana-integral-Etrusco-I-6900-SB-1.jpg?w=1227&amp;ssl=1 1227w, https:\/\/i0.wp.com\/www.caravanas.net\/noticias\/wp-content\/uploads\/2023\/05\/autocaravana-integral-Etrusco-I-6900-SB-1.jpg?resize=300%2C107&amp;ssl=1 300w, https:\/\/i0.wp.com\/www.caravanas.net\/noticias\/wp-content\/uploads\/2023\/05\/autocaravana-integral-Etrusco-I-6900-SB-1.jpg?resize=1024%2C364&amp;ssl=1 1024w, https:\/\/i0.wp.com\/www.caravanas.net\/noticias\/wp-content\/uploads\/2023\/05\/autocaravana-integral-Etrusco-I-6900-SB-1.jpg?resize=768%2C273&amp;ssl=1 768w, https:\/\/i0.wp.com\/www.caravanas.net\/noticias\/wp-content\/uploads\/2023\/05\/autocaravana-integral-Etrusco-I-6900-SB-1.jpg?resize=1170%2C416&amp;ssl=1 1170w, https:\/\/i0.wp.com\/www.caravanas.net\/noticias\/wp-content\/uploads\/2023\/05\/autocaravana-integral-Etrusco-I-6900-SB-1.jpg?resize=585%2C208&amp;ssl=1 585w\" sizes=\"(max-width: 1170px) 100vw, 1170px\" \/><\/p>\n<p><span style=\"font-weight: 400;\">Es una autocaravana que ofrece comodidad y funcionalidad. Con camas gemelas y un ba\u00f1o completo con ducha, brinda espacio y privacidad.\u00a0<\/span><\/p>\n<p><span style=\"font-weight: 400;\">Adem\u00e1s, cuenta con una cama basculante sobre la cabina de conducci\u00f3n y una iluminaci\u00f3n led en su interior.\u00a0<\/span><\/p>\n<p><span style=\"font-weight: 400;\">La zona de la cocina est\u00e1 equipada con armarios que cuentan con el sistema Soft-Close, asegurando un cierre suave y silencioso.<\/span><\/p>\n<ul>\n<li><span style=\"font-weight: 400;\">Plazas \/dormitorios : 4\/4<\/span><\/li>\n<li><span style=\"font-weight: 400;\">MMA : 3.500 kg<\/span><\/li>\n<li><span style=\"font-weight: 400;\">Longitud | Anchura | Altura cm : 695 \/ 232 \/ 295<\/span><\/li>\n<li><span style=\"font-weight: 400;\">Precio : desde 76.335 \u20ac<\/span><\/li>\n<\/ul>\n<p><span style=\"font-weight: 400;\"><style type=\"text\/css\">.text-truncate { overflow: hidden; text-overflow: ellipsis; white-space: nowrap; }.flex-row { display: flex; flex-wrap: wrap; margin-right: -15px; margin-left: -15px; }.flex-col { flex-basis: 0; flex-grow: 1; max-width: 100%; position: relative; width: 100%; padding-right: 15px; padding-left: 15px; }.ads-list { display: flex !important; flex-wrap: wrap; margin-right: -15px; margin-left: -15px; }@media (min-width: 768px) { .ad-pill-box { flex: 0 0 33.3333333333%; max-width: 33.3333333333%; } }.ad-pill-box { position: relative; width: 100%; padding-right: 15px; padding-left: 15px; margin-bottom: 1rem; }.ad-pill { height: 100%!important; padding: 1.25rem !important; border-radius: .5rem!important; border: 1px solid #48ca7c !important; }.ad-pill .rounded { border-radius: .5rem !important; }.ad-pill .shadow-sm { box-shadow: 0 .125rem .25rem rgba(25,33,40,.075) !important; }.ad-pill .ad-image { background: 50% no-repeat; background-size: contain; min-height: 129px; display: block; position: relative;  color: #343a40 !important; margin-bottom: 1rem !important; border-radius: .5rem !important; }.ad-pill .ad-image-price { bottom: 0.5rem; left: 0.5rem; display: inline-block; position: absolute; background: #fff; padding: 0 0.5em; }.ad-pill .ad-title { font-size: 1.25rem; margin-bottom: 0.5rem; }.ad-pill .text-muted { color: #a3a3a3 !important; line-height: 1.3; margin-bottom: 1rem; }.ad-pill .bg-light { background: #f0f1f2; border-radius: .5rem; padding: 5px; text-align: center; margin-bottom: 1rem; }.ad-pill .btn-primary { display: block; background: #48ca7c; border-radius: .5rem; padding: 5px; text-align: center; color: #fff !important; text-decoration: none !important; }.ad-pill .btn-primary:hover { background: #2c9958; }<\/style><div class=\"ads-list\" style=\"display: flex !important\"><div class=\"ad-pill-box\"><div class=\"ad-pill\"><a href=\"https:\/\/www.caravanas.net\/ad\/15193\/fiat-pilote-city-van\" class=\"ad-image rounded mb-4\" style=\"background-image: url('https:\/\/caravanas.fra1.cdn.digitaloceanspaces.com\/public\/129770\/conversions\/617156344_10240094957782543_7789731869471011788_n-web.jpg');\"><div class=\"ad-image-price d-inline-block bg-white rounded py-1 px-3 position-absolute shadow-sm\"><div class=\"price-amount big\">29.900 \u20ac<\/div><\/div><\/a><div class=\"ad-title text-truncate\">Fiat Pilote city-van<\/div><div class=\"mb-4 text-muted\">Est\u00e1 homologada para viajar 4 y dormir 2Caracter\u00edsticas y equipamiento\ud83d\udc47\u00b7 Modelo City-Van...<\/div><div class=\"details mb-3\"><div class=\"flex-row\"><div class=\"flex-col\"><div class=\"text-center bg-light rounded py-2\">4 viajar<\/div><\/div><div class=\"flex-col\"><div class=\"text-center bg-light rounded py-2\">1 dormir<\/div><\/div><\/div><\/div><div class=\"flex-row\"><div class=\"flex-col\"><a href=\"https:\/\/www.caravanas.net\/ad\/15193\/fiat-pilote-city-van\" target=\"_blank\" class=\"btn btn-block btn-primary\">Contactar<\/a><\/div><div class=\"flex-col\"><a href=\"https:\/\/www.caravanas.net\/ad\/15193\/fiat-pilote-city-van\" target=\"_blank\" class=\"btn-primary\">+ info<\/a><\/div><\/div><\/div><\/div><div class=\"ad-pill-box\"><div class=\"ad-pill\"><a href=\"https:\/\/www.caravanas.net\/ad\/15189\/mclouis-nevis-273\" class=\"ad-image rounded mb-4\" style=\"background-image: url('https:\/\/caravanas.fra1.cdn.digitaloceanspaces.com\/public\/129728\/conversions\/1-web.jpg');\"><div class=\"ad-image-price d-inline-block bg-white rounded py-1 px-3 position-absolute shadow-sm\"><div class=\"price-label\">A consultar<\/div><\/div><\/a><div class=\"ad-title text-truncate\">McLouis Nevis 273<\/div><div class=\"mb-4 text-muted\">Datos del veh\u00edculo:Modelo: McLouis Nevis 273 (Integral)Base: Fiat DucatoMotor: 140 CV \/...<\/div><div class=\"details mb-3\"><div class=\"flex-row\"><div class=\"flex-col\"><div class=\"text-center bg-light rounded py-2\">4 viajar<\/div><\/div><div class=\"flex-col\"><div class=\"text-center bg-light rounded py-2\">4 dormir<\/div><\/div><\/div><\/div><div class=\"flex-row\"><div class=\"flex-col\"><a href=\"https:\/\/www.caravanas.net\/ad\/15189\/mclouis-nevis-273\" target=\"_blank\" class=\"btn btn-block btn-primary\">Contactar<\/a><\/div><div class=\"flex-col\"><a href=\"https:\/\/www.caravanas.net\/ad\/15189\/mclouis-nevis-273\" target=\"_blank\" class=\"btn-primary\">+ info<\/a><\/div><\/div><\/div><\/div><div class=\"ad-pill-box\"><div class=\"ad-pill\"><a href=\"https:\/\/www.caravanas.net\/ad\/15181\/burstner-viseo-i694\" class=\"ad-image rounded mb-4\" style=\"background-image: url('https:\/\/caravanas.fra1.cdn.digitaloceanspaces.com\/public\/129647\/conversions\/photo_6012639393757203700_y-web.jpg');\"><div class=\"ad-image-price d-inline-block bg-white rounded py-1 px-3 position-absolute shadow-sm\"><div class=\"price-amount big\">44.900 \u20ac<\/div><\/div><\/a><div class=\"ad-title text-truncate\">B\u00fcrstner Viseo i694<\/div><div class=\"mb-4 text-muted\">\ud83d\ude90 AUTOCARAVANA BURSTNER VISEO i697 \u2013 AUTONOM\u00cdA TOTAL \u2013 7M \u2013 LISTA...<\/div><div class=\"details mb-3\"><div class=\"flex-row\"><div class=\"flex-col\"><div class=\"text-center bg-light rounded py-2\">4 viajar<\/div><\/div><div class=\"flex-col\"><div class=\"text-center bg-light rounded py-2\">4 dormir<\/div><\/div><\/div><\/div><div class=\"flex-row\"><div class=\"flex-col\"><a href=\"https:\/\/www.caravanas.net\/ad\/15181\/burstner-viseo-i694\" target=\"_blank\" class=\"btn btn-block btn-primary\">Contactar<\/a><\/div><div class=\"flex-col\"><a href=\"https:\/\/www.caravanas.net\/ad\/15181\/burstner-viseo-i694\" target=\"_blank\" class=\"btn-primary\">+ info<\/a><\/div><\/div><\/div><\/div><\/div>\u00a0<\/span><\/p>\n<p>Buscando las autocaravanas integrales nos hemos dado cuenta que muchas marcas han dejado de producirlas, y han optado por fabricar modelos compactos y un poco m\u00e1s econ\u00f3micos.<\/p>\n<p>Tambi\u00e9n hemos visto la falta de stock de estos veh\u00edculos en muchas webs de concesionarios, puede que la oferta mejore los pr\u00f3ximos a\u00f1os, pero de momento no es nada f\u00e1cil encontrar una autocaravana integral y a\u00fan menos, que sea barata.<\/p>\n<p>\u00bfQu\u00e9 opinas t\u00fa, seguir\u00e1 el descenso de la fabricaci\u00f3n de este tipo de autocaravana?<\/p>\n","protected":false},"excerpt":{"rendered":"<p>Los amantes del autocaravaning adem\u00e1s de la libertad y flexibilidad, aprecian la comodidad y el espacio, y en esto, el tipo de autocaravana es&hellip;<\/p>\n","protected":false},"author":3,"featured_media":4983,"comment_status":"open","ping_status":"open","sticky":false,"template":"","format":"standard","meta":{"_jetpack_memberships_contains_paid_content":false,"footnotes":""},"categories":[19],"tags":[],"class_list":["post-4966","post","type-post","status-publish","format-standard","has-post-thumbnail","hentry","category-modelos"],"aioseo_notices":[],"jetpack_featured_media_url":"https:\/\/i0.wp.com\/www.caravanas.net\/noticias\/wp-content\/uploads\/2023\/05\/autocaravana-integral.jpg?fit=2560%2C1365&ssl=1","jetpack_sharing_enabled":true,"_links":{"self":[{"href":"https:\/\/www.caravanas.net\/noticias\/wp-json\/wp\/v2\/posts\/4966","targetHints":{"allow":["GET"]}}],"collection":[{"href":"https:\/\/www.caravanas.net\/noticias\/wp-json\/wp\/v2\/posts"}],"about":[{"href":"https:\/\/www.caravanas.net\/noticias\/wp-json\/wp\/v2\/types\/post"}],"author":[{"embeddable":true,"href":"https:\/\/www.caravanas.net\/noticias\/wp-json\/wp\/v2\/users\/3"}],"replies":[{"embeddable":true,"href":"https:\/\/www.caravanas.net\/noticias\/wp-json\/wp\/v2\/comments?post=4966"}],"version-history":[{"count":0,"href":"https:\/\/www.caravanas.net\/noticias\/wp-json\/wp\/v2\/posts\/4966\/revisions"}],"wp:featuredmedia":[{"embeddable":true,"href":"https:\/\/www.caravanas.net\/noticias\/wp-json\/wp\/v2\/media\/4983"}],"wp:attachment":[{"href":"https:\/\/www.caravanas.net\/noticias\/wp-json\/wp\/v2\/media?parent=4966"}],"wp:term":[{"taxonomy":"category","embeddable":true,"href":"https:\/\/www.caravanas.net\/noticias\/wp-json\/wp\/v2\/categories?post=4966"},{"taxonomy":"post_tag","embeddable":true,"href":"https:\/\/www.caravanas.net\/noticias\/wp-json\/wp\/v2\/tags?post=4966"}],"curies":[{"name":"wp","href":"https:\/\/api.w.org\/{rel}","templated":true}]}}