{"id":4832,"date":"2023-04-02T19:53:14","date_gmt":"2023-04-02T17:53:14","guid":{"rendered":"https:\/\/www.caravanas.net\/noticias\/?p=4832"},"modified":"2023-04-02T19:53:14","modified_gmt":"2023-04-02T17:53:14","slug":"pueblos-con-encanto-y-poco-conocidos-en-espana","status":"publish","type":"post","link":"https:\/\/www.caravanas.net\/noticias\/pueblos-con-encanto-y-poco-conocidos-en-espana\/","title":{"rendered":"7 Pueblos con encanto y poco conocidos de Espa\u00f1a para ir en autocaravana"},"content":{"rendered":"<p><b>Semana Santa 2023<\/b><span style=\"font-weight: 400;\"> ya est\u00e1 aqu\u00ed, <\/span><b>del 1 al 9 de abril<\/b><span style=\"font-weight: 400;\"> tenemos una semana completa para disfrutar de estos d\u00edas de primavera que nos regala.\u00a0<\/span><\/p>\n<p><span style=\"font-weight: 400;\">Sin embargo, los <\/span><a href=\"https:\/\/www.caravanas.net\/noticias\/destinos-semana-santa\/\"><span style=\"font-weight: 400;\">destinos de Semana Santa <\/span><\/a><span style=\"font-weight: 400;\">m\u00e1s buscados siempre son los primeros en llenarse, lo que resulta frustrante para quienes viajan en autocaravana, caravana o camper.<\/span><\/p>\n<p>Las \u00e1reas de autocaravanas se ocupan temprano por la ma\u00f1ana, los campings suelen reservarse con meses de anticipaci\u00f3n o te encuentras haciendo cola para entrar a alg\u00fan lugar tur\u00edstico, lo que supone una p\u00e9rdida de tiempo.<\/p>\n<p>Realmente, unas vacaciones as\u00ed nadie las quiere, \u00bfverdad? Por eso hoy te traemos una lista de <strong>7 pueblos con encanto en Espa\u00f1a, que adem\u00e1s son poco conocidos y econ\u00f3micos, y cuentan con mucha naturaleza.<\/strong><\/p>\n<p><!--more--><\/p>\n<h2><\/h2>\n<h2>1. Oj\u00e9n, M\u00e1laga<img data-recalc-dims=\"1\" decoding=\"async\" class=\"alignnone size-full wp-image-4836\" src=\"https:\/\/i0.wp.com\/www.caravanas.net\/noticias\/wp-content\/uploads\/2023\/04\/Ojen-Malaga.jpg?resize=1170%2C624&#038;ssl=1\" alt=\"Oj\u00e9n, M\u00e1laga\" width=\"1170\" height=\"624\" \/><\/h2>\n<p><span style=\"font-weight: 400;\">Es un destino tur\u00edstico econ\u00f3mico, rodeado de naturaleza y con varias opciones para hacer actividades al aire libre y visitar en autocaravana. <\/span><\/p>\n<p><span style=\"font-weight: 400;\">Es un lugar ideal para aquellos que quieren disfrutar de la cultura local, hacer senderismo y desconectar de la rutina diaria en un ambiente tranquilo y aut\u00e9ntico de pueblo andaluz.<\/span><\/p>\n<p>&nbsp;<\/p>\n<h2>2. Pr\u00e1dena del Rinc\u00f3n , Madrid<\/h2>\n<p><span style=\"font-weight: 400;\">Est\u00e1 situado entre la sierra de Somosierra y el macizo de Ayll\u00f3n. Pertenece a la sierra del Rinc\u00f3n, declarada Reserva de la Biosfera por la UNESCO. Hay muchas sendas para hacer a pie o en bicicleta, algunas de ellas se\u00f1alizadas y que pasan por la ca\u00f1ada de las Merinas, un antiguo camino de pastoreo.<\/span><\/p>\n<p><span style=\"font-weight: 400;\">Sin embargo, es importante tener en cuenta que el acceso en autocaravana al municipio puede ser complicado, ya que hay carreteras estrechas y con curvas pronunciadas.<\/span><\/p>\n<p>&nbsp;<\/p>\n<h2>3. Meranges, Catalunya<\/h2>\n<p><span style=\"font-weight: 400;\">Es un peque\u00f1o pueblo situado en el Pirineo catal\u00e1n, cerca de la frontera con Francia. Se encuentra en un entorno natural privilegiado, rodeado de monta\u00f1as y bosques de hayas y robles. <\/span><\/p>\n<p><span style=\"font-weight: 400;\">Con apenas unos pocos habitantes, conserva su encanto r\u00fastico y tradicional. Se pueden realizar diversas actividades al aire libre, como senderismo, esqu\u00ed, bicicleta de monta\u00f1a o pesca en el r\u00edo que atraviesa el pueblo. <\/span><\/p>\n<p><span style=\"font-weight: 400;\">Adem\u00e1s, cuenta con una iglesia rom\u00e1nica del siglo XII, que es uno de sus principales atractivos tur\u00edsticos. Es un lugar ideal para quienes buscan tranquilidad y contacto con la naturaleza.<\/span><\/p>\n<p>&nbsp;<\/p>\n<h2>4. Pe\u00f1alba de Santiago, Le\u00f3n<img data-recalc-dims=\"1\" decoding=\"async\" class=\"alignnone size-full wp-image-4837\" src=\"https:\/\/i0.wp.com\/www.caravanas.net\/noticias\/wp-content\/uploads\/2023\/04\/Penalba-de-Santiago-Leon.jpg?resize=1170%2C624&#038;ssl=1\" alt=\"Pe\u00f1alba de Santiago, Le\u00f3n\" width=\"1170\" height=\"624\" srcset=\"https:\/\/i0.wp.com\/www.caravanas.net\/noticias\/wp-content\/uploads\/2023\/04\/Penalba-de-Santiago-Leon.jpg?w=2560&amp;ssl=1 2560w, https:\/\/i0.wp.com\/www.caravanas.net\/noticias\/wp-content\/uploads\/2023\/04\/Penalba-de-Santiago-Leon.jpg?resize=300%2C160&amp;ssl=1 300w, https:\/\/i0.wp.com\/www.caravanas.net\/noticias\/wp-content\/uploads\/2023\/04\/Penalba-de-Santiago-Leon.jpg?resize=1024%2C546&amp;ssl=1 1024w, https:\/\/i0.wp.com\/www.caravanas.net\/noticias\/wp-content\/uploads\/2023\/04\/Penalba-de-Santiago-Leon.jpg?resize=768%2C410&amp;ssl=1 768w, https:\/\/i0.wp.com\/www.caravanas.net\/noticias\/wp-content\/uploads\/2023\/04\/Penalba-de-Santiago-Leon.jpg?resize=1536%2C819&amp;ssl=1 1536w, https:\/\/i0.wp.com\/www.caravanas.net\/noticias\/wp-content\/uploads\/2023\/04\/Penalba-de-Santiago-Leon.jpg?resize=2048%2C1092&amp;ssl=1 2048w, https:\/\/i0.wp.com\/www.caravanas.net\/noticias\/wp-content\/uploads\/2023\/04\/Penalba-de-Santiago-Leon.jpg?resize=1920%2C1024&amp;ssl=1 1920w, https:\/\/i0.wp.com\/www.caravanas.net\/noticias\/wp-content\/uploads\/2023\/04\/Penalba-de-Santiago-Leon.jpg?resize=1170%2C624&amp;ssl=1 1170w, https:\/\/i0.wp.com\/www.caravanas.net\/noticias\/wp-content\/uploads\/2023\/04\/Penalba-de-Santiago-Leon.jpg?resize=585%2C312&amp;ssl=1 585w, https:\/\/i0.wp.com\/www.caravanas.net\/noticias\/wp-content\/uploads\/2023\/04\/Penalba-de-Santiago-Leon.jpg?w=2340&amp;ssl=1 2340w\" sizes=\"(max-width: 1170px) 100vw, 1170px\" \/><\/h2>\n<p><span style=\"font-weight: 400;\">Es un hermoso pueblo situado en la <\/span><b>regi\u00f3n de El Bierzo, en Le\u00f3n<\/b><span style=\"font-weight: 400;\">, que cuenta con una gran cantidad de naturaleza y actividades al aire libre para disfrutar.<\/span><\/p>\n<p><span style=\"font-weight: 400;\">Adem\u00e1s, cuenta con parking para autocaravanas y campings que ofrecen todos los servicios necesarios para una estancia c\u00f3moda y agradable. <\/span><\/p>\n<p><span style=\"font-weight: 400;\">Sin duda, es un lugar que no te dejar\u00e1 indiferente y que te permitir\u00e1 desconectar de la rutina y disfrutar de la belleza del paisaje.<\/span><\/p>\n<p>&nbsp;<\/p>\n<h2>5. Trujillo, Extremadura<img data-recalc-dims=\"1\" decoding=\"async\" class=\"alignnone size-full wp-image-4838\" src=\"https:\/\/i0.wp.com\/www.caravanas.net\/noticias\/wp-content\/uploads\/2023\/04\/Trujillo-Extremadura.jpg?resize=1170%2C624&#038;ssl=1\" alt=\"Trujillo, Extremadura\" width=\"1170\" height=\"624\" srcset=\"https:\/\/i0.wp.com\/www.caravanas.net\/noticias\/wp-content\/uploads\/2023\/04\/Trujillo-Extremadura.jpg?w=2560&amp;ssl=1 2560w, https:\/\/i0.wp.com\/www.caravanas.net\/noticias\/wp-content\/uploads\/2023\/04\/Trujillo-Extremadura.jpg?resize=300%2C160&amp;ssl=1 300w, https:\/\/i0.wp.com\/www.caravanas.net\/noticias\/wp-content\/uploads\/2023\/04\/Trujillo-Extremadura.jpg?resize=1024%2C546&amp;ssl=1 1024w, https:\/\/i0.wp.com\/www.caravanas.net\/noticias\/wp-content\/uploads\/2023\/04\/Trujillo-Extremadura.jpg?resize=768%2C410&amp;ssl=1 768w, https:\/\/i0.wp.com\/www.caravanas.net\/noticias\/wp-content\/uploads\/2023\/04\/Trujillo-Extremadura.jpg?resize=1536%2C819&amp;ssl=1 1536w, https:\/\/i0.wp.com\/www.caravanas.net\/noticias\/wp-content\/uploads\/2023\/04\/Trujillo-Extremadura.jpg?resize=2048%2C1092&amp;ssl=1 2048w, https:\/\/i0.wp.com\/www.caravanas.net\/noticias\/wp-content\/uploads\/2023\/04\/Trujillo-Extremadura.jpg?resize=1920%2C1024&amp;ssl=1 1920w, https:\/\/i0.wp.com\/www.caravanas.net\/noticias\/wp-content\/uploads\/2023\/04\/Trujillo-Extremadura.jpg?resize=1170%2C624&amp;ssl=1 1170w, https:\/\/i0.wp.com\/www.caravanas.net\/noticias\/wp-content\/uploads\/2023\/04\/Trujillo-Extremadura.jpg?resize=585%2C312&amp;ssl=1 585w, https:\/\/i0.wp.com\/www.caravanas.net\/noticias\/wp-content\/uploads\/2023\/04\/Trujillo-Extremadura.jpg?w=2340&amp;ssl=1 2340w\" sizes=\"(max-width: 1170px) 100vw, 1170px\" \/><\/h2>\n<p><span style=\"font-weight: 400;\">Este pueblo hist\u00f3rico es famoso por su impresionante Plaza Mayor, su castillo y sus casas se\u00f1oriales. Adem\u00e1s, est\u00e1 rodeado de hermosas colinas y es un punto de partida ideal para explorar el Parque Natural de Monfrag\u00fce. <\/span><\/p>\n<p><span style=\"font-weight: 400;\">Tambi\u00e9n es conocido por su gastronom\u00eda, con platos t\u00edpicos como el revuelto de esp\u00e1rragos trigueros o el cochinillo asado.<\/span><\/p>\n<p>&nbsp;<\/p>\n<h2>6. Hernani, Pa\u00eds Vasco<\/h2>\n<p><span style=\"font-weight: 400;\">Es un destino tur\u00edstico econ\u00f3mico, situado en la provincia de Guip\u00fazcoa. Rodeado de naturaleza y con varias opciones para visitar en autocaravana. <\/span><\/p>\n<p><span style=\"font-weight: 400;\">Tambi\u00e9n cuenta con numerosas rutas de senderismo y ciclismo que permiten disfrutar de la naturaleza de la zona. Hernani es un destino ideal para aquellos que buscan un ambiente tranquilo y aut\u00e9ntico en el Pa\u00eds Vasco.<\/span><\/p>\n<p>&nbsp;<\/p>\n<h2>7. Alcal\u00e1 del J\u00facar, Castilla-La Mancha<img data-recalc-dims=\"1\" decoding=\"async\" class=\"alignnone size-full wp-image-4835\" src=\"https:\/\/i0.wp.com\/www.caravanas.net\/noticias\/wp-content\/uploads\/2023\/04\/Alcala-del-Jucar-Castilla-La-Mancha.jpg?resize=1170%2C624&#038;ssl=1\" alt=\"Alcal\u00e1 del J\u00facar, Castilla-La Mancha\" width=\"1170\" height=\"624\" srcset=\"https:\/\/i0.wp.com\/www.caravanas.net\/noticias\/wp-content\/uploads\/2023\/04\/Alcala-del-Jucar-Castilla-La-Mancha.jpg?w=2560&amp;ssl=1 2560w, https:\/\/i0.wp.com\/www.caravanas.net\/noticias\/wp-content\/uploads\/2023\/04\/Alcala-del-Jucar-Castilla-La-Mancha.jpg?resize=300%2C160&amp;ssl=1 300w, https:\/\/i0.wp.com\/www.caravanas.net\/noticias\/wp-content\/uploads\/2023\/04\/Alcala-del-Jucar-Castilla-La-Mancha.jpg?resize=1024%2C546&amp;ssl=1 1024w, https:\/\/i0.wp.com\/www.caravanas.net\/noticias\/wp-content\/uploads\/2023\/04\/Alcala-del-Jucar-Castilla-La-Mancha.jpg?resize=768%2C410&amp;ssl=1 768w, https:\/\/i0.wp.com\/www.caravanas.net\/noticias\/wp-content\/uploads\/2023\/04\/Alcala-del-Jucar-Castilla-La-Mancha.jpg?resize=1536%2C819&amp;ssl=1 1536w, https:\/\/i0.wp.com\/www.caravanas.net\/noticias\/wp-content\/uploads\/2023\/04\/Alcala-del-Jucar-Castilla-La-Mancha.jpg?resize=2048%2C1092&amp;ssl=1 2048w, https:\/\/i0.wp.com\/www.caravanas.net\/noticias\/wp-content\/uploads\/2023\/04\/Alcala-del-Jucar-Castilla-La-Mancha.jpg?resize=1920%2C1024&amp;ssl=1 1920w, https:\/\/i0.wp.com\/www.caravanas.net\/noticias\/wp-content\/uploads\/2023\/04\/Alcala-del-Jucar-Castilla-La-Mancha.jpg?resize=1170%2C624&amp;ssl=1 1170w, https:\/\/i0.wp.com\/www.caravanas.net\/noticias\/wp-content\/uploads\/2023\/04\/Alcala-del-Jucar-Castilla-La-Mancha.jpg?resize=585%2C312&amp;ssl=1 585w, https:\/\/i0.wp.com\/www.caravanas.net\/noticias\/wp-content\/uploads\/2023\/04\/Alcala-del-Jucar-Castilla-La-Mancha.jpg?w=2340&amp;ssl=1 2340w\" sizes=\"(max-width: 1170px) 100vw, 1170px\" \/><\/h2>\n<p><span style=\"font-weight: 400;\">Ubicado en la provincia de Albacete. Destaca por su espectacular ubicaci\u00f3n en la ladera de una monta\u00f1a, con un impresionante castillo y casas cueva excavadas en la roca. <\/span><\/p>\n<p><span style=\"font-weight: 400;\">Ofrece diversas actividades al aire libre, como senderismo, paseos en kayak o rutas en bicicleta. Adem\u00e1s, cuenta con varios bares y restaurantes donde se pueden degustar platos t\u00edpicos de la regi\u00f3n, como el gazpacho manchego o el cordero asado. <\/span><\/p>\n<p><span style=\"font-weight: 400;\">Es posible visitar Alcal\u00e1 del J\u00facar en autocaravana, aunque el acceso al casco antiguo puede resultar algo complicado debido a la estrechez de las calles.<\/span><\/p>\n<p><span style=\"font-weight: 400;\"><style type=\"text\/css\">.text-truncate { overflow: hidden; text-overflow: ellipsis; white-space: nowrap; }.flex-row { display: flex; flex-wrap: wrap; margin-right: -15px; margin-left: -15px; }.flex-col { flex-basis: 0; flex-grow: 1; max-width: 100%; position: relative; width: 100%; padding-right: 15px; padding-left: 15px; }.ads-list { display: flex !important; flex-wrap: wrap; margin-right: -15px; margin-left: -15px; }@media (min-width: 768px) { .ad-pill-box { flex: 0 0 33.3333333333%; max-width: 33.3333333333%; } }.ad-pill-box { position: relative; width: 100%; padding-right: 15px; padding-left: 15px; margin-bottom: 1rem; }.ad-pill { height: 100%!important; padding: 1.25rem !important; border-radius: .5rem!important; border: 1px solid #48ca7c !important; }.ad-pill .rounded { border-radius: .5rem !important; }.ad-pill .shadow-sm { box-shadow: 0 .125rem .25rem rgba(25,33,40,.075) !important; }.ad-pill .ad-image { background: 50% no-repeat; background-size: contain; min-height: 129px; display: block; position: relative;  color: #343a40 !important; margin-bottom: 1rem !important; border-radius: .5rem !important; }.ad-pill .ad-image-price { bottom: 0.5rem; left: 0.5rem; display: inline-block; position: absolute; background: #fff; padding: 0 0.5em; }.ad-pill .ad-title { font-size: 1.25rem; margin-bottom: 0.5rem; }.ad-pill .text-muted { color: #a3a3a3 !important; line-height: 1.3; margin-bottom: 1rem; }.ad-pill .bg-light { background: #f0f1f2; border-radius: .5rem; padding: 5px; text-align: center; margin-bottom: 1rem; }.ad-pill .btn-primary { display: block; background: #48ca7c; border-radius: .5rem; padding: 5px; text-align: center; color: #fff !important; text-decoration: none !important; }.ad-pill .btn-primary:hover { background: #2c9958; }<\/style><div class=\"ads-list\" style=\"display: flex !important\"><div class=\"ad-pill-box\"><div class=\"ad-pill\"><a href=\"https:\/\/www.caravanas.net\/ad\/15196\/weinsberg-caraone-400-lk\" class=\"ad-image rounded mb-4\" style=\"background-image: url('https:\/\/caravanas.fra1.cdn.digitaloceanspaces.com\/public\/129812\/conversions\/IMG_0549-web.jpg');\"><div class=\"ad-image-price d-inline-block bg-white rounded py-1 px-3 position-absolute shadow-sm\"><div class=\"price-amount big\">18.400 \u20ac<\/div><\/div><\/a><div class=\"ad-title text-truncate\">Weinsberg CARAONE 400 LK<\/div><div class=\"mb-4 text-muted\">WEINSBERG CARAONE 400 LK, a\u00f1o Agosto  2019, seminueva, sal\u00f3n convertible en cama...<\/div><div class=\"details mb-3\"><div class=\"flex-row\"><div class=\"flex-col\"><div class=\"text-center bg-light rounded py-2\">4 viajar<\/div><\/div><div class=\"flex-col\"><div class=\"text-center bg-light rounded py-2\">4 dormir<\/div><\/div><\/div><\/div><div class=\"flex-row\"><div class=\"flex-col\"><a href=\"https:\/\/www.caravanas.net\/ad\/15196\/weinsberg-caraone-400-lk\" target=\"_blank\" class=\"btn btn-block btn-primary\">Contactar<\/a><\/div><div class=\"flex-col\"><a href=\"https:\/\/www.caravanas.net\/ad\/15196\/weinsberg-caraone-400-lk\" target=\"_blank\" class=\"btn-primary\">+ info<\/a><\/div><\/div><\/div><\/div><div class=\"ad-pill-box\"><div class=\"ad-pill\"><a href=\"https:\/\/www.caravanas.net\/ad\/15195\/knaus-sport-500-qdk\" class=\"ad-image rounded mb-4\" style=\"background-image: url('https:\/\/caravanas.fra1.cdn.digitaloceanspaces.com\/public\/129785\/conversions\/IMG_0537-web.jpg');\"><div class=\"ad-image-price d-inline-block bg-white rounded py-1 px-3 position-absolute shadow-sm\"><div class=\"price-amount big\">29.290 \u20ac<\/div><\/div><\/a><div class=\"ad-title text-truncate\">Knaus SPORT 500 QDK<\/div><div class=\"mb-4 text-muted\">Caracter\u00edsticas:Marca                 KnausModelo               Sport 500 QDKTipo                     3 ambientesAntig\u00fcedad      NuevaPlazas                  6Distribuci\u00f3n     Cama delantera, cama...<\/div><div class=\"details mb-3\"><div class=\"flex-row\"><div class=\"flex-col\"><div class=\"text-center bg-light rounded py-2\">6 viajar<\/div><\/div><div class=\"flex-col\"><div class=\"text-center bg-light rounded py-2\">6 dormir<\/div><\/div><\/div><\/div><div class=\"flex-row\"><div class=\"flex-col\"><a href=\"https:\/\/www.caravanas.net\/ad\/15195\/knaus-sport-500-qdk\" target=\"_blank\" class=\"btn btn-block btn-primary\">Contactar<\/a><\/div><div class=\"flex-col\"><a href=\"https:\/\/www.caravanas.net\/ad\/15195\/knaus-sport-500-qdk\" target=\"_blank\" class=\"btn-primary\">+ info<\/a><\/div><\/div><\/div><\/div><div class=\"ad-pill-box\"><div class=\"ad-pill\"><a href=\"https:\/\/www.caravanas.net\/ad\/15194\/carado-cve-600\" class=\"ad-image rounded mb-4\" style=\"background-image: url('https:\/\/caravanas.fra1.cdn.digitaloceanspaces.com\/public\/129774\/conversions\/8c8023fd-7da6-4fe3-b519-56e5570b-web.jpg');\"><div class=\"ad-image-price d-inline-block bg-white rounded py-1 px-3 position-absolute shadow-sm\"><div class=\"price-amount big\">49.990 \u20ac<\/div><\/div><\/a><div class=\"ad-title text-truncate\">Carado CVE 600<\/div><div class=\"mb-4 text-muted\">Fantastica Camper CARADO montada sobre base FIat Ducato 2.3 de 140cv, con...<\/div><div class=\"details mb-3\"><div class=\"flex-row\"><div class=\"flex-col\"><div class=\"text-center bg-light rounded py-2\">4 viajar<\/div><\/div><div class=\"flex-col\"><div class=\"text-center bg-light rounded py-2\">4 dormir<\/div><\/div><\/div><\/div><div class=\"flex-row\"><div class=\"flex-col\"><a href=\"https:\/\/www.caravanas.net\/ad\/15194\/carado-cve-600\" target=\"_blank\" class=\"btn btn-block btn-primary\">Contactar<\/a><\/div><div class=\"flex-col\"><a href=\"https:\/\/www.caravanas.net\/ad\/15194\/carado-cve-600\" target=\"_blank\" class=\"btn-primary\">+ info<\/a><\/div><\/div><\/div><\/div><\/div><\/span><\/p>\n<p><span style=\"font-weight: 400;\">En conclusi\u00f3n, Espa\u00f1a tiene una gran cantidad de <\/span><a href=\"https:\/\/www.caravanas.net\/noticias\/pueblos-con-encanto-de-cataluna-para-visitar-en-autocaravana\/\"><span style=\"font-weight: 400;\">pueblos con encanto<\/span><\/a><span style=\"font-weight: 400;\"> que son ideales para visitar en autocaravana.\u00a0<\/span><\/p>\n<p><span style=\"font-weight: 400;\">Estos 7 pueblos poco conocidos en Espa\u00f1a son perfectos para visitar en autocaravana y disfrutar de su encanto y naturaleza.\u00a0<\/span><\/p>\n<p><span style=\"font-weight: 400;\">Desde el pueblo medieval de Trujillo en Extremadura hasta la aldea de Meranges en Catalu\u00f1a, cada uno de ellos tiene su propia historia y atractivos tur\u00edsticos.\u00a0<\/span><\/p>\n<p><span style=\"font-weight: 400;\">Si buscas escapar del turismo masivo y descubrir lugares aut\u00e9nticos, estos pueblos son una excelente opci\u00f3n.<\/span><\/p>\n<p><span style=\"font-weight: 400;\">\u00bfCu\u00e1l nos recomendar\u00edas t\u00fa?<\/span><\/p>\n<p>&nbsp;<\/p>\n","protected":false},"excerpt":{"rendered":"<p>Semana Santa 2023 ya est\u00e1 aqu\u00ed, del 1 al 9 de abril tenemos una semana completa para disfrutar de estos d\u00edas de primavera que&hellip;<\/p>\n","protected":false},"author":3,"featured_media":4834,"comment_status":"open","ping_status":"open","sticky":false,"template":"","format":"standard","meta":{"_jetpack_memberships_contains_paid_content":false,"footnotes":""},"categories":[20],"tags":[],"class_list":["post-4832","post","type-post","status-publish","format-standard","has-post-thumbnail","hentry","category-rutas"],"aioseo_notices":[],"jetpack_featured_media_url":"https:\/\/i0.wp.com\/www.caravanas.net\/noticias\/wp-content\/uploads\/2023\/04\/1.jpg?fit=2560%2C1365&ssl=1","jetpack_sharing_enabled":true,"_links":{"self":[{"href":"https:\/\/www.caravanas.net\/noticias\/wp-json\/wp\/v2\/posts\/4832","targetHints":{"allow":["GET"]}}],"collection":[{"href":"https:\/\/www.caravanas.net\/noticias\/wp-json\/wp\/v2\/posts"}],"about":[{"href":"https:\/\/www.caravanas.net\/noticias\/wp-json\/wp\/v2\/types\/post"}],"author":[{"embeddable":true,"href":"https:\/\/www.caravanas.net\/noticias\/wp-json\/wp\/v2\/users\/3"}],"replies":[{"embeddable":true,"href":"https:\/\/www.caravanas.net\/noticias\/wp-json\/wp\/v2\/comments?post=4832"}],"version-history":[{"count":0,"href":"https:\/\/www.caravanas.net\/noticias\/wp-json\/wp\/v2\/posts\/4832\/revisions"}],"wp:featuredmedia":[{"embeddable":true,"href":"https:\/\/www.caravanas.net\/noticias\/wp-json\/wp\/v2\/media\/4834"}],"wp:attachment":[{"href":"https:\/\/www.caravanas.net\/noticias\/wp-json\/wp\/v2\/media?parent=4832"}],"wp:term":[{"taxonomy":"category","embeddable":true,"href":"https:\/\/www.caravanas.net\/noticias\/wp-json\/wp\/v2\/categories?post=4832"},{"taxonomy":"post_tag","embeddable":true,"href":"https:\/\/www.caravanas.net\/noticias\/wp-json\/wp\/v2\/tags?post=4832"}],"curies":[{"name":"wp","href":"https:\/\/api.w.org\/{rel}","templated":true}]}}