{"id":4541,"date":"2023-02-10T19:06:16","date_gmt":"2023-02-10T17:06:16","guid":{"rendered":"https:\/\/www.caravanas.net\/noticias\/?p=4541"},"modified":"2023-02-13T14:56:01","modified_gmt":"2023-02-13T12:56:01","slug":"cascadas-mas-bonitas-en-espana","status":"publish","type":"post","link":"https:\/\/www.caravanas.net\/noticias\/cascadas-mas-bonitas-en-espana\/","title":{"rendered":"Explora las mejores cascadas en Espa\u00f1a para visitar en autocaravana o caravana"},"content":{"rendered":"<p><span style=\"font-weight: 400;\">Todo amante del senderismo y la naturaleza sabe que una ruta que incluya una cascada, salto de agua o catarata ser\u00e1 el <\/span><b>punto c\u00falmine de la traves\u00eda.<\/b><\/p>\n<p><span style=\"font-weight: 400;\">Y es que estas bellezas naturales pueden recargarte de energ\u00eda en un instante, el ruido y el entorno hacen de estos lugares \u00fanicos y preciados.<\/span><\/p>\n<p><b>En Espa\u00f1a no hay una cifra exacta de cascadas y saltos,<\/b><span style=\"font-weight: 400;\"> ya que hay muchas y en cada comunidad aut\u00f3noma se pueden encontrar.\u00a0<\/span><\/p>\n<p><span style=\"font-weight: 400;\">Pero si est\u00e1s en busca de<\/span><b> la cascada m\u00e1s grande de Espa\u00f1a<\/b><span style=\"font-weight: 400;\">, debes ir a la frontera entre Burgos y \u00c1lava, all\u00ed se encuentra el Salto del Nervi\u00f3n con una altura de 220 metros.\u00a0<\/span><\/p>\n<p>&nbsp;<\/p>\n<h2><span style=\"font-weight: 400;\">\u00bfCu\u00e1ndo es el mejor momento para ver cascadas y saltos de agua?<\/span><\/h2>\n<p><!--more--><\/p>\n<p><span style=\"font-weight: 400;\">Sin duda es mejor ver las cascadas y saltos de agua cuando m\u00e1s agua tienen y su caudal aumenta, as\u00ed ser\u00e1 m\u00e1s espectacular la ca\u00edda.\u00a0<\/span><\/p>\n<p><span style=\"font-weight: 400;\">Y eso sucede poco <\/span><b>despu\u00e9s de la temporada de lluvias y nevadas<\/b><span style=\"font-weight: 400;\">. Cuando comienza el deshielo a finales del invierno y comienzos de la primavera. Aunque tambi\u00e9n depender\u00e1 del tipo de ca\u00edda de agua que sea.<\/span><\/p>\n<p>Sin embargo al ser zonas muy demandadas es aconsejable ir en temporada baja y evitar los fines de semana. As\u00ed tendremos m\u00e1s oportunidades de encontrar una \u00e1rea para aparcar.<\/p>\n<p><span style=\"font-weight: 400;\">Para facilitar tu b\u00fasqueda las hemos separado por zona, a continuaci\u00f3n te explicamos d\u00f3nde puedes encontrar cascadas y saltos de agua en Espa\u00f1a, comenzando por el norte (iremos actualizando este listado para ir incluyendo el resto de zonas):<\/span><\/p>\n<p>&nbsp;<\/p>\n<h3><span style=\"font-weight: 400;\">Cascada de \u00c9zaro o Fervenza do r\u00edo Xallas<img data-recalc-dims=\"1\" decoding=\"async\" class=\"alignnone size-full wp-image-4542\" src=\"https:\/\/i0.wp.com\/www.caravanas.net\/noticias\/wp-content\/uploads\/2023\/02\/Cascada-de-Ezaro.jpg?resize=1170%2C668&#038;ssl=1\" alt=\"Cascada de \u00c9zaro o Fervenza do r\u00edo Xallas\" width=\"1170\" height=\"668\" srcset=\"https:\/\/i0.wp.com\/www.caravanas.net\/noticias\/wp-content\/uploads\/2023\/02\/Cascada-de-Ezaro.jpg?w=2000&amp;ssl=1 2000w, https:\/\/i0.wp.com\/www.caravanas.net\/noticias\/wp-content\/uploads\/2023\/02\/Cascada-de-Ezaro.jpg?resize=300%2C171&amp;ssl=1 300w, https:\/\/i0.wp.com\/www.caravanas.net\/noticias\/wp-content\/uploads\/2023\/02\/Cascada-de-Ezaro.jpg?resize=1024%2C585&amp;ssl=1 1024w, https:\/\/i0.wp.com\/www.caravanas.net\/noticias\/wp-content\/uploads\/2023\/02\/Cascada-de-Ezaro.jpg?resize=768%2C439&amp;ssl=1 768w, https:\/\/i0.wp.com\/www.caravanas.net\/noticias\/wp-content\/uploads\/2023\/02\/Cascada-de-Ezaro.jpg?resize=1536%2C877&amp;ssl=1 1536w, https:\/\/i0.wp.com\/www.caravanas.net\/noticias\/wp-content\/uploads\/2023\/02\/Cascada-de-Ezaro.jpg?resize=1920%2C1096&amp;ssl=1 1920w, https:\/\/i0.wp.com\/www.caravanas.net\/noticias\/wp-content\/uploads\/2023\/02\/Cascada-de-Ezaro.jpg?resize=1170%2C668&amp;ssl=1 1170w, https:\/\/i0.wp.com\/www.caravanas.net\/noticias\/wp-content\/uploads\/2023\/02\/Cascada-de-Ezaro.jpg?resize=585%2C334&amp;ssl=1 585w\" sizes=\"(max-width: 1170px) 100vw, 1170px\" \/><\/span><\/h3>\n<p><span style=\"font-weight: 400;\">Si est\u00e1s de<\/span><a href=\"https:\/\/www.caravanas.net\/noticias\/ruta-en-autocaravana-por-galicia-en-7-dias\/\"><span style=\"font-weight: 400;\"> ruta por Galicia<\/span><\/a><span style=\"font-weight: 400;\"> no dejes de ver esta cascada o <strong>fervenza como le llaman en gallego<\/strong>. <\/span><span style=\"font-weight: 400;\">Est\u00e1 situada en el municipio de <strong>Dumbr\u00eda<\/strong>, provincia de La Coru\u00f1a, en la desembocadura del r\u00edo Xallas.<\/span><\/p>\n<p><span style=\"font-weight: 400;\">Como curiosidad es <strong>la \u00fanica cascada de Europa que cae sobre el mar<\/strong>, en el oc\u00e9ano Atl\u00e1ntico.<\/span><\/p>\n<p><span style=\"font-weight: 400;\">Altura total: 40 m<\/span><\/p>\n<p><span style=\"font-weight: 400;\">D\u00f3nde aparcar:\u00a0<\/span><\/p>\n<ul>\n<li style=\"font-weight: 400;\" aria-level=\"1\"><span style=\"font-weight: 400;\">\u00c9zaro, parking gratuito<\/span><\/li>\n<li style=\"font-weight: 400;\" aria-level=\"1\"><span style=\"font-weight: 400;\">\u00c1rea autocaravanas, Unnamed Road, 15295, A Coru\u00f1a a 17 min de la cascada.<\/span><\/li>\n<li style=\"font-weight: 400;\" aria-level=\"1\"><span style=\"font-weight: 400;\">Mirador de \u00c9zaro (estacionamento)<\/span><\/li>\n<\/ul>\n<p>&nbsp;<\/p>\n<h3><span style=\"font-weight: 400;\">Cascada o Tabay\u00f3n del Mongallu<\/span><\/h3>\n<p><span style=\"font-weight: 400;\">\u201cTabay\u00f3n\u201d significa cascada en la lengua bable, un antiguo dialecto de origen celta que se habla <strong>en Asturias.<\/strong><\/span><\/p>\n<p><span style=\"font-weight: 400;\">La cascada se encuentra dentro del <strong>Parque Natural de Redes<\/strong>, as\u00ed que la ruta en s\u00ed est\u00e1 llena de sorpresas atravesando un bosque de hayas.<\/span><\/p>\n<p><span style=\"font-weight: 400;\">El pueblo m\u00e1s cercano a la cascada es Tarna, en donde se puede estacionar y desde all\u00ed realizar la ruta hacia la cascada.<\/span><\/p>\n<p><span style=\"font-weight: 400;\">Altura total: 60 m<\/span><\/p>\n<p><span style=\"font-weight: 400;\">D\u00f3nde aparcar:\u00a0<\/span><\/p>\n<ul>\n<li style=\"font-weight: 400;\" aria-level=\"1\"><span style=\"font-weight: 400;\">\u00c1rea autocaravanas, 33990 Campo de Caso, Asturias a 25 min de Tarna<\/span><\/li>\n<li style=\"font-weight: 400;\" aria-level=\"1\"><span style=\"font-weight: 400;\">\u00c1rea autocaravanas, C. la Iglesia, 18, 24996 Acebedo, Castilla y Le\u00f3n a 24 min de Tarna.<\/span><\/li>\n<li style=\"font-weight: 400;\" aria-level=\"1\"><span style=\"font-weight: 400;\">Camping Los Arrudos Redes Aventura Caleao. Camino de los Arrudos, 150, 33995 Caleao, Asturias<\/span><\/li>\n<\/ul>\n<p>&nbsp;<\/p>\n<h3><span style=\"font-weight: 400;\">Cascada Nacimiento del r\u00edo As\u00f3n, <\/span><a href=\"https:\/\/www.caravanas.net\/noticias\/ruta-por-cantabria-en-autocaravana\/\"><span style=\"font-weight: 400;\">Cantabria<\/span><\/a><\/h3>\n<p><span style=\"font-weight: 400;\">Es una impresionante cascada <strong>tambi\u00e9n conocida como Cailagua<\/strong>, accesible a trav\u00e9s de los 7 km de la Senda del As\u00f3n.\u00a0<\/span><\/p>\n<p><span style=\"font-weight: 400;\">La ruta comienza en la localidad de As\u00f3n y atraviesa el <\/span><b>Parque Natural de los Collados del As\u00f3n (Valle de Soba)<\/b><span style=\"font-weight: 400;\"> un bosque de hayas, abedules y encinar cant\u00e1brico que parece sacado de un cuento de hadas.<\/span><\/p>\n<p><span style=\"font-weight: 400;\">Es uno de los itinerarios de senderismo m\u00e1s populares de Cantabria, pero puede ser un poco dif\u00edcil para ni\u00f1os peque\u00f1os debido a la dificultad en algunas secciones.<\/span><\/p>\n<p><span style=\"font-weight: 400;\">Se puede llegar hasta el sendero en coche y dejarlo estacionado al inicio del camino, cerca de Las Casucas del As\u00f3n.<\/span><\/p>\n<p><span style=\"font-weight: 400;\">Altura total: 70 m<\/span><\/p>\n<p><span style=\"font-weight: 400;\">D\u00f3nde aparcar:\u00a0<\/span><\/p>\n<ul>\n<li><span style=\"font-weight: 400;\">\u00c1rea Recreativa del Puente de Socueva<\/span><\/li>\n<li><span style=\"font-weight: 400;\">\u00c1rea Recreativa de la G\u00e1ndara<\/span><\/li>\n<\/ul>\n<p>&nbsp;<\/p>\n<h3><span style=\"font-weight: 400;\">Salto del Nervi\u00f3n, \u00c1lava \/ Burgos<img data-recalc-dims=\"1\" decoding=\"async\" class=\"alignnone size-full wp-image-4543\" src=\"https:\/\/i0.wp.com\/www.caravanas.net\/noticias\/wp-content\/uploads\/2023\/02\/Salto-del-Nervion-Alava-_-Burgos.jpg?resize=1170%2C668&#038;ssl=1\" alt=\"la cascada m\u00e1s grande de Espa\u00f1a\" width=\"1170\" height=\"668\" srcset=\"https:\/\/i0.wp.com\/www.caravanas.net\/noticias\/wp-content\/uploads\/2023\/02\/Salto-del-Nervion-Alava-_-Burgos.jpg?w=2000&amp;ssl=1 2000w, https:\/\/i0.wp.com\/www.caravanas.net\/noticias\/wp-content\/uploads\/2023\/02\/Salto-del-Nervion-Alava-_-Burgos.jpg?resize=300%2C171&amp;ssl=1 300w, https:\/\/i0.wp.com\/www.caravanas.net\/noticias\/wp-content\/uploads\/2023\/02\/Salto-del-Nervion-Alava-_-Burgos.jpg?resize=1024%2C585&amp;ssl=1 1024w, https:\/\/i0.wp.com\/www.caravanas.net\/noticias\/wp-content\/uploads\/2023\/02\/Salto-del-Nervion-Alava-_-Burgos.jpg?resize=768%2C439&amp;ssl=1 768w, https:\/\/i0.wp.com\/www.caravanas.net\/noticias\/wp-content\/uploads\/2023\/02\/Salto-del-Nervion-Alava-_-Burgos.jpg?resize=1536%2C877&amp;ssl=1 1536w, https:\/\/i0.wp.com\/www.caravanas.net\/noticias\/wp-content\/uploads\/2023\/02\/Salto-del-Nervion-Alava-_-Burgos.jpg?resize=1920%2C1096&amp;ssl=1 1920w, https:\/\/i0.wp.com\/www.caravanas.net\/noticias\/wp-content\/uploads\/2023\/02\/Salto-del-Nervion-Alava-_-Burgos.jpg?resize=1170%2C668&amp;ssl=1 1170w, https:\/\/i0.wp.com\/www.caravanas.net\/noticias\/wp-content\/uploads\/2023\/02\/Salto-del-Nervion-Alava-_-Burgos.jpg?resize=585%2C334&amp;ssl=1 585w\" sizes=\"(max-width: 1170px) 100vw, 1170px\" \/><\/span><\/h3>\n<p><span style=\"font-weight: 400;\">Como ya hab\u00edamos comentado este salto de agua <\/span><b>es el m\u00e1s grande de Espa\u00f1a<\/b><span style=\"font-weight: 400;\">, se encuentra en el <\/span><b>municipio alav\u00e9s de Amurrio <\/b><span style=\"font-weight: 400;\">cerca del l\u00edmite con la provincia de Burgos.\u00a0<\/span><\/p>\n<p><span style=\"font-weight: 400;\">El salto del Nervi\u00f3n se sit\u00faa dentro del <\/span><b>Parque Natural del Monte Santiago<\/b><span style=\"font-weight: 400;\">. Adem\u00e1s se encuentra muy cerca del Parque Natural de Gorbeia.<\/span><\/p>\n<p><span style=\"font-weight: 400;\">Se pueden hacer diferentes rutas de senderismo y visitar alguno de sus miradores, dependiendo si queremos visitarlo desde la altura o desde abajo.\u00a0<\/span><\/p>\n<ol>\n<li style=\"font-weight: 400;\" aria-level=\"1\"><span style=\"font-weight: 400;\">Desde Berberana, Burgos ( Ruta m\u00e1s sencilla para visitar el salto del Nervi\u00f3n)<\/span><\/li>\n<li style=\"font-weight: 400;\" aria-level=\"1\"><span style=\"font-weight: 400;\">Desde Ordu\u00f1a ( Desde \u00c1lava y Vizcaya se accede al parque subiendo el puerto de Ordu\u00f1a )\u00a0<\/span><\/li>\n<li style=\"font-weight: 400;\" aria-level=\"1\"><span style=\"font-weight: 400;\">Desde Delika\u00a0 (Desde esta localidad se llega a el salto del Nervi\u00f3n desde la parte baja del parque hasta llegar a la base de la cascada).<\/span><\/li>\n<li style=\"font-weight: 400;\" aria-level=\"1\"><span style=\"font-weight: 400;\">Desde Untzaga a Amurrio (Ruta que nos lleva a ver de frente la cascada del salto del Nervi\u00f3n).<\/span><\/li>\n<\/ol>\n<p><span style=\"font-weight: 400;\">Altura total: 220 m<\/span><\/p>\n<p><span style=\"font-weight: 400;\">D\u00f3nde aparcar:\u00a0<\/span><\/p>\n<ul>\n<li><span style=\"font-weight: 400;\">\u00c1rea de autocaravanas de Amurrio\u00a0<\/span><\/li>\n<li><span style=\"font-weight: 400;\">\u00c1rea de autocaravanas de Vitoria<\/span><\/li>\n<\/ul>\n<p>&nbsp;<\/p>\n<h3><span style=\"font-weight: 400;\">Cascada Cola de Caballo, Huesca<img data-recalc-dims=\"1\" decoding=\"async\" class=\"alignnone size-full wp-image-4544\" src=\"https:\/\/i0.wp.com\/www.caravanas.net\/noticias\/wp-content\/uploads\/2023\/02\/Cascada-Cola-de-Caballo-Huesca.jpg?resize=1170%2C668&#038;ssl=1\" alt=\"Cascada Cola de Caballo, Huesca\" width=\"1170\" height=\"668\" srcset=\"https:\/\/i0.wp.com\/www.caravanas.net\/noticias\/wp-content\/uploads\/2023\/02\/Cascada-Cola-de-Caballo-Huesca.jpg?w=2000&amp;ssl=1 2000w, https:\/\/i0.wp.com\/www.caravanas.net\/noticias\/wp-content\/uploads\/2023\/02\/Cascada-Cola-de-Caballo-Huesca.jpg?resize=300%2C171&amp;ssl=1 300w, https:\/\/i0.wp.com\/www.caravanas.net\/noticias\/wp-content\/uploads\/2023\/02\/Cascada-Cola-de-Caballo-Huesca.jpg?resize=1024%2C585&amp;ssl=1 1024w, https:\/\/i0.wp.com\/www.caravanas.net\/noticias\/wp-content\/uploads\/2023\/02\/Cascada-Cola-de-Caballo-Huesca.jpg?resize=768%2C439&amp;ssl=1 768w, https:\/\/i0.wp.com\/www.caravanas.net\/noticias\/wp-content\/uploads\/2023\/02\/Cascada-Cola-de-Caballo-Huesca.jpg?resize=1536%2C877&amp;ssl=1 1536w, https:\/\/i0.wp.com\/www.caravanas.net\/noticias\/wp-content\/uploads\/2023\/02\/Cascada-Cola-de-Caballo-Huesca.jpg?resize=1920%2C1096&amp;ssl=1 1920w, https:\/\/i0.wp.com\/www.caravanas.net\/noticias\/wp-content\/uploads\/2023\/02\/Cascada-Cola-de-Caballo-Huesca.jpg?resize=1170%2C668&amp;ssl=1 1170w, https:\/\/i0.wp.com\/www.caravanas.net\/noticias\/wp-content\/uploads\/2023\/02\/Cascada-Cola-de-Caballo-Huesca.jpg?resize=585%2C334&amp;ssl=1 585w\" sizes=\"(max-width: 1170px) 100vw, 1170px\" \/><\/span><\/h3>\n<p><span style=\"font-weight: 400;\">Es una de las cascadas m\u00e1s bellas del Pirineo y de las m\u00e1s visitadas. Se encuentra en el Parque Nacional de Ordesa y Monte Perdido.<\/span><\/p>\n<p><span style=\"font-weight: 400;\">La ruta para llegar a ella es de 20 km ida y vuelta (3 horas aprox. sin descansar) con poco desnivel y de f\u00e1cil acceso, la puede hacer toda la familia.<\/span><\/p>\n<p><span style=\"font-weight: 400;\">Durante el camino se atraviesan bosques de hayas y se pueden ver otras cascadas como la cascada del Estrecho, de la Cueva y de Arripas.\u00a0<\/span><\/p>\n<p><span style=\"font-weight: 400;\">Para los que est\u00e9n m\u00e1s en forma se puede ir o volver por la senda del cazador.<\/span><\/p>\n<p><span style=\"font-weight: 400;\">Altura total: 54 m<\/span><\/p>\n<p><span style=\"font-weight: 400;\">D\u00f3nde aparcar:\u00a0<\/span><\/p>\n<ul>\n<li><span style=\"font-weight: 400;\">Aparcamiento de la Pradera de Ordesa<\/span><\/li>\n<\/ul>\n<p>&nbsp;<\/p>\n<h3><span style=\"font-weight: 400;\">Cascada de Orbaneja del Castillo (Burgos)<img data-recalc-dims=\"1\" decoding=\"async\" class=\"alignnone size-full wp-image-4547\" src=\"https:\/\/i0.wp.com\/www.caravanas.net\/noticias\/wp-content\/uploads\/2023\/02\/Cascadas-en-Espana-1.jpg?resize=1170%2C668&#038;ssl=1\" alt=\"Cascada de Orbaneja del Castillo (Burgos)\" width=\"1170\" height=\"668\" srcset=\"https:\/\/i0.wp.com\/www.caravanas.net\/noticias\/wp-content\/uploads\/2023\/02\/Cascadas-en-Espana-1.jpg?w=2000&amp;ssl=1 2000w, https:\/\/i0.wp.com\/www.caravanas.net\/noticias\/wp-content\/uploads\/2023\/02\/Cascadas-en-Espana-1.jpg?resize=300%2C171&amp;ssl=1 300w, https:\/\/i0.wp.com\/www.caravanas.net\/noticias\/wp-content\/uploads\/2023\/02\/Cascadas-en-Espana-1.jpg?resize=1024%2C585&amp;ssl=1 1024w, https:\/\/i0.wp.com\/www.caravanas.net\/noticias\/wp-content\/uploads\/2023\/02\/Cascadas-en-Espana-1.jpg?resize=768%2C439&amp;ssl=1 768w, https:\/\/i0.wp.com\/www.caravanas.net\/noticias\/wp-content\/uploads\/2023\/02\/Cascadas-en-Espana-1.jpg?resize=1536%2C877&amp;ssl=1 1536w, https:\/\/i0.wp.com\/www.caravanas.net\/noticias\/wp-content\/uploads\/2023\/02\/Cascadas-en-Espana-1.jpg?resize=1920%2C1096&amp;ssl=1 1920w, https:\/\/i0.wp.com\/www.caravanas.net\/noticias\/wp-content\/uploads\/2023\/02\/Cascadas-en-Espana-1.jpg?resize=1170%2C668&amp;ssl=1 1170w, https:\/\/i0.wp.com\/www.caravanas.net\/noticias\/wp-content\/uploads\/2023\/02\/Cascadas-en-Espana-1.jpg?resize=585%2C334&amp;ssl=1 585w\" sizes=\"(max-width: 1170px) 100vw, 1170px\" \/><\/span><\/h3>\n<p><span style=\"font-weight: 400;\">Uno de los paisajes m\u00e1s bellos y singulares de Burgos, un precioso torrente de agua que en su ca\u00edda divide el encantador pueblo de Orbaneja del Castillo hasta llegar al r\u00edo Ebro.<\/span><\/p>\n<p><span style=\"font-weight: 400;\">El color azul turqueza de sus aguas impresiona al visitante. Tambi\u00e9n destaca el pueblo de Orbaneja con casitas de piedra de estilo medieval y su bello casco antiguo, rodeado de cuevas.<\/span><\/p>\n<p><span style=\"font-weight: 400;\">En todo el entorno se pueden hacer numerosas excursiones, recorrer los bosques del Valle del Sedano o maravillarse con el paisaje k\u00e1rstico y visitar el ca\u00f1\u00f3n del Ebro y sus caracter\u00edsticas formas.<\/span><\/p>\n<p><span style=\"font-weight: 400;\">Altura total: 25 m<\/span><\/p>\n<p><span style=\"font-weight: 400;\">D\u00f3nde aparcar:\u00a0<\/span><\/p>\n<ul>\n<li><span style=\"font-weight: 400;\">Aparcamiento Orbaneja del Castillo BU-643<\/span><\/li>\n<\/ul>\n<p>&nbsp;<\/p>\n<h3><span style=\"font-weight: 400;\">Nacedero del Urederra, Navarra<img data-recalc-dims=\"1\" decoding=\"async\" class=\"alignnone size-full wp-image-4551\" src=\"https:\/\/i0.wp.com\/www.caravanas.net\/noticias\/wp-content\/uploads\/2023\/02\/cascadas-bonitas-en-Espana-.jpg?resize=1170%2C624&#038;ssl=1\" alt=\"cascada Nacedero del Urederra \" width=\"1170\" height=\"624\" srcset=\"https:\/\/i0.wp.com\/www.caravanas.net\/noticias\/wp-content\/uploads\/2023\/02\/cascadas-bonitas-en-Espana-.jpg?w=2560&amp;ssl=1 2560w, https:\/\/i0.wp.com\/www.caravanas.net\/noticias\/wp-content\/uploads\/2023\/02\/cascadas-bonitas-en-Espana-.jpg?resize=300%2C160&amp;ssl=1 300w, https:\/\/i0.wp.com\/www.caravanas.net\/noticias\/wp-content\/uploads\/2023\/02\/cascadas-bonitas-en-Espana-.jpg?resize=1024%2C546&amp;ssl=1 1024w, https:\/\/i0.wp.com\/www.caravanas.net\/noticias\/wp-content\/uploads\/2023\/02\/cascadas-bonitas-en-Espana-.jpg?resize=768%2C410&amp;ssl=1 768w, https:\/\/i0.wp.com\/www.caravanas.net\/noticias\/wp-content\/uploads\/2023\/02\/cascadas-bonitas-en-Espana-.jpg?resize=1536%2C819&amp;ssl=1 1536w, https:\/\/i0.wp.com\/www.caravanas.net\/noticias\/wp-content\/uploads\/2023\/02\/cascadas-bonitas-en-Espana-.jpg?resize=2048%2C1092&amp;ssl=1 2048w, https:\/\/i0.wp.com\/www.caravanas.net\/noticias\/wp-content\/uploads\/2023\/02\/cascadas-bonitas-en-Espana-.jpg?resize=1920%2C1024&amp;ssl=1 1920w, https:\/\/i0.wp.com\/www.caravanas.net\/noticias\/wp-content\/uploads\/2023\/02\/cascadas-bonitas-en-Espana-.jpg?resize=1170%2C624&amp;ssl=1 1170w, https:\/\/i0.wp.com\/www.caravanas.net\/noticias\/wp-content\/uploads\/2023\/02\/cascadas-bonitas-en-Espana-.jpg?resize=585%2C312&amp;ssl=1 585w, https:\/\/i0.wp.com\/www.caravanas.net\/noticias\/wp-content\/uploads\/2023\/02\/cascadas-bonitas-en-Espana-.jpg?w=2340&amp;ssl=1 2340w\" sizes=\"(max-width: 1170px) 100vw, 1170px\" \/><\/span><\/h3>\n<p>En esta zona se pueden hacer rutas llenas de cascadas, pozas turquesas y un bosque de hayas impresionante. Sin duda es un para\u00edso natural que te sorprender\u00e1 en cada momento.<\/p>\n<p>Con una extensi\u00f3n de 2,6 km, el recorrido comienza en Baquedano, un hermoso pueblo en el <strong>Valle de Am\u00e9scoa<\/strong>. El camino est\u00e1 se\u00f1alizado y te lleva por la <strong>Reserva Natural del Nacedero del\u00a0<\/strong><b>Urederra<\/b>, donde encontrar\u00e1s pozas y cascadas de colores intensos.<\/p>\n<p>Finalmente, alcanzar\u00e1s el nacimiento del r\u00edo con una impresionante cascada. El sendero est\u00e1 bien acondicionado con pasarelas de madera y escaleras, y es apto para toda la familia.<\/p>\n<p><span style=\"font-weight: 400;\">Altura total: 6 m<\/span><\/p>\n<style type=\"text\/css\">.text-truncate { overflow: hidden; text-overflow: ellipsis; white-space: nowrap; }.flex-row { display: flex; flex-wrap: wrap; margin-right: -15px; margin-left: -15px; }.flex-col { flex-basis: 0; flex-grow: 1; max-width: 100%; position: relative; width: 100%; padding-right: 15px; padding-left: 15px; }.ads-list { display: flex !important; flex-wrap: wrap; margin-right: -15px; margin-left: -15px; }@media (min-width: 768px) { .ad-pill-box { flex: 0 0 33.3333333333%; max-width: 33.3333333333%; } }.ad-pill-box { position: relative; width: 100%; padding-right: 15px; padding-left: 15px; margin-bottom: 1rem; }.ad-pill { height: 100%!important; padding: 1.25rem !important; border-radius: .5rem!important; border: 1px solid #48ca7c !important; }.ad-pill .rounded { border-radius: .5rem !important; }.ad-pill .shadow-sm { box-shadow: 0 .125rem .25rem rgba(25,33,40,.075) !important; }.ad-pill .ad-image { background: 50% no-repeat; background-size: contain; min-height: 129px; display: block; position: relative;  color: #343a40 !important; margin-bottom: 1rem !important; border-radius: .5rem !important; }.ad-pill .ad-image-price { bottom: 0.5rem; left: 0.5rem; display: inline-block; position: absolute; background: #fff; padding: 0 0.5em; }.ad-pill .ad-title { font-size: 1.25rem; margin-bottom: 0.5rem; }.ad-pill .text-muted { color: #a3a3a3 !important; line-height: 1.3; margin-bottom: 1rem; }.ad-pill .bg-light { background: #f0f1f2; border-radius: .5rem; padding: 5px; text-align: center; margin-bottom: 1rem; }.ad-pill .btn-primary { display: block; background: #48ca7c; border-radius: .5rem; padding: 5px; text-align: center; color: #fff !important; text-decoration: none !important; }.ad-pill .btn-primary:hover { background: #2c9958; }<\/style><div class=\"ads-list\" style=\"display: flex !important\"><div class=\"ad-pill-box\"><div class=\"ad-pill\"><a href=\"https:\/\/www.caravanas.net\/ad\/15196\/weinsberg-caraone-400-lk\" class=\"ad-image rounded mb-4\" style=\"background-image: url('https:\/\/caravanas.fra1.cdn.digitaloceanspaces.com\/public\/129812\/conversions\/IMG_0549-web.jpg');\"><div class=\"ad-image-price d-inline-block bg-white rounded py-1 px-3 position-absolute shadow-sm\"><div class=\"price-amount big\">18.400 \u20ac<\/div><\/div><\/a><div class=\"ad-title text-truncate\">Weinsberg CARAONE 400 LK<\/div><div class=\"mb-4 text-muted\">WEINSBERG CARAONE 400 LK, a\u00f1o Agosto  2019, seminueva, sal\u00f3n convertible en cama...<\/div><div class=\"details mb-3\"><div class=\"flex-row\"><div class=\"flex-col\"><div class=\"text-center bg-light rounded py-2\">4 viajar<\/div><\/div><div class=\"flex-col\"><div class=\"text-center bg-light rounded py-2\">4 dormir<\/div><\/div><\/div><\/div><div class=\"flex-row\"><div class=\"flex-col\"><a href=\"https:\/\/www.caravanas.net\/ad\/15196\/weinsberg-caraone-400-lk\" target=\"_blank\" class=\"btn btn-block btn-primary\">Contactar<\/a><\/div><div class=\"flex-col\"><a href=\"https:\/\/www.caravanas.net\/ad\/15196\/weinsberg-caraone-400-lk\" target=\"_blank\" class=\"btn-primary\">+ info<\/a><\/div><\/div><\/div><\/div><div class=\"ad-pill-box\"><div class=\"ad-pill\"><a href=\"https:\/\/www.caravanas.net\/ad\/15195\/knaus-sport-500-qdk\" class=\"ad-image rounded mb-4\" style=\"background-image: url('https:\/\/caravanas.fra1.cdn.digitaloceanspaces.com\/public\/129785\/conversions\/IMG_0537-web.jpg');\"><div class=\"ad-image-price d-inline-block bg-white rounded py-1 px-3 position-absolute shadow-sm\"><div class=\"price-amount big\">29.290 \u20ac<\/div><\/div><\/a><div class=\"ad-title text-truncate\">Knaus SPORT 500 QDK<\/div><div class=\"mb-4 text-muted\">Caracter\u00edsticas:Marca                 KnausModelo               Sport 500 QDKTipo                     3 ambientesAntig\u00fcedad      NuevaPlazas                  6Distribuci\u00f3n     Cama delantera, cama...<\/div><div class=\"details mb-3\"><div class=\"flex-row\"><div class=\"flex-col\"><div class=\"text-center bg-light rounded py-2\">6 viajar<\/div><\/div><div class=\"flex-col\"><div class=\"text-center bg-light rounded py-2\">6 dormir<\/div><\/div><\/div><\/div><div class=\"flex-row\"><div class=\"flex-col\"><a href=\"https:\/\/www.caravanas.net\/ad\/15195\/knaus-sport-500-qdk\" target=\"_blank\" class=\"btn btn-block btn-primary\">Contactar<\/a><\/div><div class=\"flex-col\"><a href=\"https:\/\/www.caravanas.net\/ad\/15195\/knaus-sport-500-qdk\" target=\"_blank\" class=\"btn-primary\">+ info<\/a><\/div><\/div><\/div><\/div><div class=\"ad-pill-box\"><div class=\"ad-pill\"><a href=\"https:\/\/www.caravanas.net\/ad\/15194\/carado-cve-600\" class=\"ad-image rounded mb-4\" style=\"background-image: url('https:\/\/caravanas.fra1.cdn.digitaloceanspaces.com\/public\/129774\/conversions\/8c8023fd-7da6-4fe3-b519-56e5570b-web.jpg');\"><div class=\"ad-image-price d-inline-block bg-white rounded py-1 px-3 position-absolute shadow-sm\"><div class=\"price-amount big\">49.990 \u20ac<\/div><\/div><\/a><div class=\"ad-title text-truncate\">Carado CVE 600<\/div><div class=\"mb-4 text-muted\">Fantastica Camper CARADO montada sobre base FIat Ducato 2.3 de 140cv, con...<\/div><div class=\"details mb-3\"><div class=\"flex-row\"><div class=\"flex-col\"><div class=\"text-center bg-light rounded py-2\">4 viajar<\/div><\/div><div class=\"flex-col\"><div class=\"text-center bg-light rounded py-2\">4 dormir<\/div><\/div><\/div><\/div><div class=\"flex-row\"><div class=\"flex-col\"><a href=\"https:\/\/www.caravanas.net\/ad\/15194\/carado-cve-600\" target=\"_blank\" class=\"btn btn-block btn-primary\">Contactar<\/a><\/div><div class=\"flex-col\"><a href=\"https:\/\/www.caravanas.net\/ad\/15194\/carado-cve-600\" target=\"_blank\" class=\"btn-primary\">+ info<\/a><\/div><\/div><\/div><\/div><\/div>\n<p>Sabemos que la lista de cascadas bellas para ver en Espa\u00f1a es enorme, por eso si quieres destacar alguna en particular d\u00e9jalo en los comentarios y la incluiremos.<\/p>\n","protected":false},"excerpt":{"rendered":"<p>Todo amante del senderismo y la naturaleza sabe que una ruta que incluya una cascada, salto de agua o catarata ser\u00e1 el punto c\u00falmine&hellip;<\/p>\n","protected":false},"author":3,"featured_media":4546,"comment_status":"open","ping_status":"open","sticky":false,"template":"","format":"standard","meta":{"_jetpack_memberships_contains_paid_content":false,"footnotes":""},"categories":[20],"tags":[],"class_list":["post-4541","post","type-post","status-publish","format-standard","has-post-thumbnail","hentry","category-rutas"],"aioseo_notices":[],"jetpack_featured_media_url":"https:\/\/i0.wp.com\/www.caravanas.net\/noticias\/wp-content\/uploads\/2023\/02\/Las-cascadas-mas-bellas-en-Espana.jpg?fit=2560%2C1365&ssl=1","jetpack_sharing_enabled":true,"_links":{"self":[{"href":"https:\/\/www.caravanas.net\/noticias\/wp-json\/wp\/v2\/posts\/4541","targetHints":{"allow":["GET"]}}],"collection":[{"href":"https:\/\/www.caravanas.net\/noticias\/wp-json\/wp\/v2\/posts"}],"about":[{"href":"https:\/\/www.caravanas.net\/noticias\/wp-json\/wp\/v2\/types\/post"}],"author":[{"embeddable":true,"href":"https:\/\/www.caravanas.net\/noticias\/wp-json\/wp\/v2\/users\/3"}],"replies":[{"embeddable":true,"href":"https:\/\/www.caravanas.net\/noticias\/wp-json\/wp\/v2\/comments?post=4541"}],"version-history":[{"count":0,"href":"https:\/\/www.caravanas.net\/noticias\/wp-json\/wp\/v2\/posts\/4541\/revisions"}],"wp:featuredmedia":[{"embeddable":true,"href":"https:\/\/www.caravanas.net\/noticias\/wp-json\/wp\/v2\/media\/4546"}],"wp:attachment":[{"href":"https:\/\/www.caravanas.net\/noticias\/wp-json\/wp\/v2\/media?parent=4541"}],"wp:term":[{"taxonomy":"category","embeddable":true,"href":"https:\/\/www.caravanas.net\/noticias\/wp-json\/wp\/v2\/categories?post=4541"},{"taxonomy":"post_tag","embeddable":true,"href":"https:\/\/www.caravanas.net\/noticias\/wp-json\/wp\/v2\/tags?post=4541"}],"curies":[{"name":"wp","href":"https:\/\/api.w.org\/{rel}","templated":true}]}}