{"id":4432,"date":"2023-01-15T00:36:39","date_gmt":"2023-01-14T22:36:39","guid":{"rendered":"https:\/\/www.caravanas.net\/noticias\/?p=4432"},"modified":"2023-02-07T17:33:49","modified_gmt":"2023-02-07T15:33:49","slug":"caravanas-premiadas","status":"publish","type":"post","link":"https:\/\/www.caravanas.net\/noticias\/caravanas-premiadas\/","title":{"rendered":"Estas son las caravanas y marcas premiadas en la feria CMT 2023"},"content":{"rendered":"<p><span style=\"font-weight: 400;\">Despu\u00e9s de una pausa de 2 a\u00f1os, ha vuelto una de las<\/span><b><a href=\"https:\/\/www.caravanas.net\/noticias\/calendario-de-ferias-para-amantes-del-caravaning-y-el-vanlife\/\"> ferias m\u00e1s importantes del sector de las caravanas<\/a> de Europa, la <a href=\"https:\/\/www.messe-stuttgart.de\/cmt\/en\">CMT<\/a> (Camping Motor Touristik) <\/b><span style=\"font-weight: 400;\">que se celebra<\/span> <span style=\"font-weight: 400;\">en Stuttgart, Alemania.<\/span><\/p>\n<p><span style=\"font-weight: 400;\">Del 14 al 22 de enero se presentan las<strong> tendencias en viajes, destinos y veh\u00edculos recreativos<\/strong>. Participan marcas prestigiosas como Knaus, Hobby, Fendt y Eriba entre otras.<\/span><\/p>\n<p><span style=\"font-weight: 400;\">Pero adem\u00e1s como cada a\u00f1o se entregan los premios \u201cCaravans of the Year 2023\u201d a las<\/span><b> mejores marcas y modelos elegidos por los lectores <\/b><span style=\"font-weight: 400;\">de la importante revista alemana llamada \u00abCARAVANING\u00bb.<\/span><\/p>\n<p><span style=\"font-weight: 400;\">El mercado alem\u00e1n es pionero en el sector de las caravanas y el caravaning, as\u00ed que toma nota de estos modelos si est\u00e1s pensando en <a href=\"https:\/\/www.caravanas.net\/search\/caravana\"><strong>comprar una caravana<\/strong><\/a> y a\u00fan no te decides.\u00a0<\/span><\/p>\n<p>Tambi\u00e9n ser\u00e1 una buena ocasi\u00f3n para buscar estos modelos en el <a href=\"https:\/\/www.caravanas.net\/search\/caravana\/segunda-mano\"><strong>mercado de segunda mano<\/strong><\/a>\u00a0 y comparar precios con los modelos nuevos.<\/p>\n<p><span style=\"font-weight: 400;\">Los premios se reparten en <strong>6 categor\u00edas diferentes seg\u00fan su calidad y tama\u00f1o,<\/strong>\u00a0los ganadores de este a\u00f1o han sido los siguientes:<\/span><!--more--><\/p>\n<h2><\/h2>\n<h2>Caravanas de gama superior y de lujo 2023<\/h2>\n<p>En esta categor\u00eda hablamos de caravanas con un equipamiento y tecnolog\u00eda superior, son perfectas para quienes buscan confort y seguridad.<\/p>\n<h3><span style=\"font-weight: 400;\">1. Caravana Fendt Diamant <img data-recalc-dims=\"1\" decoding=\"async\" class=\"alignnone size-full wp-image-4454\" src=\"https:\/\/i0.wp.com\/www.caravanas.net\/noticias\/wp-content\/uploads\/2023\/01\/Estas-son-las-caravanas-y-marcas-premiadas-en-CMT-2023-2.jpg?resize=1170%2C624&#038;ssl=1\" alt=\"Caravana Fendt Diamant \" width=\"1170\" height=\"624\" srcset=\"https:\/\/i0.wp.com\/www.caravanas.net\/noticias\/wp-content\/uploads\/2023\/01\/Estas-son-las-caravanas-y-marcas-premiadas-en-CMT-2023-2.jpg?w=2560&amp;ssl=1 2560w, https:\/\/i0.wp.com\/www.caravanas.net\/noticias\/wp-content\/uploads\/2023\/01\/Estas-son-las-caravanas-y-marcas-premiadas-en-CMT-2023-2.jpg?resize=300%2C160&amp;ssl=1 300w, https:\/\/i0.wp.com\/www.caravanas.net\/noticias\/wp-content\/uploads\/2023\/01\/Estas-son-las-caravanas-y-marcas-premiadas-en-CMT-2023-2.jpg?resize=1024%2C546&amp;ssl=1 1024w, https:\/\/i0.wp.com\/www.caravanas.net\/noticias\/wp-content\/uploads\/2023\/01\/Estas-son-las-caravanas-y-marcas-premiadas-en-CMT-2023-2.jpg?resize=768%2C410&amp;ssl=1 768w, https:\/\/i0.wp.com\/www.caravanas.net\/noticias\/wp-content\/uploads\/2023\/01\/Estas-son-las-caravanas-y-marcas-premiadas-en-CMT-2023-2.jpg?resize=1536%2C819&amp;ssl=1 1536w, https:\/\/i0.wp.com\/www.caravanas.net\/noticias\/wp-content\/uploads\/2023\/01\/Estas-son-las-caravanas-y-marcas-premiadas-en-CMT-2023-2.jpg?resize=2048%2C1092&amp;ssl=1 2048w, https:\/\/i0.wp.com\/www.caravanas.net\/noticias\/wp-content\/uploads\/2023\/01\/Estas-son-las-caravanas-y-marcas-premiadas-en-CMT-2023-2.jpg?resize=1920%2C1024&amp;ssl=1 1920w, https:\/\/i0.wp.com\/www.caravanas.net\/noticias\/wp-content\/uploads\/2023\/01\/Estas-son-las-caravanas-y-marcas-premiadas-en-CMT-2023-2.jpg?resize=1170%2C624&amp;ssl=1 1170w, https:\/\/i0.wp.com\/www.caravanas.net\/noticias\/wp-content\/uploads\/2023\/01\/Estas-son-las-caravanas-y-marcas-premiadas-en-CMT-2023-2.jpg?resize=585%2C312&amp;ssl=1 585w, https:\/\/i0.wp.com\/www.caravanas.net\/noticias\/wp-content\/uploads\/2023\/01\/Estas-son-las-caravanas-y-marcas-premiadas-en-CMT-2023-2.jpg?w=2340&amp;ssl=1 2340w\" sizes=\"(max-width: 1170px) 100vw, 1170px\" \/><\/span><\/h3>\n<p>Fendt ha sido la marca ganadora de esta categor\u00eda con su gama Diamant, estas caravanas tienen asientos con tapicer\u00eda de muelles, camas con colch\u00f3n de espuma de confort clim\u00e1tico de 7 zonas, cocina equipada con electrodom\u00e9sticos modernos, entre otros detalles.<\/p>\n<p>En cuanto a tecnolog\u00eda est\u00e1 equipada con una Truma Combi 6. que permite calefacci\u00f3n y calentar hasta 10 L de agua a la vez.\u00a0 En su exterior se aprecia el techo panor\u00e1mico que incluye iluminaci\u00f3n LED.<\/p>\n<p>Se encuentra en 3 modelos diferentes y sus medidas van desde 7,70 m a 8,6 m de longitud, todas con 2,50 m de ancho y para 4 plazas. El precio va desde 43.830\u20ac.<\/p>\n<h3><\/h3>\n<h3><span style=\"font-weight: 400;\">2. Caravana Eriba Touring 820<img data-recalc-dims=\"1\" decoding=\"async\" class=\"alignnone size-full wp-image-4455\" src=\"https:\/\/i0.wp.com\/www.caravanas.net\/noticias\/wp-content\/uploads\/2023\/01\/caravana-de-lujo-Eriba-Touring-820.jpg?resize=746%2C328&#038;ssl=1\" alt=\"Eriba Touring 820\" width=\"746\" height=\"328\" srcset=\"https:\/\/i0.wp.com\/www.caravanas.net\/noticias\/wp-content\/uploads\/2023\/01\/caravana-de-lujo-Eriba-Touring-820.jpg?w=746&amp;ssl=1 746w, https:\/\/i0.wp.com\/www.caravanas.net\/noticias\/wp-content\/uploads\/2023\/01\/caravana-de-lujo-Eriba-Touring-820.jpg?resize=300%2C132&amp;ssl=1 300w, https:\/\/i0.wp.com\/www.caravanas.net\/noticias\/wp-content\/uploads\/2023\/01\/caravana-de-lujo-Eriba-Touring-820.jpg?resize=585%2C257&amp;ssl=1 585w\" sizes=\"(max-width: 746px) 100vw, 746px\" \/><\/span><\/h3>\n<p>Con un dise\u00f1o exterior metalizado y grandes panor\u00e1micas, tiene una presencia imponente y un estilo \u00abAirstream\u00bb cl\u00e1sico europeo.<\/p>\n<p>La cocina es completa con encimera de 3 fuegos, fregadero y una amplia zona de trabajo. El ba\u00f1o tambi\u00e9n est\u00e1 dise\u00f1ado para maximizar el espacio con una ducha separada. El dormitorio se ubica en la parte trasera de la caravana con una ventana panor\u00e1mica para contemplar el exterior.<\/p>\n<p>Incluye un sistema de calefacci\u00f3n por suelo t\u00e9rmico, aislamiento t\u00e9rmico y ac\u00fastico, control electr\u00f3nico a trav\u00e9s del sistema Smart Home.<\/p>\n<p>Mide 8 m de longitud y 2,36 m de ancho, perfecta para 4 personas y su precio base es de 75.000\u20ac.<\/p>\n<p>&nbsp;<\/p>\n<h3><span style=\"font-weight: 400;\">3. Caravana Adria Alpina\u00a0<\/span><\/h3>\n<p><img data-recalc-dims=\"1\" decoding=\"async\" class=\"alignnone wp-image-4456\" src=\"https:\/\/i0.wp.com\/www.caravanas.net\/noticias\/wp-content\/uploads\/2023\/01\/Carava-Adria-Alpina.jpg?resize=561%2C301&#038;ssl=1\" alt=\"Caravana Adria Alpina\" width=\"561\" height=\"301\" srcset=\"https:\/\/i0.wp.com\/www.caravanas.net\/noticias\/wp-content\/uploads\/2023\/01\/Carava-Adria-Alpina.jpg?w=908&amp;ssl=1 908w, https:\/\/i0.wp.com\/www.caravanas.net\/noticias\/wp-content\/uploads\/2023\/01\/Carava-Adria-Alpina.jpg?resize=300%2C161&amp;ssl=1 300w, https:\/\/i0.wp.com\/www.caravanas.net\/noticias\/wp-content\/uploads\/2023\/01\/Carava-Adria-Alpina.jpg?resize=768%2C412&amp;ssl=1 768w, https:\/\/i0.wp.com\/www.caravanas.net\/noticias\/wp-content\/uploads\/2023\/01\/Carava-Adria-Alpina.jpg?resize=585%2C314&amp;ssl=1 585w\" sizes=\"(max-width: 561px) 100vw, 561px\" \/><\/p>\n<p>En tercer lugar gana la gama Alpina, que cuenta con un dise\u00f1o elegante. Destaca su gran ventana panor\u00e1mica y su iluminaci\u00f3n LED interior y exterior.<\/p>\n<h3 style=\"letter-spacing: normal;\"><\/h3>\n<p>Incluye sistema de sonido de alta calidad con amplificador Bluetooth\u00ae, almacenamiento organizado con espacios dedicados para art\u00edculos personales y calefacci\u00f3n Adria Alde.<\/p>\n<p>Esta gama viene en 6 diferentes distribuciones desde 7,8 m a 10,9 m de longitud y de 4 a 7 plazas. Est\u00e1n dise\u00f1adas para resistir todo tipo de clima.<\/p>\n<p>&nbsp;<\/p>\n<h2>Caravanas de gama media alta 2023<\/h2>\n<p><span style=\"font-weight: 400;\">Los precios de estas caravanas pueden estar alrededor de 30.000\u20ac y mejoran en la calidad y variedad de equipamiento de serie.<\/span><\/p>\n<h3>1. Caravana Fendt Tendenza<img data-recalc-dims=\"1\" decoding=\"async\" class=\"alignnone size-full wp-image-4447\" src=\"https:\/\/i0.wp.com\/www.caravanas.net\/noticias\/wp-content\/uploads\/2023\/01\/caravana-Fendt-trend.jpg?resize=1100%2C619&#038;ssl=1\" alt=\"caravana Fendt trend\" width=\"1100\" height=\"619\" srcset=\"https:\/\/i0.wp.com\/www.caravanas.net\/noticias\/wp-content\/uploads\/2023\/01\/caravana-Fendt-trend.jpg?w=1100&amp;ssl=1 1100w, https:\/\/i0.wp.com\/www.caravanas.net\/noticias\/wp-content\/uploads\/2023\/01\/caravana-Fendt-trend.jpg?resize=300%2C169&amp;ssl=1 300w, https:\/\/i0.wp.com\/www.caravanas.net\/noticias\/wp-content\/uploads\/2023\/01\/caravana-Fendt-trend.jpg?resize=1024%2C576&amp;ssl=1 1024w, https:\/\/i0.wp.com\/www.caravanas.net\/noticias\/wp-content\/uploads\/2023\/01\/caravana-Fendt-trend.jpg?resize=768%2C432&amp;ssl=1 768w, https:\/\/i0.wp.com\/www.caravanas.net\/noticias\/wp-content\/uploads\/2023\/01\/caravana-Fendt-trend.jpg?resize=585%2C329&amp;ssl=1 585w\" sizes=\"(max-width: 1100px) 100vw, 1100px\" \/><\/h3>\n<p>De nuevo Fendt se lleva el premio en esta categor\u00eda con la gama Tendenza, disponible en 7 modelos diferentes, desde 7 m a 8,5 m de longitud.<\/p>\n<p>Todas las camas est\u00e1n equipadas con colchones de espuma confort de 7 zonas de alta calidad. Hay tres modelos con cama de matrimonio, a la que se puede acceder f\u00e1cilmente desde tres lados y ofrece una gran superficie de descanso.<\/p>\n<p>&nbsp;<\/p>\n<h3><span style=\"font-weight: 400;\">2. Caravana Kabe Estate<\/span><\/h3>\n<p><img data-recalc-dims=\"1\" decoding=\"async\" class=\"alignnone size-medium wp-image-4458\" src=\"https:\/\/i0.wp.com\/www.caravanas.net\/noticias\/wp-content\/uploads\/2023\/01\/caravana-Kabe-Estate-300x193.jpg?resize=300%2C193&#038;ssl=1\" alt=\"caravana Kabe Estate\" width=\"300\" height=\"193\" srcset=\"https:\/\/i0.wp.com\/www.caravanas.net\/noticias\/wp-content\/uploads\/2023\/01\/caravana-Kabe-Estate.jpg?resize=300%2C193&amp;ssl=1 300w, https:\/\/i0.wp.com\/www.caravanas.net\/noticias\/wp-content\/uploads\/2023\/01\/caravana-Kabe-Estate.jpg?resize=1024%2C658&amp;ssl=1 1024w, https:\/\/i0.wp.com\/www.caravanas.net\/noticias\/wp-content\/uploads\/2023\/01\/caravana-Kabe-Estate.jpg?resize=768%2C494&amp;ssl=1 768w, https:\/\/i0.wp.com\/www.caravanas.net\/noticias\/wp-content\/uploads\/2023\/01\/caravana-Kabe-Estate.jpg?resize=1170%2C752&amp;ssl=1 1170w, https:\/\/i0.wp.com\/www.caravanas.net\/noticias\/wp-content\/uploads\/2023\/01\/caravana-Kabe-Estate.jpg?resize=585%2C376&amp;ssl=1 585w, https:\/\/i0.wp.com\/www.caravanas.net\/noticias\/wp-content\/uploads\/2023\/01\/caravana-Kabe-Estate.jpg?w=1400&amp;ssl=1 1400w\" sizes=\"(max-width: 300px) 100vw, 300px\" \/><\/p>\n<h3 style=\"letter-spacing: normal;\"><\/h3>\n<p>La marca Kabe es una marca sueca de caravanas de lujo. La gama Estate es una caravana resistente para usar todo el a\u00f1o y equipada de serie con todas las comodidades, sin embargo es dif\u00edcil encontrar esta marca a la venta en Espa\u00f1a.<\/p>\n<p>&nbsp;<\/p>\n<h3><span style=\"font-weight: 400;\">3. Caravana Dethleffs Nomad\u00a0<\/span><\/h3>\n<p><img data-recalc-dims=\"1\" decoding=\"async\" class=\"alignnone wp-image-4461\" src=\"https:\/\/i0.wp.com\/www.caravanas.net\/noticias\/wp-content\/uploads\/2023\/01\/Estas-son-las-caravanas-y-marcas-premiadas-en-CMT-2023-3.jpg?resize=678%2C361&#038;ssl=1\" alt=\"Caravana Dethleffs Nomad\" width=\"678\" height=\"361\" srcset=\"https:\/\/i0.wp.com\/www.caravanas.net\/noticias\/wp-content\/uploads\/2023\/01\/Estas-son-las-caravanas-y-marcas-premiadas-en-CMT-2023-3.jpg?w=2560&amp;ssl=1 2560w, https:\/\/i0.wp.com\/www.caravanas.net\/noticias\/wp-content\/uploads\/2023\/01\/Estas-son-las-caravanas-y-marcas-premiadas-en-CMT-2023-3.jpg?resize=300%2C160&amp;ssl=1 300w, https:\/\/i0.wp.com\/www.caravanas.net\/noticias\/wp-content\/uploads\/2023\/01\/Estas-son-las-caravanas-y-marcas-premiadas-en-CMT-2023-3.jpg?resize=1024%2C546&amp;ssl=1 1024w, https:\/\/i0.wp.com\/www.caravanas.net\/noticias\/wp-content\/uploads\/2023\/01\/Estas-son-las-caravanas-y-marcas-premiadas-en-CMT-2023-3.jpg?resize=768%2C410&amp;ssl=1 768w, https:\/\/i0.wp.com\/www.caravanas.net\/noticias\/wp-content\/uploads\/2023\/01\/Estas-son-las-caravanas-y-marcas-premiadas-en-CMT-2023-3.jpg?resize=1536%2C819&amp;ssl=1 1536w, https:\/\/i0.wp.com\/www.caravanas.net\/noticias\/wp-content\/uploads\/2023\/01\/Estas-son-las-caravanas-y-marcas-premiadas-en-CMT-2023-3.jpg?resize=2048%2C1092&amp;ssl=1 2048w, https:\/\/i0.wp.com\/www.caravanas.net\/noticias\/wp-content\/uploads\/2023\/01\/Estas-son-las-caravanas-y-marcas-premiadas-en-CMT-2023-3.jpg?resize=1920%2C1024&amp;ssl=1 1920w, https:\/\/i0.wp.com\/www.caravanas.net\/noticias\/wp-content\/uploads\/2023\/01\/Estas-son-las-caravanas-y-marcas-premiadas-en-CMT-2023-3.jpg?resize=1170%2C624&amp;ssl=1 1170w, https:\/\/i0.wp.com\/www.caravanas.net\/noticias\/wp-content\/uploads\/2023\/01\/Estas-son-las-caravanas-y-marcas-premiadas-en-CMT-2023-3.jpg?resize=585%2C312&amp;ssl=1 585w, https:\/\/i0.wp.com\/www.caravanas.net\/noticias\/wp-content\/uploads\/2023\/01\/Estas-son-las-caravanas-y-marcas-premiadas-en-CMT-2023-3.jpg?w=2340&amp;ssl=1 2340w\" sizes=\"(max-width: 678px) 100vw, 678px\" \/><\/p>\n<p>De elegante dise\u00f1o esta gama est\u00e1 disponible en 13 modelos, desde 3 a 8 plazas. Su precio va desde 34.000\u20ac.<\/p>\n<p>La mayor\u00eda de los modelos incluyen un gran sal\u00f3n comedor, ba\u00f1o completo, una iluminaci\u00f3n interior LED, y con diferentes opciones para las camas.<\/p>\n<p>Todas est\u00e1n preparadas para resistir todo tipo de clima, por lo que son perfectas para quienes viajan todo el a\u00f1o.<\/p>\n<p>&nbsp;<\/p>\n<h2>Caravanas de gama media 2023 a partir de 20.000\u20ac<\/h2>\n<p>&nbsp;<\/p>\n<h3>1. Caravana Fendt Bianco Selection\/Activ<img data-recalc-dims=\"1\" decoding=\"async\" class=\"alignnone size-full wp-image-4449\" src=\"https:\/\/i0.wp.com\/www.caravanas.net\/noticias\/wp-content\/uploads\/2023\/01\/caravana-de-gama-media-2023-Fendt-Bianco-Selection-Activ.jpg?resize=1100%2C619&#038;ssl=1\" alt=\"caravana de gama media 2023 Fendt-Bianco-Selection-Activ\" width=\"1100\" height=\"619\" srcset=\"https:\/\/i0.wp.com\/www.caravanas.net\/noticias\/wp-content\/uploads\/2023\/01\/caravana-de-gama-media-2023-Fendt-Bianco-Selection-Activ.jpg?w=1100&amp;ssl=1 1100w, https:\/\/i0.wp.com\/www.caravanas.net\/noticias\/wp-content\/uploads\/2023\/01\/caravana-de-gama-media-2023-Fendt-Bianco-Selection-Activ.jpg?resize=300%2C169&amp;ssl=1 300w, https:\/\/i0.wp.com\/www.caravanas.net\/noticias\/wp-content\/uploads\/2023\/01\/caravana-de-gama-media-2023-Fendt-Bianco-Selection-Activ.jpg?resize=1024%2C576&amp;ssl=1 1024w, https:\/\/i0.wp.com\/www.caravanas.net\/noticias\/wp-content\/uploads\/2023\/01\/caravana-de-gama-media-2023-Fendt-Bianco-Selection-Activ.jpg?resize=768%2C432&amp;ssl=1 768w, https:\/\/i0.wp.com\/www.caravanas.net\/noticias\/wp-content\/uploads\/2023\/01\/caravana-de-gama-media-2023-Fendt-Bianco-Selection-Activ.jpg?resize=585%2C329&amp;ssl=1 585w\" sizes=\"(max-width: 1100px) 100vw, 1100px\" \/><\/h3>\n<p>Esta gama viene en 12 modelos diferentes, desde 6 m a 9,2 m de longitud. Sus distribuciones son variadas pero todos incluyen iluminaci\u00f3n LED, detector de humo, ba\u00f1o completo, sal\u00f3n comedor, cocina completa y frigor\u00edfico.<\/p>\n<p>Adem\u00e1s de mucho espacio de almacenaje y camas de 2 plazas. Su precio va desde 24.000\u20ac.<\/p>\n<p>&nbsp;<\/p>\n<h3><span style=\"font-weight: 400;\">2. Caravana Tabbert Da Vinci<img data-recalc-dims=\"1\" decoding=\"async\" class=\"alignnone size-full wp-image-4462\" src=\"https:\/\/i0.wp.com\/www.caravanas.net\/noticias\/wp-content\/uploads\/2023\/01\/Caravana-Tabbert-Da-Vinci.jpg?resize=593%2C321&#038;ssl=1\" alt=\"Caravana Tabbert Da Vinci\" width=\"593\" height=\"321\" srcset=\"https:\/\/i0.wp.com\/www.caravanas.net\/noticias\/wp-content\/uploads\/2023\/01\/Caravana-Tabbert-Da-Vinci.jpg?w=593&amp;ssl=1 593w, https:\/\/i0.wp.com\/www.caravanas.net\/noticias\/wp-content\/uploads\/2023\/01\/Caravana-Tabbert-Da-Vinci.jpg?resize=300%2C162&amp;ssl=1 300w, https:\/\/i0.wp.com\/www.caravanas.net\/noticias\/wp-content\/uploads\/2023\/01\/Caravana-Tabbert-Da-Vinci.jpg?resize=585%2C317&amp;ssl=1 585w\" sizes=\"(max-width: 593px) 100vw, 593px\" \/><\/span><\/h3>\n<p>La gama de caravanas Da Vinci se encuentra en 9 modelos diferentes desde 6 m a 9,48 m de longitud\u00a0 y ancho de 2,3 m a 2,5 m.\u00a0 Con capacidad para 3 a 7 plazas.<\/p>\n<p>Su fabricante la cataloga como clase media premium y el modelo m\u00e1s b\u00e1sico tiene un precio de 25.290\u20ac.<\/p>\n<p>&nbsp;<\/p>\n<h3><span style=\"font-weight: 400;\">3. Caravana Knaus S\u00fcdwind<img data-recalc-dims=\"1\" decoding=\"async\" class=\"alignnone wp-image-4463\" src=\"https:\/\/i0.wp.com\/www.caravanas.net\/noticias\/wp-content\/uploads\/2023\/01\/Caravana-Knaus-Sudwind.jpg?resize=534%2C308&#038;ssl=1\" alt=\"Caravana Knaus S\u00fcdwind\" width=\"534\" height=\"308\" srcset=\"https:\/\/i0.wp.com\/www.caravanas.net\/noticias\/wp-content\/uploads\/2023\/01\/Caravana-Knaus-Sudwind.jpg?w=572&amp;ssl=1 572w, https:\/\/i0.wp.com\/www.caravanas.net\/noticias\/wp-content\/uploads\/2023\/01\/Caravana-Knaus-Sudwind.jpg?resize=300%2C173&amp;ssl=1 300w\" sizes=\"(max-width: 534px) 100vw, 534px\" \/><\/span><\/h3>\n<p>Esta gama ofrece 16 modelos con dise\u00f1o moderno y econ\u00f3mico, perfectas para familias peque\u00f1as. En diferentes tama\u00f1os desde 4 metros de largo a 7,5 m.<\/p>\n<p>Con techo panor\u00e1mico que ayuda a la entrada de luz, en su interior incluye un amplio sal\u00f3n comedor, seg\u00fan la variante se puede tener una cocina panor\u00e1mica o compacta, y se puede elegir la opci\u00f3n a gas o el\u00e9ctrica.<\/p>\n<p>En cuanto a camas diferentes tipos, cama isla, francesa o gemelas. La zona de la habitaci\u00f3n incorpora un armario de suelo a techo. Y la zona del ba\u00f1o puede estar en la parte trasera que permite tener la ducha separada.<\/p>\n<p>&nbsp;<\/p>\n<h2><strong>Caravanas de gama media baja 2023 a partir de 15.000\u20ac<\/strong><\/h2>\n<p>Son perfectas para quienes se inician en el caravaning y no quieren hacer una gran inversi\u00f3n, aunque sin perder calidad.<\/p>\n<h3>1. Caravana Hobby Ontour<img data-recalc-dims=\"1\" decoding=\"async\" class=\"alignnone size-full wp-image-4448\" src=\"https:\/\/i0.wp.com\/www.caravanas.net\/noticias\/wp-content\/uploads\/2023\/01\/caravana-Hobby-ontour.jpg?resize=1170%2C418&#038;ssl=1\" alt=\"caravana Hobby ontour\" width=\"1170\" height=\"418\" srcset=\"https:\/\/i0.wp.com\/www.caravanas.net\/noticias\/wp-content\/uploads\/2023\/01\/caravana-Hobby-ontour.jpg?w=1922&amp;ssl=1 1922w, https:\/\/i0.wp.com\/www.caravanas.net\/noticias\/wp-content\/uploads\/2023\/01\/caravana-Hobby-ontour.jpg?resize=300%2C107&amp;ssl=1 300w, https:\/\/i0.wp.com\/www.caravanas.net\/noticias\/wp-content\/uploads\/2023\/01\/caravana-Hobby-ontour.jpg?resize=1024%2C365&amp;ssl=1 1024w, https:\/\/i0.wp.com\/www.caravanas.net\/noticias\/wp-content\/uploads\/2023\/01\/caravana-Hobby-ontour.jpg?resize=768%2C274&amp;ssl=1 768w, https:\/\/i0.wp.com\/www.caravanas.net\/noticias\/wp-content\/uploads\/2023\/01\/caravana-Hobby-ontour.jpg?resize=1536%2C548&amp;ssl=1 1536w, https:\/\/i0.wp.com\/www.caravanas.net\/noticias\/wp-content\/uploads\/2023\/01\/caravana-Hobby-ontour.jpg?resize=1920%2C686&amp;ssl=1 1920w, https:\/\/i0.wp.com\/www.caravanas.net\/noticias\/wp-content\/uploads\/2023\/01\/caravana-Hobby-ontour.jpg?resize=1170%2C418&amp;ssl=1 1170w, https:\/\/i0.wp.com\/www.caravanas.net\/noticias\/wp-content\/uploads\/2023\/01\/caravana-Hobby-ontour.jpg?resize=585%2C209&amp;ssl=1 585w\" sizes=\"(max-width: 1170px) 100vw, 1170px\" \/><\/h3>\n<p>De formato compacto esta gama viene en 3 modelos diferentes, todos incluyen ba\u00f1o, cocina con nevera, sal\u00f3n comedor, y camas francesas, individuales e infantil.<\/p>\n<p>Su peso de 12oo kg es perfecto para ser remolcado por veh\u00edculos peque\u00f1os. Y se puede encontrar desde 20.000\u20ac.<\/p>\n<p>&nbsp;<\/p>\n<h3><span style=\"font-weight: 400;\">2. Caravana Knaus Sport (E-Power Selection)<img data-recalc-dims=\"1\" decoding=\"async\" class=\"alignnone size-full wp-image-4464\" src=\"https:\/\/i0.wp.com\/www.caravanas.net\/noticias\/wp-content\/uploads\/2023\/01\/Caravana-Knaus-Sport-E-Power-Selection.jpg?resize=403%2C240&#038;ssl=1\" alt=\"Caravana Knaus Sport (E-Power Selection)\" width=\"403\" height=\"240\" srcset=\"https:\/\/i0.wp.com\/www.caravanas.net\/noticias\/wp-content\/uploads\/2023\/01\/Caravana-Knaus-Sport-E-Power-Selection.jpg?w=403&amp;ssl=1 403w, https:\/\/i0.wp.com\/www.caravanas.net\/noticias\/wp-content\/uploads\/2023\/01\/Caravana-Knaus-Sport-E-Power-Selection.jpg?resize=300%2C179&amp;ssl=1 300w\" sizes=\"(max-width: 403px) 100vw, 403px\" \/><\/span><\/h3>\n<p>Disponible en 10 distribuciones de modelos\u00a0 E.POWER SELECTION ofrecen una alternativa a las tradicionales caravanas a gas. Con un funcionamiento intuitivo y seguro, mantenimiento reducido\u00a0 y tecnolog\u00eda sostenible.<\/p>\n<p>De tama\u00f1o compacto se puede comprar desde 6 m a 7,3 m de longitud. Aunque el modelo b\u00e1sico supera los 20.000\u20ac.<\/p>\n<p>&nbsp;<\/p>\n<h3><span style=\"font-weight: 400;\">3. Caravana Dethleffs Aero (Up)<img data-recalc-dims=\"1\" decoding=\"async\" class=\"alignnone size-full wp-image-4465\" src=\"https:\/\/i0.wp.com\/www.caravanas.net\/noticias\/wp-content\/uploads\/2023\/01\/Caravana-Dethleffs-Aero-Up.jpg?resize=495%2C215&#038;ssl=1\" alt=\"Caravana Dethleffs Aero (Up)\" width=\"495\" height=\"215\" srcset=\"https:\/\/i0.wp.com\/www.caravanas.net\/noticias\/wp-content\/uploads\/2023\/01\/Caravana-Dethleffs-Aero-Up.jpg?w=495&amp;ssl=1 495w, https:\/\/i0.wp.com\/www.caravanas.net\/noticias\/wp-content\/uploads\/2023\/01\/Caravana-Dethleffs-Aero-Up.jpg?resize=300%2C130&amp;ssl=1 300w\" sizes=\"(max-width: 495px) 100vw, 495px\" \/><\/span><\/h3>\n<p>Esta caravana cl\u00e1sica y compacta renueva distribuciones con la nueva versi\u00f3n Up, disponible en 3 variantes y para 6 a 7 plazas.\u00a0 Una buena opci\u00f3n para familias que no deseen gastar mucho dinero.<\/p>\n<p>En su interior hay diferentes opciones de camas, entre literas y gemelas, y todas incluyen una cama de 2 plazas basculante.<\/p>\n<p>El precio del modelo b\u00e1sico es de 29.400\u20ac, as\u00ed que quiz\u00e1s deber\u00eda ir en otra categor\u00eda.<\/p>\n<p>&nbsp;<\/p>\n<h3><\/h3>\n<h2>Caravanas de clase econ\u00f3mica 2023 a partir de 10.000\u20ac<\/h2>\n<p>&nbsp;<\/p>\n<h3>1. Caravana Dethleffs C&#8217;Go\/UP<img data-recalc-dims=\"1\" decoding=\"async\" class=\"alignnone wp-image-4446\" src=\"https:\/\/i0.wp.com\/www.caravanas.net\/noticias\/wp-content\/uploads\/2023\/01\/caravana-barata-Dethleffs-C-Go.jpg?resize=644%2C362&#038;ssl=1\" alt=\"caravana barata Dethleffs-C-Go\" width=\"644\" height=\"362\" srcset=\"https:\/\/i0.wp.com\/www.caravanas.net\/noticias\/wp-content\/uploads\/2023\/01\/caravana-barata-Dethleffs-C-Go.jpg?w=1100&amp;ssl=1 1100w, https:\/\/i0.wp.com\/www.caravanas.net\/noticias\/wp-content\/uploads\/2023\/01\/caravana-barata-Dethleffs-C-Go.jpg?resize=300%2C169&amp;ssl=1 300w, https:\/\/i0.wp.com\/www.caravanas.net\/noticias\/wp-content\/uploads\/2023\/01\/caravana-barata-Dethleffs-C-Go.jpg?resize=1024%2C576&amp;ssl=1 1024w, https:\/\/i0.wp.com\/www.caravanas.net\/noticias\/wp-content\/uploads\/2023\/01\/caravana-barata-Dethleffs-C-Go.jpg?resize=768%2C432&amp;ssl=1 768w, https:\/\/i0.wp.com\/www.caravanas.net\/noticias\/wp-content\/uploads\/2023\/01\/caravana-barata-Dethleffs-C-Go.jpg?resize=585%2C329&amp;ssl=1 585w\" sizes=\"(max-width: 644px) 100vw, 644px\" \/><\/h3>\n<p>Un cl\u00e1sico modelo familiar y por menos de 20.000\u20ac en su gama C&#8217;Go, barato ligero y s\u00f3lido, con un equipamiento b\u00e1sico pero que cumple.<\/p>\n<p>La gama C&#8217;Go est\u00e1 disponible en 6 distribuciones distintas, con tapicer\u00edas coloridas, la zona de la cocina est\u00e1 equipada con 3 fogones, fregadero y frigor\u00edfico con congelador.<\/p>\n<p>Y la gama Up a partir de 27.890\u20ac incluye 2 distribuciones ambas con cama basculante sobre el sal\u00f3n comedor lo que amplia la zona de estar y permite tener hasta 7 plazas. Tambi\u00e9n incorpora una zona de juego para los ni\u00f1os.<\/p>\n<p>&nbsp;<\/p>\n<h3><span style=\"font-weight: 400;\">2. Caravana Weinsberg Caraone<img data-recalc-dims=\"1\" decoding=\"async\" class=\"alignnone wp-image-4466\" src=\"https:\/\/i0.wp.com\/www.caravanas.net\/noticias\/wp-content\/uploads\/2023\/01\/Caravana-Weinsberg-Caraone.jpg?resize=504%2C294&#038;ssl=1\" alt=\"Caravana Weinsberg Caraone\" width=\"504\" height=\"294\" srcset=\"https:\/\/i0.wp.com\/www.caravanas.net\/noticias\/wp-content\/uploads\/2023\/01\/Caravana-Weinsberg-Caraone.jpg?w=627&amp;ssl=1 627w, https:\/\/i0.wp.com\/www.caravanas.net\/noticias\/wp-content\/uploads\/2023\/01\/Caravana-Weinsberg-Caraone.jpg?resize=300%2C175&amp;ssl=1 300w, https:\/\/i0.wp.com\/www.caravanas.net\/noticias\/wp-content\/uploads\/2023\/01\/Caravana-Weinsberg-Caraone.jpg?resize=585%2C341&amp;ssl=1 585w\" sizes=\"(max-width: 504px) 100vw, 504px\" \/><\/span><\/h3>\n<p>Ganadora en esta categor\u00eda el a\u00f1o pasado. La serie Caraone tiene dise\u00f1os de camas individuales, dobles y abatibles.<\/p>\n<p>Es una caravana familiar con 11 distribuciones diferentes, pero tienen una cosa en com\u00fan: un ambiente particularmente acogedor con detalles de alta calidad.<\/p>\n<p>&nbsp;<\/p>\n<h3><span style=\"font-weight: 400;\">3. Caravana Adria Aviva<\/span><\/h3>\n<p><img data-recalc-dims=\"1\" decoding=\"async\" class=\"alignnone wp-image-4468\" src=\"https:\/\/i0.wp.com\/www.caravanas.net\/noticias\/wp-content\/uploads\/2023\/01\/Caravana-Adria-Aviva.jpg?resize=538%2C227&#038;ssl=1\" alt=\"Caravana Adria Aviva\" width=\"538\" height=\"227\" srcset=\"https:\/\/i0.wp.com\/www.caravanas.net\/noticias\/wp-content\/uploads\/2023\/01\/Caravana-Adria-Aviva.jpg?w=701&amp;ssl=1 701w, https:\/\/i0.wp.com\/www.caravanas.net\/noticias\/wp-content\/uploads\/2023\/01\/Caravana-Adria-Aviva.jpg?resize=300%2C127&amp;ssl=1 300w, https:\/\/i0.wp.com\/www.caravanas.net\/noticias\/wp-content\/uploads\/2023\/01\/Caravana-Adria-Aviva.jpg?resize=585%2C247&amp;ssl=1 585w\" sizes=\"(max-width: 538px) 100vw, 538px\" \/><\/p>\n<p>Otra de las gamas cl\u00e1sicas de Adria, y ganadora del premio europeo a la innovaci\u00f3n. Aunque econ\u00f3mica, en su interior no pierde elegancia.<\/p>\n<p>Se puede elegir entre 9 versiones diferentes con capacidad para 3 a 6 plazas. Adem\u00e1s es una caravana ligera y su tama\u00f1o compacto permite que sea maniobrable.<\/p>\n<h2><\/h2>\n<p>&nbsp;<\/p>\n<h2>Caravanas compactas 2023<\/h2>\n<p>&nbsp;<\/p>\n<h3>1. Caravana Eriba Feeling<img data-recalc-dims=\"1\" decoding=\"async\" class=\"alignnone size-full wp-image-4445\" src=\"https:\/\/i0.wp.com\/www.caravanas.net\/noticias\/wp-content\/uploads\/2023\/01\/Caravana-compacta-Eriba-Feeling-2023.jpg?resize=587%2C304&#038;ssl=1\" alt=\"Caravana compacta Eriba Feeling 2023\" width=\"587\" height=\"304\" srcset=\"https:\/\/i0.wp.com\/www.caravanas.net\/noticias\/wp-content\/uploads\/2023\/01\/Caravana-compacta-Eriba-Feeling-2023.jpg?w=587&amp;ssl=1 587w, https:\/\/i0.wp.com\/www.caravanas.net\/noticias\/wp-content\/uploads\/2023\/01\/Caravana-compacta-Eriba-Feeling-2023.jpg?resize=300%2C155&amp;ssl=1 300w, https:\/\/i0.wp.com\/www.caravanas.net\/noticias\/wp-content\/uploads\/2023\/01\/Caravana-compacta-Eriba-Feeling-2023.jpg?resize=585%2C304&amp;ssl=1 585w\" sizes=\"(max-width: 587px) 100vw, 587px\" \/><\/h3>\n<p>Con una longitud de 6 m y ancho de 2,17 m, esta caravana encanta al p\u00fablico, por su pr\u00e1ctico techo elevable que hace que su espacio interior se ampl\u00ede.<\/p>\n<p>Adem\u00e1s es una caravana ligera desde 1200 kg que incluye sal\u00f3n face to face, cama de 2 plazas, literas, ba\u00f1o con ducha, y una amplia cocina con mucho almacenamiento.<\/p>\n<p>Disponible en 3 modelos y su precio es desde 24.000\u20ac.<\/p>\n<p>&nbsp;<\/p>\n<h3><span style=\"font-weight: 400;\">2. Caravana Eriba Touring<img data-recalc-dims=\"1\" decoding=\"async\" class=\"alignnone wp-image-4467\" src=\"https:\/\/i0.wp.com\/www.caravanas.net\/noticias\/wp-content\/uploads\/2023\/01\/Caravana-Eriba-Touring.jpg?resize=547%2C283&#038;ssl=1\" alt=\"Caravana Eriba Touring\" width=\"547\" height=\"283\" srcset=\"https:\/\/i0.wp.com\/www.caravanas.net\/noticias\/wp-content\/uploads\/2023\/01\/Caravana-Eriba-Touring.jpg?w=675&amp;ssl=1 675w, https:\/\/i0.wp.com\/www.caravanas.net\/noticias\/wp-content\/uploads\/2023\/01\/Caravana-Eriba-Touring.jpg?resize=300%2C155&amp;ssl=1 300w, https:\/\/i0.wp.com\/www.caravanas.net\/noticias\/wp-content\/uploads\/2023\/01\/Caravana-Eriba-Touring.jpg?resize=585%2C302&amp;ssl=1 585w\" sizes=\"(max-width: 547px) 100vw, 547px\" \/><\/span><\/h3>\n<p>Mucho m\u00e1s compacta que el anterior modelo de la misma marca, de 5 m de longitud, ancho 2 m y 2,27 m de altura y elegida caravana del a\u00f1o 2022. Tambi\u00e9n incluye techo elevable.<\/p>\n<p>Adem\u00e1s con un dise\u00f1o exterior que ha ganado premio este 2023 por su llamativo estilo retro y su aerodinamismo. Est\u00e1 disponible en 3 modelos, el m\u00e1s peque\u00f1o no incluye el ba\u00f1o, su precio va desde 23.500\u20ac.<\/p>\n<p>&nbsp;<\/p>\n<h3><span style=\"font-weight: 400;\">3. Mini caravana T@B 320\/400<img data-recalc-dims=\"1\" decoding=\"async\" class=\"alignnone size-full wp-image-4460\" src=\"https:\/\/i0.wp.com\/www.caravanas.net\/noticias\/wp-content\/uploads\/2023\/01\/mini-caravanas-Tabm.jpeg?resize=544%2C198&#038;ssl=1\" alt=\"mini caravanas Tab\" width=\"544\" height=\"198\" srcset=\"https:\/\/i0.wp.com\/www.caravanas.net\/noticias\/wp-content\/uploads\/2023\/01\/mini-caravanas-Tabm.jpeg?w=544&amp;ssl=1 544w, https:\/\/i0.wp.com\/www.caravanas.net\/noticias\/wp-content\/uploads\/2023\/01\/mini-caravanas-Tabm.jpeg?resize=300%2C109&amp;ssl=1 300w\" sizes=\"(max-width: 544px) 100vw, 544px\" \/><\/span><\/h3>\n<p>Las mini caravanas son tendencia este 2023, y este modelo en forma de l\u00e1grima ha sido elegida la caravana compacta del a\u00f1o gracias a su pr\u00e1ctico dise\u00f1o.<\/p>\n<p>Como ventaja se puede remolcar f\u00e1cilmente y en su interior tiene lo necesario para comenzar en el caravaning. Perfecta para viajar solo o en pareja, incluye una cama de 2 plazas, cocina, zona de comedor y algunos modelos hasta ba\u00f1o completo.<\/p>\n<p>El modelo 320 es el m\u00e1s compacto de unos 5 m de longitud y el 400 de casi 6 metros. su precio m\u00e1s barato es de 11.500\u20ac.<\/p>\n<p>&nbsp;<\/p>\n<p><span style=\"font-weight: 400;\"><style type=\"text\/css\">.text-truncate { overflow: hidden; text-overflow: ellipsis; white-space: nowrap; }.flex-row { display: flex; flex-wrap: wrap; margin-right: -15px; margin-left: -15px; }.flex-col { flex-basis: 0; flex-grow: 1; max-width: 100%; position: relative; width: 100%; padding-right: 15px; padding-left: 15px; }.ads-list { display: flex !important; flex-wrap: wrap; margin-right: -15px; margin-left: -15px; }@media (min-width: 768px) { .ad-pill-box { flex: 0 0 33.3333333333%; max-width: 33.3333333333%; } }.ad-pill-box { position: relative; width: 100%; padding-right: 15px; padding-left: 15px; margin-bottom: 1rem; }.ad-pill { height: 100%!important; padding: 1.25rem !important; border-radius: .5rem!important; border: 1px solid #48ca7c !important; }.ad-pill .rounded { border-radius: .5rem !important; }.ad-pill .shadow-sm { box-shadow: 0 .125rem .25rem rgba(25,33,40,.075) !important; }.ad-pill .ad-image { background: 50% no-repeat; background-size: contain; min-height: 129px; display: block; position: relative;  color: #343a40 !important; margin-bottom: 1rem !important; border-radius: .5rem !important; }.ad-pill .ad-image-price { bottom: 0.5rem; left: 0.5rem; display: inline-block; position: absolute; background: #fff; padding: 0 0.5em; }.ad-pill .ad-title { font-size: 1.25rem; margin-bottom: 0.5rem; }.ad-pill .text-muted { color: #a3a3a3 !important; line-height: 1.3; margin-bottom: 1rem; }.ad-pill .bg-light { background: #f0f1f2; border-radius: .5rem; padding: 5px; text-align: center; margin-bottom: 1rem; }.ad-pill .btn-primary { display: block; background: #48ca7c; border-radius: .5rem; padding: 5px; text-align: center; color: #fff !important; text-decoration: none !important; }.ad-pill .btn-primary:hover { background: #2c9958; }<\/style><div class=\"ads-list\" style=\"display: flex !important\"><div class=\"ad-pill-box\"><div class=\"ad-pill\"><a href=\"https:\/\/www.caravanas.net\/ad\/15196\/weinsberg-caraone-400-lk\" class=\"ad-image rounded mb-4\" style=\"background-image: url('https:\/\/caravanas.fra1.cdn.digitaloceanspaces.com\/public\/129812\/conversions\/IMG_0549-web.jpg');\"><div class=\"ad-image-price d-inline-block bg-white rounded py-1 px-3 position-absolute shadow-sm\"><div class=\"price-amount big\">18.400 \u20ac<\/div><\/div><\/a><div class=\"ad-title text-truncate\">Weinsberg CARAONE 400 LK<\/div><div class=\"mb-4 text-muted\">WEINSBERG CARAONE 400 LK, a\u00f1o Agosto  2019, seminueva, sal\u00f3n convertible en cama...<\/div><div class=\"details mb-3\"><div class=\"flex-row\"><div class=\"flex-col\"><div class=\"text-center bg-light rounded py-2\">4 viajar<\/div><\/div><div class=\"flex-col\"><div class=\"text-center bg-light rounded py-2\">4 dormir<\/div><\/div><\/div><\/div><div class=\"flex-row\"><div class=\"flex-col\"><a href=\"https:\/\/www.caravanas.net\/ad\/15196\/weinsberg-caraone-400-lk\" target=\"_blank\" class=\"btn btn-block btn-primary\">Contactar<\/a><\/div><div class=\"flex-col\"><a href=\"https:\/\/www.caravanas.net\/ad\/15196\/weinsberg-caraone-400-lk\" target=\"_blank\" class=\"btn-primary\">+ info<\/a><\/div><\/div><\/div><\/div><div class=\"ad-pill-box\"><div class=\"ad-pill\"><a href=\"https:\/\/www.caravanas.net\/ad\/15195\/knaus-sport-500-qdk\" class=\"ad-image rounded mb-4\" style=\"background-image: url('https:\/\/caravanas.fra1.cdn.digitaloceanspaces.com\/public\/129785\/conversions\/IMG_0537-web.jpg');\"><div class=\"ad-image-price d-inline-block bg-white rounded py-1 px-3 position-absolute shadow-sm\"><div class=\"price-amount big\">29.290 \u20ac<\/div><\/div><\/a><div class=\"ad-title text-truncate\">Knaus SPORT 500 QDK<\/div><div class=\"mb-4 text-muted\">Caracter\u00edsticas:Marca                 KnausModelo               Sport 500 QDKTipo                     3 ambientesAntig\u00fcedad      NuevaPlazas                  6Distribuci\u00f3n     Cama delantera, cama...<\/div><div class=\"details mb-3\"><div class=\"flex-row\"><div class=\"flex-col\"><div class=\"text-center bg-light rounded py-2\">6 viajar<\/div><\/div><div class=\"flex-col\"><div class=\"text-center bg-light rounded py-2\">6 dormir<\/div><\/div><\/div><\/div><div class=\"flex-row\"><div class=\"flex-col\"><a href=\"https:\/\/www.caravanas.net\/ad\/15195\/knaus-sport-500-qdk\" target=\"_blank\" class=\"btn btn-block btn-primary\">Contactar<\/a><\/div><div class=\"flex-col\"><a href=\"https:\/\/www.caravanas.net\/ad\/15195\/knaus-sport-500-qdk\" target=\"_blank\" class=\"btn-primary\">+ info<\/a><\/div><\/div><\/div><\/div><div class=\"ad-pill-box\"><div class=\"ad-pill\"><a href=\"https:\/\/www.caravanas.net\/ad\/15192\/sterckeman-490-pe\" class=\"ad-image rounded mb-4\" style=\"background-image: url('https:\/\/caravanas.fra1.cdn.digitaloceanspaces.com\/public\/129754\/conversions\/1-web.jpg');\"><div class=\"ad-image-price d-inline-block bg-white rounded py-1 px-3 position-absolute shadow-sm\"><div class=\"price-amount big\">15.000 \u20ac<\/div><\/div><\/a><div class=\"ad-title text-truncate\">Sterckeman 490 PE<\/div><div class=\"mb-4 text-muted\">Sterckeman 490 Evolution del a\u00f1o 2010 pr\u00e1cticamente como nueva, usada hasta 2019...<\/div><div class=\"details mb-3\"><div class=\"flex-row\"><div class=\"flex-col\"><div class=\"text-center bg-light rounded py-2\">3 viajar<\/div><\/div><div class=\"flex-col\"><div class=\"text-center bg-light rounded py-2\">6 dormir<\/div><\/div><\/div><\/div><div class=\"flex-row\"><div class=\"flex-col\"><a href=\"https:\/\/www.caravanas.net\/ad\/15192\/sterckeman-490-pe\" target=\"_blank\" class=\"btn btn-block btn-primary\">Contactar<\/a><\/div><div class=\"flex-col\"><a href=\"https:\/\/www.caravanas.net\/ad\/15192\/sterckeman-490-pe\" target=\"_blank\" class=\"btn-primary\">+ info<\/a><\/div><\/div><\/div><\/div><\/div>\u00a0<\/span><\/p>\n<p>Sin duda la <a href=\"https:\/\/www.caravanas.net\/search\/caravana\/fendt?limit=20\">marca Fendt<\/a> fue la m\u00e1s premiada, ganando los primeros puestos en las categor\u00edas de gama media alta, superior y lujo, por tanto ser\u00e1 <strong>una buena compra para quienes deseen m\u00e1s calidad y comodidad.<\/strong><\/p>\n<p>Sin embargo hay que tener en cuenta a la caravana de clase econ\u00f3mica elegida por lo lectores, ya que la marca Dethleffs es considerada una de las mejores marcas de caravanas, por lo que sin duda <strong>comprar la C&#8217;Go\/UP ser\u00e1 una apuesta ganadora para quienes se inicien en el caravaning.<\/strong><\/p>\n<p>En conclusi\u00f3n <a href=\"https:\/\/www.caravanas.net\/noticias\/5-beneficios-que-te-aporta-viajar-en-caravana\/\">comprar una caravana tiene ventajas que las autocaravanas no tienen<\/a>, si te gustar\u00eda llevar tu casa a tus viajes esta es una buena opci\u00f3n a considerar.<\/p>\n<p>&nbsp;<\/p>\n<p>&nbsp;<\/p>\n","protected":false},"excerpt":{"rendered":"<p>Despu\u00e9s de una pausa de 2 a\u00f1os, ha vuelto una de las ferias m\u00e1s importantes del sector de las caravanas de Europa, la CMT&hellip;<\/p>\n","protected":false},"author":3,"featured_media":4470,"comment_status":"open","ping_status":"open","sticky":false,"template":"","format":"standard","meta":{"_jetpack_memberships_contains_paid_content":false,"footnotes":""},"categories":[16,19],"tags":[],"class_list":["post-4432","post","type-post","status-publish","format-standard","has-post-thumbnail","hentry","category-actualidad","category-modelos"],"aioseo_notices":[],"jetpack_featured_media_url":"https:\/\/i0.wp.com\/www.caravanas.net\/noticias\/wp-content\/uploads\/2023\/01\/Estas-son-las-caravanas-y-marcas-premiadas-en-CMT-2023.jpg?fit=2560%2C1365&ssl=1","jetpack_sharing_enabled":true,"_links":{"self":[{"href":"https:\/\/www.caravanas.net\/noticias\/wp-json\/wp\/v2\/posts\/4432","targetHints":{"allow":["GET"]}}],"collection":[{"href":"https:\/\/www.caravanas.net\/noticias\/wp-json\/wp\/v2\/posts"}],"about":[{"href":"https:\/\/www.caravanas.net\/noticias\/wp-json\/wp\/v2\/types\/post"}],"author":[{"embeddable":true,"href":"https:\/\/www.caravanas.net\/noticias\/wp-json\/wp\/v2\/users\/3"}],"replies":[{"embeddable":true,"href":"https:\/\/www.caravanas.net\/noticias\/wp-json\/wp\/v2\/comments?post=4432"}],"version-history":[{"count":0,"href":"https:\/\/www.caravanas.net\/noticias\/wp-json\/wp\/v2\/posts\/4432\/revisions"}],"wp:featuredmedia":[{"embeddable":true,"href":"https:\/\/www.caravanas.net\/noticias\/wp-json\/wp\/v2\/media\/4470"}],"wp:attachment":[{"href":"https:\/\/www.caravanas.net\/noticias\/wp-json\/wp\/v2\/media?parent=4432"}],"wp:term":[{"taxonomy":"category","embeddable":true,"href":"https:\/\/www.caravanas.net\/noticias\/wp-json\/wp\/v2\/categories?post=4432"},{"taxonomy":"post_tag","embeddable":true,"href":"https:\/\/www.caravanas.net\/noticias\/wp-json\/wp\/v2\/tags?post=4432"}],"curies":[{"name":"wp","href":"https:\/\/api.w.org\/{rel}","templated":true}]}}