{"id":3896,"date":"2022-08-05T18:32:00","date_gmt":"2022-08-05T16:32:00","guid":{"rendered":"https:\/\/www.caravanas.net\/noticias\/?p=3896"},"modified":"2023-03-27T10:15:06","modified_gmt":"2023-03-27T08:15:06","slug":"pais-vasco-en-autocaravana","status":"publish","type":"post","link":"https:\/\/www.caravanas.net\/noticias\/pais-vasco-en-autocaravana\/","title":{"rendered":"Gu\u00eda para conocer el Pa\u00eds Vasco en autocaravana"},"content":{"rendered":"<p><span style=\"font-weight: 400;\">El <\/span><b>Pa\u00eds Vasco o Euskadi <\/b><span style=\"font-weight: 400;\">es uno de los destinos favoritos para visitar desde junio a agosto, su <\/span><b>estupenda red de carreteras <\/b><span style=\"font-weight: 400;\">facilita recorrerla en <\/span><b>autocaravana o camper.<\/b><\/p>\n<p><span style=\"font-weight: 400;\">Pero adem\u00e1s sus <\/span><b>veranos templados<\/b><span style=\"font-weight: 400;\"> con una temperatura media de entre 25\u00ba\/11\u00ba junto a sus amplias <\/span><b>zonas verdes con rutas de <\/b><span style=\"font-weight: 400;\"><b>senderismo<\/b>\u00a0y su litoral con <\/span><b>252 km de costa <\/b><span style=\"font-weight: 400;\">son el reclamo perfecto para cualquier campista.<\/span><\/p>\n<p><span style=\"font-weight: 400;\">Situada<\/span><b> al norte de Espa\u00f1a<\/b><span style=\"font-weight: 400;\">, limita con Francia, al oeste con<\/span><a href=\"https:\/\/www.caravanas.net\/noticias\/ruta-por-cantabria-en-autocaravana\/\"><span style=\"font-weight: 400;\"> Cantabria<\/span><\/a><span style=\"font-weight: 400;\">, Castilla y Le\u00f3n, al este y sur con Navarra y La Rioja. <img data-recalc-dims=\"1\" decoding=\"async\" class=\"alignnone size-full wp-image-3899\" src=\"https:\/\/i0.wp.com\/www.caravanas.net\/noticias\/wp-content\/uploads\/2022\/08\/Mapa-Euskadi-_Pais-Vasco.jpg?resize=1170%2C624&#038;ssl=1\" alt=\"Mapa Euskadi _Pa\u00eds Vasco\" width=\"1170\" height=\"624\" srcset=\"https:\/\/i0.wp.com\/www.caravanas.net\/noticias\/wp-content\/uploads\/2022\/08\/Mapa-Euskadi-_Pais-Vasco.jpg?w=2560&amp;ssl=1 2560w, https:\/\/i0.wp.com\/www.caravanas.net\/noticias\/wp-content\/uploads\/2022\/08\/Mapa-Euskadi-_Pais-Vasco.jpg?resize=300%2C160&amp;ssl=1 300w, https:\/\/i0.wp.com\/www.caravanas.net\/noticias\/wp-content\/uploads\/2022\/08\/Mapa-Euskadi-_Pais-Vasco.jpg?resize=1024%2C546&amp;ssl=1 1024w, https:\/\/i0.wp.com\/www.caravanas.net\/noticias\/wp-content\/uploads\/2022\/08\/Mapa-Euskadi-_Pais-Vasco.jpg?resize=768%2C410&amp;ssl=1 768w, https:\/\/i0.wp.com\/www.caravanas.net\/noticias\/wp-content\/uploads\/2022\/08\/Mapa-Euskadi-_Pais-Vasco.jpg?resize=1536%2C819&amp;ssl=1 1536w, https:\/\/i0.wp.com\/www.caravanas.net\/noticias\/wp-content\/uploads\/2022\/08\/Mapa-Euskadi-_Pais-Vasco.jpg?resize=2048%2C1092&amp;ssl=1 2048w, https:\/\/i0.wp.com\/www.caravanas.net\/noticias\/wp-content\/uploads\/2022\/08\/Mapa-Euskadi-_Pais-Vasco.jpg?resize=1920%2C1024&amp;ssl=1 1920w, https:\/\/i0.wp.com\/www.caravanas.net\/noticias\/wp-content\/uploads\/2022\/08\/Mapa-Euskadi-_Pais-Vasco.jpg?resize=1170%2C624&amp;ssl=1 1170w, https:\/\/i0.wp.com\/www.caravanas.net\/noticias\/wp-content\/uploads\/2022\/08\/Mapa-Euskadi-_Pais-Vasco.jpg?resize=585%2C312&amp;ssl=1 585w, https:\/\/i0.wp.com\/www.caravanas.net\/noticias\/wp-content\/uploads\/2022\/08\/Mapa-Euskadi-_Pais-Vasco.jpg?w=2340&amp;ssl=1 2340w\" sizes=\"(max-width: 1170px) 100vw, 1170px\" \/><\/span><\/p>\n<p><span style=\"font-weight: 400;\">Tiene una<\/span><b> superficie de 7.234 km\u00b2<\/b><span style=\"font-weight: 400;\"> y se divide en <\/span><b>tres provincias o territorios hist\u00f3ricos<\/b><span style=\"font-weight: 400;\">:\u00a0<\/span><\/p>\n<ul>\n<li style=\"font-weight: 400;\" aria-level=\"1\"><span style=\"font-weight: 400;\">Guip\u00fazcoa o Gipuzkoa, capital es San Sebasti\u00e1n.<\/span><\/li>\n<li style=\"font-weight: 400;\" aria-level=\"1\"><span style=\"font-weight: 400;\">Vizcaya o Bizkaia, capital es Bilbao.<\/span><\/li>\n<li style=\"font-weight: 400;\" aria-level=\"1\"><span style=\"font-weight: 400;\">\u00c1lava o Araba, capital es Vitoria-Gasteiz.<\/span><\/li>\n<\/ul>\n<p><!--more--><\/p>\n<p><span style=\"font-weight: 400;\">Ya situados, a continuaci\u00f3n te contaremos qu\u00e9 ver y hacer en esta comunidad aut\u00f3noma y los principales atractivos de cada provincia, mientras aqu\u00ed te dejamos unas listas resumidas para que vayas tomando nota.<\/span><\/p>\n<h2><\/h2>\n<h2>Destinos destacados del Pa\u00eds Vasco:<\/h2>\n<div id=\"attachment_3901\" style=\"width: 2570px\" class=\"wp-caption alignnone\"><img data-recalc-dims=\"1\" decoding=\"async\" aria-describedby=\"caption-attachment-3901\" class=\"size-full wp-image-3901\" src=\"https:\/\/i0.wp.com\/www.caravanas.net\/noticias\/wp-content\/uploads\/2022\/08\/Ermita-de-San-Juan-de-Gaztelugatxe.jpg?resize=1170%2C624&#038;ssl=1\" alt=\"Ermita de San Juan de Gaztelugatxe\" width=\"1170\" height=\"624\" srcset=\"https:\/\/i0.wp.com\/www.caravanas.net\/noticias\/wp-content\/uploads\/2022\/08\/Ermita-de-San-Juan-de-Gaztelugatxe.jpg?w=2560&amp;ssl=1 2560w, https:\/\/i0.wp.com\/www.caravanas.net\/noticias\/wp-content\/uploads\/2022\/08\/Ermita-de-San-Juan-de-Gaztelugatxe.jpg?resize=300%2C160&amp;ssl=1 300w, https:\/\/i0.wp.com\/www.caravanas.net\/noticias\/wp-content\/uploads\/2022\/08\/Ermita-de-San-Juan-de-Gaztelugatxe.jpg?resize=1024%2C546&amp;ssl=1 1024w, https:\/\/i0.wp.com\/www.caravanas.net\/noticias\/wp-content\/uploads\/2022\/08\/Ermita-de-San-Juan-de-Gaztelugatxe.jpg?resize=768%2C410&amp;ssl=1 768w, https:\/\/i0.wp.com\/www.caravanas.net\/noticias\/wp-content\/uploads\/2022\/08\/Ermita-de-San-Juan-de-Gaztelugatxe.jpg?resize=1536%2C819&amp;ssl=1 1536w, https:\/\/i0.wp.com\/www.caravanas.net\/noticias\/wp-content\/uploads\/2022\/08\/Ermita-de-San-Juan-de-Gaztelugatxe.jpg?resize=2048%2C1092&amp;ssl=1 2048w, https:\/\/i0.wp.com\/www.caravanas.net\/noticias\/wp-content\/uploads\/2022\/08\/Ermita-de-San-Juan-de-Gaztelugatxe.jpg?resize=1920%2C1024&amp;ssl=1 1920w, https:\/\/i0.wp.com\/www.caravanas.net\/noticias\/wp-content\/uploads\/2022\/08\/Ermita-de-San-Juan-de-Gaztelugatxe.jpg?resize=1170%2C624&amp;ssl=1 1170w, https:\/\/i0.wp.com\/www.caravanas.net\/noticias\/wp-content\/uploads\/2022\/08\/Ermita-de-San-Juan-de-Gaztelugatxe.jpg?resize=585%2C312&amp;ssl=1 585w, https:\/\/i0.wp.com\/www.caravanas.net\/noticias\/wp-content\/uploads\/2022\/08\/Ermita-de-San-Juan-de-Gaztelugatxe.jpg?w=2340&amp;ssl=1 2340w\" sizes=\"(max-width: 1170px) 100vw, 1170px\" \/><p id=\"caption-attachment-3901\" class=\"wp-caption-text\">Ermita de San Juan de Gaztelugatxe<\/p><\/div>\n<ul>\n<li style=\"font-weight: 400;\" aria-level=\"1\"><span style=\"font-weight: 400;\">San Juan de Gaztelugatxe, escenario de Rocadrag\u00f3n en la serie Juego de Tronos.<\/span><\/li>\n<li style=\"font-weight: 400;\" aria-level=\"1\"><span style=\"font-weight: 400;\">Lekeitio, pueblo pesquero de gran encanto de Bizkaia.<\/span><\/li>\n<li style=\"font-weight: 400;\" aria-level=\"1\"><span style=\"font-weight: 400;\">Laguardia, \u00c1lava, zona ideal para hacer <a href=\"https:\/\/www.caravanas.net\/noticias\/enoturismo-en-autocaravana\/\">enoturismo.<\/a><\/span><\/li>\n<li style=\"font-weight: 400;\" aria-level=\"1\"><span style=\"font-weight: 400;\">Zumaia, ruta de los flysch.<\/span><\/li>\n<li aria-level=\"1\"><span style=\"font-weight: 400;\">Gernika-Lumo, localidad m\u00e1s representativa de Bizkaia, visita su Museo de la Paz.<\/span><\/li>\n<li style=\"font-weight: 400;\" aria-level=\"1\"><span style=\"font-weight: 400;\">Hondarribia, uno de los pueblos m\u00e1s bellos de Euskadi.<\/span><\/li>\n<\/ul>\n<h3><\/h3>\n<h3>Lugares de inter\u00e9s:<\/h3>\n<div id=\"attachment_3900\" style=\"width: 2570px\" class=\"wp-caption alignnone\"><img data-recalc-dims=\"1\" decoding=\"async\" aria-describedby=\"caption-attachment-3900\" class=\"size-full wp-image-3900\" src=\"https:\/\/i0.wp.com\/www.caravanas.net\/noticias\/wp-content\/uploads\/2022\/08\/Castillo-de-Butron.jpg?resize=1170%2C624&#038;ssl=1\" alt=\"Castillo de Butr\u00f3n\" width=\"1170\" height=\"624\" srcset=\"https:\/\/i0.wp.com\/www.caravanas.net\/noticias\/wp-content\/uploads\/2022\/08\/Castillo-de-Butron.jpg?w=2560&amp;ssl=1 2560w, https:\/\/i0.wp.com\/www.caravanas.net\/noticias\/wp-content\/uploads\/2022\/08\/Castillo-de-Butron.jpg?resize=300%2C160&amp;ssl=1 300w, https:\/\/i0.wp.com\/www.caravanas.net\/noticias\/wp-content\/uploads\/2022\/08\/Castillo-de-Butron.jpg?resize=1024%2C546&amp;ssl=1 1024w, https:\/\/i0.wp.com\/www.caravanas.net\/noticias\/wp-content\/uploads\/2022\/08\/Castillo-de-Butron.jpg?resize=768%2C410&amp;ssl=1 768w, https:\/\/i0.wp.com\/www.caravanas.net\/noticias\/wp-content\/uploads\/2022\/08\/Castillo-de-Butron.jpg?resize=1536%2C819&amp;ssl=1 1536w, https:\/\/i0.wp.com\/www.caravanas.net\/noticias\/wp-content\/uploads\/2022\/08\/Castillo-de-Butron.jpg?resize=2048%2C1092&amp;ssl=1 2048w, https:\/\/i0.wp.com\/www.caravanas.net\/noticias\/wp-content\/uploads\/2022\/08\/Castillo-de-Butron.jpg?resize=1920%2C1024&amp;ssl=1 1920w, https:\/\/i0.wp.com\/www.caravanas.net\/noticias\/wp-content\/uploads\/2022\/08\/Castillo-de-Butron.jpg?resize=1170%2C624&amp;ssl=1 1170w, https:\/\/i0.wp.com\/www.caravanas.net\/noticias\/wp-content\/uploads\/2022\/08\/Castillo-de-Butron.jpg?resize=585%2C312&amp;ssl=1 585w, https:\/\/i0.wp.com\/www.caravanas.net\/noticias\/wp-content\/uploads\/2022\/08\/Castillo-de-Butron.jpg?w=2340&amp;ssl=1 2340w\" sizes=\"(max-width: 1170px) 100vw, 1170px\" \/><p id=\"caption-attachment-3900\" class=\"wp-caption-text\">Castillo de Butr\u00f3n<\/p><\/div>\n<ul>\n<li><span style=\"font-weight: 400;\">Castillo de Butr\u00f3n, fortaleza neog\u00f3tica de origen medieval, declarada Patrimonio Hist\u00f3rico.<\/span><\/li>\n<li style=\"font-weight: 400;\" aria-level=\"1\"><span style=\"font-weight: 400;\">Museo Guggenheim en Bilbao<\/span><\/li>\n<li><span style=\"font-weight: 400;\">Casco Viejo de Bilbao<\/span><\/li>\n<li style=\"font-weight: 400;\" aria-level=\"1\"><span style=\"font-weight: 400;\">Playa de La Concha en San Sebasti\u00e1n<\/span><\/li>\n<li><span style=\"font-weight: 400;\">Parte Vieja de San Sebasti\u00e1n<\/span><\/li>\n<li style=\"font-weight: 400;\" aria-level=\"1\"><span style=\"font-weight: 400;\">Catedral de Santa Mar\u00eda de Vitoria-Gasteiz<\/span><\/li>\n<li style=\"font-weight: 400;\" aria-level=\"1\"><span style=\"font-weight: 400;\">Casco Antiguo de Vitoria-Gasteiz<\/span><\/li>\n<\/ul>\n<h3><\/h3>\n<h3>Fiestas populares:<\/h3>\n<ul>\n<li>Bilbao (Semana Grande del 20 al 28 de agosto)<\/li>\n<li>San Sebasti\u00e1n (Semana Grande del 13 al 20 de agosto)<\/li>\n<\/ul>\n<p><span style=\"font-weight: 400;\">Uno de los grandes atractivos del Pa\u00eds Vasco es su litoral, en el que ver encantadores pueblos pesqueros, abruptos acantilados, extensas playas y probar su exquisita gastronom\u00eda mar\u00edtima.<\/span><\/p>\n<p><img data-recalc-dims=\"1\" decoding=\"async\" class=\"alignnone size-full wp-image-3898\" src=\"https:\/\/i0.wp.com\/www.caravanas.net\/noticias\/wp-content\/uploads\/2022\/08\/Comida-Vasca-platos-tipicos.jpg?resize=1170%2C624&#038;ssl=1\" alt=\"Comida Vasca, platos t\u00edpicos\" width=\"1170\" height=\"624\" srcset=\"https:\/\/i0.wp.com\/www.caravanas.net\/noticias\/wp-content\/uploads\/2022\/08\/Comida-Vasca-platos-tipicos.jpg?w=2560&amp;ssl=1 2560w, https:\/\/i0.wp.com\/www.caravanas.net\/noticias\/wp-content\/uploads\/2022\/08\/Comida-Vasca-platos-tipicos.jpg?resize=300%2C160&amp;ssl=1 300w, https:\/\/i0.wp.com\/www.caravanas.net\/noticias\/wp-content\/uploads\/2022\/08\/Comida-Vasca-platos-tipicos.jpg?resize=1024%2C546&amp;ssl=1 1024w, https:\/\/i0.wp.com\/www.caravanas.net\/noticias\/wp-content\/uploads\/2022\/08\/Comida-Vasca-platos-tipicos.jpg?resize=768%2C410&amp;ssl=1 768w, https:\/\/i0.wp.com\/www.caravanas.net\/noticias\/wp-content\/uploads\/2022\/08\/Comida-Vasca-platos-tipicos.jpg?resize=1536%2C819&amp;ssl=1 1536w, https:\/\/i0.wp.com\/www.caravanas.net\/noticias\/wp-content\/uploads\/2022\/08\/Comida-Vasca-platos-tipicos.jpg?resize=2048%2C1092&amp;ssl=1 2048w, https:\/\/i0.wp.com\/www.caravanas.net\/noticias\/wp-content\/uploads\/2022\/08\/Comida-Vasca-platos-tipicos.jpg?resize=1920%2C1024&amp;ssl=1 1920w, https:\/\/i0.wp.com\/www.caravanas.net\/noticias\/wp-content\/uploads\/2022\/08\/Comida-Vasca-platos-tipicos.jpg?resize=1170%2C624&amp;ssl=1 1170w, https:\/\/i0.wp.com\/www.caravanas.net\/noticias\/wp-content\/uploads\/2022\/08\/Comida-Vasca-platos-tipicos.jpg?resize=585%2C312&amp;ssl=1 585w, https:\/\/i0.wp.com\/www.caravanas.net\/noticias\/wp-content\/uploads\/2022\/08\/Comida-Vasca-platos-tipicos.jpg?w=2340&amp;ssl=1 2340w\" sizes=\"(max-width: 1170px) 100vw, 1170px\" \/><\/p>\n<p><span style=\"font-weight: 400;\">Toda la costa ofrece unas vistas y <strong>atardeceres espectaculares, con playas de arena fina y dorada,<\/strong> la mayor\u00eda con todos los servicios y de f\u00e1cil acceso.<\/span><\/p>\n<p><span style=\"font-weight: 400;\">El agitado <\/span><b>mar Cant\u00e1brico<\/b><span style=\"font-weight: 400;\"> provoca<\/span><b> olas de m\u00e1s de 7 metros de altura<\/b><span style=\"font-weight: 400;\">, lo que atrae a surfistas y amantes de los deportes acu\u00e1ticos.<\/span><\/p>\n<p>&nbsp;<\/p>\n<h3>Las mejores playas del Pa\u00eds Vasco:<\/h3>\n<div id=\"attachment_3903\" style=\"width: 2570px\" class=\"wp-caption alignnone\"><img data-recalc-dims=\"1\" decoding=\"async\" aria-describedby=\"caption-attachment-3903\" class=\"wp-image-3903 size-full\" src=\"https:\/\/i0.wp.com\/www.caravanas.net\/noticias\/wp-content\/uploads\/2022\/08\/San-Sebastian-bahia-de-la-Concha.jpg?resize=1170%2C624&#038;ssl=1\" alt=\"San Sebasti\u00e1n, bah\u00eda de la Concha\" width=\"1170\" height=\"624\" srcset=\"https:\/\/i0.wp.com\/www.caravanas.net\/noticias\/wp-content\/uploads\/2022\/08\/San-Sebastian-bahia-de-la-Concha.jpg?w=2560&amp;ssl=1 2560w, https:\/\/i0.wp.com\/www.caravanas.net\/noticias\/wp-content\/uploads\/2022\/08\/San-Sebastian-bahia-de-la-Concha.jpg?resize=300%2C160&amp;ssl=1 300w, https:\/\/i0.wp.com\/www.caravanas.net\/noticias\/wp-content\/uploads\/2022\/08\/San-Sebastian-bahia-de-la-Concha.jpg?resize=1024%2C546&amp;ssl=1 1024w, https:\/\/i0.wp.com\/www.caravanas.net\/noticias\/wp-content\/uploads\/2022\/08\/San-Sebastian-bahia-de-la-Concha.jpg?resize=768%2C410&amp;ssl=1 768w, https:\/\/i0.wp.com\/www.caravanas.net\/noticias\/wp-content\/uploads\/2022\/08\/San-Sebastian-bahia-de-la-Concha.jpg?resize=1536%2C819&amp;ssl=1 1536w, https:\/\/i0.wp.com\/www.caravanas.net\/noticias\/wp-content\/uploads\/2022\/08\/San-Sebastian-bahia-de-la-Concha.jpg?resize=2048%2C1092&amp;ssl=1 2048w, https:\/\/i0.wp.com\/www.caravanas.net\/noticias\/wp-content\/uploads\/2022\/08\/San-Sebastian-bahia-de-la-Concha.jpg?resize=1920%2C1024&amp;ssl=1 1920w, https:\/\/i0.wp.com\/www.caravanas.net\/noticias\/wp-content\/uploads\/2022\/08\/San-Sebastian-bahia-de-la-Concha.jpg?resize=1170%2C624&amp;ssl=1 1170w, https:\/\/i0.wp.com\/www.caravanas.net\/noticias\/wp-content\/uploads\/2022\/08\/San-Sebastian-bahia-de-la-Concha.jpg?resize=585%2C312&amp;ssl=1 585w, https:\/\/i0.wp.com\/www.caravanas.net\/noticias\/wp-content\/uploads\/2022\/08\/San-Sebastian-bahia-de-la-Concha.jpg?w=2340&amp;ssl=1 2340w\" sizes=\"(max-width: 1170px) 100vw, 1170px\" \/><p id=\"caption-attachment-3903\" class=\"wp-caption-text\">San Sebasti\u00e1n, bah\u00eda de la Concha<\/p><\/div>\n<ul>\n<li style=\"font-weight: 400;\" aria-level=\"1\"><span style=\"font-weight: 400;\">Playa de Laida, Mundaka, Bizkaia<\/span><\/li>\n<li style=\"font-weight: 400;\" aria-level=\"1\"><span style=\"font-weight: 400;\">Playa de Laga, Reserva de la Biosfera Urdaibai, Bizkaia<\/span><\/li>\n<li style=\"font-weight: 400;\" aria-level=\"1\"><span style=\"font-weight: 400;\">Playa de Lekeito, Bizkaia<\/span><\/li>\n<li style=\"font-weight: 400;\" aria-level=\"1\"><span style=\"font-weight: 400;\">Playa de Azkorri o Gorrondatxe, Getxo, Bizkaia<\/span><\/li>\n<li style=\"font-weight: 400;\" aria-level=\"1\"><span style=\"font-weight: 400;\">Playas de Sopela, Bizkaia<\/span><\/li>\n<li style=\"font-weight: 400;\" aria-level=\"1\"><span style=\"font-weight: 400;\">Playa de La Concha, San Sebasti\u00e1n, Guip\u00fazcoa<\/span><\/li>\n<li style=\"font-weight: 400;\" aria-level=\"1\"><span style=\"font-weight: 400;\">Playa de Itzurun, Zumaia, Guip\u00fazcoa<\/span><\/li>\n<li style=\"font-weight: 400;\" aria-level=\"1\"><span style=\"font-weight: 400;\">Playa de Zarautz, Guip\u00fazcoa<\/span><\/li>\n<li style=\"font-weight: 400;\" aria-level=\"1\"><span style=\"font-weight: 400;\">Playa de Malkorbe, Getaria, Guip\u00fazcoa<\/span><\/li>\n<li style=\"font-weight: 400;\" aria-level=\"1\"><span style=\"font-weight: 400;\">Playa de Santiago de Deba, Guip\u00fazcoa<\/span><\/li>\n<\/ul>\n<h2><\/h2>\n<h4>Qu\u00e9 ver en la costa Vasca:<\/h4>\n<div id=\"attachment_3902\" style=\"width: 2570px\" class=\"wp-caption alignnone\"><img data-recalc-dims=\"1\" decoding=\"async\" aria-describedby=\"caption-attachment-3902\" class=\"size-full wp-image-3902\" src=\"https:\/\/i0.wp.com\/www.caravanas.net\/noticias\/wp-content\/uploads\/2022\/08\/flysch-en-Zumaia-Pais-Vasco.jpg?resize=1170%2C624&#038;ssl=1\" alt=\"flysch en Zumaia, Pa\u00eds Vasco\" width=\"1170\" height=\"624\" srcset=\"https:\/\/i0.wp.com\/www.caravanas.net\/noticias\/wp-content\/uploads\/2022\/08\/flysch-en-Zumaia-Pais-Vasco.jpg?w=2560&amp;ssl=1 2560w, https:\/\/i0.wp.com\/www.caravanas.net\/noticias\/wp-content\/uploads\/2022\/08\/flysch-en-Zumaia-Pais-Vasco.jpg?resize=300%2C160&amp;ssl=1 300w, https:\/\/i0.wp.com\/www.caravanas.net\/noticias\/wp-content\/uploads\/2022\/08\/flysch-en-Zumaia-Pais-Vasco.jpg?resize=1024%2C546&amp;ssl=1 1024w, https:\/\/i0.wp.com\/www.caravanas.net\/noticias\/wp-content\/uploads\/2022\/08\/flysch-en-Zumaia-Pais-Vasco.jpg?resize=768%2C410&amp;ssl=1 768w, https:\/\/i0.wp.com\/www.caravanas.net\/noticias\/wp-content\/uploads\/2022\/08\/flysch-en-Zumaia-Pais-Vasco.jpg?resize=1536%2C819&amp;ssl=1 1536w, https:\/\/i0.wp.com\/www.caravanas.net\/noticias\/wp-content\/uploads\/2022\/08\/flysch-en-Zumaia-Pais-Vasco.jpg?resize=2048%2C1092&amp;ssl=1 2048w, https:\/\/i0.wp.com\/www.caravanas.net\/noticias\/wp-content\/uploads\/2022\/08\/flysch-en-Zumaia-Pais-Vasco.jpg?resize=1920%2C1024&amp;ssl=1 1920w, https:\/\/i0.wp.com\/www.caravanas.net\/noticias\/wp-content\/uploads\/2022\/08\/flysch-en-Zumaia-Pais-Vasco.jpg?resize=1170%2C624&amp;ssl=1 1170w, https:\/\/i0.wp.com\/www.caravanas.net\/noticias\/wp-content\/uploads\/2022\/08\/flysch-en-Zumaia-Pais-Vasco.jpg?resize=585%2C312&amp;ssl=1 585w, https:\/\/i0.wp.com\/www.caravanas.net\/noticias\/wp-content\/uploads\/2022\/08\/flysch-en-Zumaia-Pais-Vasco.jpg?w=2340&amp;ssl=1 2340w\" sizes=\"(max-width: 1170px) 100vw, 1170px\" \/><p id=\"caption-attachment-3902\" class=\"wp-caption-text\">flysch en Zumaia, Pa\u00eds Vasco<\/p><\/div>\n<ul>\n<li style=\"font-weight: 400;\" aria-level=\"1\"><span style=\"font-weight: 400;\">Bah\u00eda de Plentzia y Gorliz<\/span><\/li>\n<li style=\"font-weight: 400;\" aria-level=\"1\"><span style=\"font-weight: 400;\">Ermita de San Juan de Gaztelugatxe<\/span><\/li>\n<li style=\"font-weight: 400;\" aria-level=\"1\"><span style=\"font-weight: 400;\">Reserva de Urdaibai<\/span><\/li>\n<li style=\"font-weight: 400;\" aria-level=\"1\"><span style=\"font-weight: 400;\">Faro de Santa Catalina<\/span><\/li>\n<li style=\"font-weight: 400;\" aria-level=\"1\"><span style=\"font-weight: 400;\">Acantilado de los flysch<\/span><\/li>\n<li style=\"font-weight: 400;\" aria-level=\"1\"><span style=\"font-weight: 400;\">Getaria<\/span><\/li>\n<li style=\"font-weight: 400;\" aria-level=\"1\"><span style=\"font-weight: 400;\">San Sebasti\u00e1n<\/span><\/li>\n<li style=\"font-weight: 400;\" aria-level=\"1\"><span style=\"font-weight: 400;\">Pasaia<\/span><\/li>\n<li style=\"font-weight: 400;\" aria-level=\"1\"><span style=\"font-weight: 400;\">Bah\u00eda de Txingudi y Hondarribia<\/span><\/li>\n<\/ul>\n<p>&nbsp;<\/p>\n<h2><\/h2>\n<h2>Parques naturales de Euskadi<\/h2>\n<ul>\n<li>Parque Natural de Urkiola (Bizkaia)<\/li>\n<li>Parque Natural de Arma\u00f1\u00f3n (Bizkaia)<\/li>\n<li>Parque Natural de Gorbeia (Bizkaia\/Araba)<\/li>\n<li>Parque Natural de Valderejo (Araba)<\/li>\n<li>Parque Natural de Izki (Araba)<\/li>\n<li>Parque Natural Aizkorri-Aratz,\u00a0 Santuario de Aranzazu (Gipuzkoa\/Araba)<\/li>\n<li>Parque Natural de Pagoeta (Gipuzkoa)<\/li>\n<li>Parque Natural Aiako Harria (Gipuzkoa)<\/li>\n<li>Parque Natural de Aralar (Gipuzkoa y Navarra)<\/li>\n<\/ul>\n<p>&nbsp;<\/p>\n<h2>Provincia de Guip\u00fazcoa<\/h2>\n<p><span style=\"font-weight: 400;\"><strong>Su costa de 86 km<\/strong> se puede recorrer en menos de 1 hora. Su capital y ciudad m\u00e1s poblada es <strong>San Sebasti\u00e1n.<\/strong> \u00a0En este territorio se encuentran hermosas villas costeras como: <strong>Hondarribia, Zarautz, Zumaia, Getaria, Pasai Donibane y Mutriku.<\/strong><\/span><\/p>\n<p>En esta zona podemos hacer la <strong>ruta de los flysch<\/strong> con tramos de desnivel y unas impresionantes vistas, se puede tardar unas 4 h en acabarla<\/p>\n<p>No dejes de visitar la famosa<span style=\"font-weight: 400;\">\u00a0<\/span><b>playa de Itzurun<\/b><span style=\"font-weight: 400;\"> de arena negra, donde se rod\u00f3 el desembarco de Daenerys de la exitosa serie Juegos de Tronos<\/span><\/p>\n<p>&nbsp;<\/p>\n<h2>Provincia de Bizkaia<\/h2>\n<p><span style=\"font-weight: 400;\">La m\u00e1s poblada y con una <strong>costa salvaje de 150 km<\/strong>, se puede disfrutar en alguna de sus 29 playas de arena dorada y abruptos acantilados. No te olvides visitar <strong>San Juan de Gaztelugatxe, Lekeitio y la Reserva de la Biosfera de Urdaibai.<\/strong><\/span><\/p>\n<p><strong>Bilbao es la capital de la provincia de Vizcaya<\/strong> y la m\u00e1s poblada,<strong>\u00a0<\/strong>su Casco viejo, el <strong>Museo Guggenheim<\/strong> y el Mirador de Artxanda al atardecer son los imprescindibles de ver en esta zona.<\/p>\n<p>Otro de los atractivos de esta provincia es el <strong>Puente Bizkaia en Getxo<\/strong>, <span style=\"font-weight: 400;\">declarado Patrimonio de la Humanidad. Y por supuesto visita <strong>Gernika<\/strong>, una villa con gran carga simb\u00f3lica por el bombardeo de 1937, que evocar\u00eda Picasso en su c\u00e9lebre cuadro.<\/span><\/p>\n<p>&nbsp;<\/p>\n<h2>Provincia de Araba<\/h2>\n<p><span style=\"font-weight: 400;\">\u00c1lava es conocida por la <strong>excelente calidad de sus vinos<\/strong> procedentes de la<strong> Rioja Alavesa<\/strong>, la comarca m\u00e1s meridional del territorio.\u00a0 <\/span>Siendo <strong>Laguardia, <\/strong>un peque\u00f1o pueblo medieval amurallado con fama de tener los mejores vinos.<\/p>\n<p><span style=\"font-weight: 400;\">La capital de Araba es <b>Vitoria-Gasteiz<\/b>, Sede del Parlamento Vasco y famosa por ser una ciudad verde, as\u00ed que es perfecta para recorrerla a pie o en bicicleta.<\/span><\/p>\n<p>En esta zona tambi\u00e9n podremos hacer rutas de senderismo por los impresionantes <strong>parque naturales como el de Gorbeia o el de Urkiola <\/strong>en donde caminar bajo <a href=\"https:\/\/www.caravanas.net\/noticias\/paisajes-de-otono-en-espana\/\">hayedos, que en oto\u00f1o es cuando m\u00e1s belleza muestran.<\/a><\/p>\n<p>&nbsp;<\/p>\n<h3><span style=\"font-weight: 400;\">D\u00f3nde pernoctar:<\/span><\/h3>\n<ul>\n<li><b>\u00c1rea autocaravanas Igueldo San Sebasti\u00e1n<\/b><span style=\"font-weight: 400;\">, situado en un precioso lugar entre la monta\u00f1a y el mar, a tan solo 5 kil\u00f3metros de la playa de Ondarreta en San Sebasti\u00e1n.\u00a0<\/span><\/li>\n<li><b>\u00c1rea autocaravanas y caravanas Lanestosa<\/b><span style=\"font-weight: 400;\">, el parking se ubica en una zona verde de 6000 metros, dividida en 22 parcelas valladas, con paredes de 3 metros de altura<\/span><\/li>\n<li><b>Autocaravaning Kobetamendi <\/b><span style=\"font-weight: 400;\">ofrece a los turistas que viajen con caravana o autocaravana un espacio en el que descansar, proveyendo de todas las comodidades posibles en un espacio p\u00fablico desde el que poder disfrutar de unas hermosas vistas de la ciudad.<\/span><\/li>\n<li><b>Camping El Roble Verde<\/b><span style=\"font-weight: 400;\">, situado en el sur de \u00c1lava, entre los pueblos de Pobes y La Puebla de Arganz\u00f3n.<\/span><\/li>\n<\/ul>\n<p><span style=\"font-weight: 400;\"><style type=\"text\/css\">.text-truncate { overflow: hidden; text-overflow: ellipsis; white-space: nowrap; }.flex-row { display: flex; flex-wrap: wrap; margin-right: -15px; margin-left: -15px; }.flex-col { flex-basis: 0; flex-grow: 1; max-width: 100%; position: relative; width: 100%; padding-right: 15px; padding-left: 15px; }.ads-list { display: flex !important; flex-wrap: wrap; margin-right: -15px; margin-left: -15px; }@media (min-width: 768px) { .ad-pill-box { flex: 0 0 33.3333333333%; max-width: 33.3333333333%; } }.ad-pill-box { position: relative; width: 100%; padding-right: 15px; padding-left: 15px; margin-bottom: 1rem; }.ad-pill { height: 100%!important; padding: 1.25rem !important; border-radius: .5rem!important; border: 1px solid #48ca7c !important; }.ad-pill .rounded { border-radius: .5rem !important; }.ad-pill .shadow-sm { box-shadow: 0 .125rem .25rem rgba(25,33,40,.075) !important; }.ad-pill .ad-image { background: 50% no-repeat; background-size: contain; min-height: 129px; display: block; position: relative;  color: #343a40 !important; margin-bottom: 1rem !important; border-radius: .5rem !important; }.ad-pill .ad-image-price { bottom: 0.5rem; left: 0.5rem; display: inline-block; position: absolute; background: #fff; padding: 0 0.5em; }.ad-pill .ad-title { font-size: 1.25rem; margin-bottom: 0.5rem; }.ad-pill .text-muted { color: #a3a3a3 !important; line-height: 1.3; margin-bottom: 1rem; }.ad-pill .bg-light { background: #f0f1f2; border-radius: .5rem; padding: 5px; text-align: center; margin-bottom: 1rem; }.ad-pill .btn-primary { display: block; background: #48ca7c; border-radius: .5rem; padding: 5px; text-align: center; color: #fff !important; text-decoration: none !important; }.ad-pill .btn-primary:hover { background: #2c9958; }<\/style><div class=\"ads-list\" style=\"display: flex !important\"><div class=\"ad-pill-box\"><div class=\"ad-pill\"><a href=\"https:\/\/www.caravanas.net\/ad\/15188\/hobby-495-de-luxe\" class=\"ad-image rounded mb-4\" style=\"background-image: url('https:\/\/caravanas.fra1.cdn.digitaloceanspaces.com\/public\/129726\/conversions\/IMG_0796-web.jpg');\"><div class=\"ad-image-price d-inline-block bg-white rounded py-1 px-3 position-absolute shadow-sm\"><div class=\"price-amount big\">12.300 \u20ac<\/div><\/div><\/a><div class=\"ad-title text-truncate\">Hobby 495 de luxe<\/div><div class=\"mb-4 text-muted\">Caravana Hobby 495 Deluxe con tres ambientes, ideal para escapadas.- Distribuci\u00f3n interior...<\/div><div class=\"details mb-3\"><div class=\"flex-row\"><div class=\"flex-col\"><div class=\"text-center bg-light rounded py-2\">5 viajar<\/div><\/div><div class=\"flex-col\"><div class=\"text-center bg-light rounded py-2\">4 dormir<\/div><\/div><\/div><\/div><div class=\"flex-row\"><div class=\"flex-col\"><a href=\"https:\/\/www.caravanas.net\/ad\/15188\/hobby-495-de-luxe\" target=\"_blank\" class=\"btn btn-block btn-primary\">Contactar<\/a><\/div><div class=\"flex-col\"><a href=\"https:\/\/www.caravanas.net\/ad\/15188\/hobby-495-de-luxe\" target=\"_blank\" class=\"btn-primary\">+ info<\/a><\/div><\/div><\/div><\/div><div class=\"ad-pill-box\"><div class=\"ad-pill\"><a href=\"https:\/\/www.caravanas.net\/ad\/15187\/knaus-knaus-sudwind-500-fsk\" class=\"ad-image rounded mb-4\" style=\"background-image: url('https:\/\/caravanas.fra1.cdn.digitaloceanspaces.com\/public\/129706\/conversions\/1000067108-web.jpg');\"><div class=\"ad-image-price d-inline-block bg-white rounded py-1 px-3 position-absolute shadow-sm\"><div class=\"price-amount big\">16.000 \u20ac<\/div><\/div><\/a><div class=\"ad-title text-truncate\">Knaus KNAUS S\u00dcDWIND 500 FSK<\/div><div class=\"mb-4 text-muted\">Se vende caravana Knaus S\u00fcdwind 500 FSK matriculada en 2007, en muy...<\/div><div class=\"details mb-3\"><div class=\"flex-row\"><div class=\"flex-col\"><div class=\"text-center bg-light rounded py-2\">6 viajar<\/div><\/div><div class=\"flex-col\"><div class=\"text-center bg-light rounded py-2\">4 dormir<\/div><\/div><\/div><\/div><div class=\"flex-row\"><div class=\"flex-col\"><a href=\"https:\/\/www.caravanas.net\/ad\/15187\/knaus-knaus-sudwind-500-fsk\" target=\"_blank\" class=\"btn btn-block btn-primary\">Contactar<\/a><\/div><div class=\"flex-col\"><a href=\"https:\/\/www.caravanas.net\/ad\/15187\/knaus-knaus-sudwind-500-fsk\" target=\"_blank\" class=\"btn-primary\">+ info<\/a><\/div><\/div><\/div><\/div><div class=\"ad-pill-box\"><div class=\"ad-pill\"><a href=\"https:\/\/www.caravanas.net\/ad\/15186\/caretta-1500\" class=\"ad-image rounded mb-4\" style=\"background-image: url('https:\/\/caravanas.fra1.cdn.digitaloceanspaces.com\/public\/129697\/conversions\/20230725_131714-web.jpg');\"><div class=\"ad-image-price d-inline-block bg-white rounded py-1 px-3 position-absolute shadow-sm\"><div class=\"price-amount big\">12.000 \u20ac<\/div><\/div><\/a><div class=\"ad-title text-truncate\">Caretta 1500<\/div><div class=\"mb-4 text-muted\">\u00bfTe apetece escaparte en 5 minutos sin complicaciones ni gastos ocultos? Esta...<\/div><div class=\"details mb-3\"><div class=\"flex-row\"><div class=\"flex-col\"><div class=\"text-center bg-light rounded py-2\">2 viajar<\/div><\/div><div class=\"flex-col\"><div class=\"text-center bg-light rounded py-2\">1 dormir<\/div><\/div><\/div><\/div><div class=\"flex-row\"><div class=\"flex-col\"><a href=\"https:\/\/www.caravanas.net\/ad\/15186\/caretta-1500\" target=\"_blank\" class=\"btn btn-block btn-primary\">Contactar<\/a><\/div><div class=\"flex-col\"><a href=\"https:\/\/www.caravanas.net\/ad\/15186\/caretta-1500\" target=\"_blank\" class=\"btn-primary\">+ info<\/a><\/div><\/div><\/div><\/div><\/div>\u00a0<\/span><\/p>\n<p>Esperamos que disfrutes tu viaje al Pa\u00eds Vasco en autocaravana, cu\u00e9ntanos si ya has hecho alguna ruta y c\u00f3mo ha sido.<\/p>\n","protected":false},"excerpt":{"rendered":"<p>El Pa\u00eds Vasco o Euskadi es uno de los destinos favoritos para visitar desde junio a agosto, su estupenda red de carreteras facilita recorrerla&hellip;<\/p>\n","protected":false},"author":3,"featured_media":3904,"comment_status":"open","ping_status":"open","sticky":false,"template":"","format":"standard","meta":{"_jetpack_memberships_contains_paid_content":false,"footnotes":""},"categories":[20,58],"tags":[],"class_list":["post-3896","post","type-post","status-publish","format-standard","has-post-thumbnail","hentry","category-rutas","category-rutas-en-autocaravana-por-el-norte-de-espana"],"aioseo_notices":[],"jetpack_featured_media_url":"https:\/\/i0.wp.com\/www.caravanas.net\/noticias\/wp-content\/uploads\/2022\/08\/Pais-Vasco-en-autocaravana.jpg?fit=2560%2C1365&ssl=1","jetpack_sharing_enabled":true,"_links":{"self":[{"href":"https:\/\/www.caravanas.net\/noticias\/wp-json\/wp\/v2\/posts\/3896","targetHints":{"allow":["GET"]}}],"collection":[{"href":"https:\/\/www.caravanas.net\/noticias\/wp-json\/wp\/v2\/posts"}],"about":[{"href":"https:\/\/www.caravanas.net\/noticias\/wp-json\/wp\/v2\/types\/post"}],"author":[{"embeddable":true,"href":"https:\/\/www.caravanas.net\/noticias\/wp-json\/wp\/v2\/users\/3"}],"replies":[{"embeddable":true,"href":"https:\/\/www.caravanas.net\/noticias\/wp-json\/wp\/v2\/comments?post=3896"}],"version-history":[{"count":0,"href":"https:\/\/www.caravanas.net\/noticias\/wp-json\/wp\/v2\/posts\/3896\/revisions"}],"wp:featuredmedia":[{"embeddable":true,"href":"https:\/\/www.caravanas.net\/noticias\/wp-json\/wp\/v2\/media\/3904"}],"wp:attachment":[{"href":"https:\/\/www.caravanas.net\/noticias\/wp-json\/wp\/v2\/media?parent=3896"}],"wp:term":[{"taxonomy":"category","embeddable":true,"href":"https:\/\/www.caravanas.net\/noticias\/wp-json\/wp\/v2\/categories?post=3896"},{"taxonomy":"post_tag","embeddable":true,"href":"https:\/\/www.caravanas.net\/noticias\/wp-json\/wp\/v2\/tags?post=3896"}],"curies":[{"name":"wp","href":"https:\/\/api.w.org\/{rel}","templated":true}]}}