{"id":3640,"date":"2022-06-14T16:01:12","date_gmt":"2022-06-14T14:01:12","guid":{"rendered":"https:\/\/www.caravanas.net\/noticias\/?p=3640"},"modified":"2022-12-05T21:40:51","modified_gmt":"2022-12-05T19:40:51","slug":"furgonetas-camper-baratas","status":"publish","type":"post","link":"https:\/\/www.caravanas.net\/noticias\/furgonetas-camper-baratas\/","title":{"rendered":"5 furgonetas camper baratas para iniciarte en el vanlife"},"content":{"rendered":"<p>El vanlife es un modo de vivir y viajar que atrae a mucha gente, j\u00f3venes sobre todo. Y es que la libertad y flexibilidad que proporciona no tiene precio.<\/p>\n<p>Adem\u00e1s de poder estar en contacto con la naturaleza y llevar un mini hogar dentro del veh\u00edculo. Por eso las campervans se han convertido en uno de los veh\u00edculos recreativos m\u00e1s demandados y los que han ganado m\u00e1s adeptos los \u00faltimos a\u00f1os.<\/p>\n<h2>Ventajas de <a href=\"https:\/\/www.caravanas.net\/search\/furgoneta-camper\">comprar una furgoneta camper<\/a> o campervan:<\/h2>\n<p>Las ventajas que ofrece una furgoneta camper son varias entre ellas podemos destacar:<\/p>\n<ul>\n<li>Maniobrabilidad gracias a su tama\u00f1o compacto.<\/li>\n<li>Tambi\u00e9n por su tama\u00f1o son f\u00e1ciles de aparcar y se pueden conducir con carnet tipo B.<\/li>\n<li>Menor consumo de combustible, de 6 a 9 L cada 100 Km.<\/li>\n<li>Facilidad de uso como veh\u00edculo diario, sin tener la necesidad de tener 2 veh\u00edculos, con el consiguiente ahorro.<\/li>\n<li>Capacidad para hasta 5 personas.<\/li>\n<li>La posibilidad de camperizar el veh\u00edculo a gusto personal.<\/li>\n<li>Las camper m\u00e1s grandes incluyen ba\u00f1o con ducha.<\/li>\n<\/ul>\n<h2><\/h2>\n<p><!--more--><\/p>\n<h2>Diferentes tama\u00f1os dentro de las furgonetas camper<\/h2>\n<p>Las furgonetas camper surgieron a partir de veh\u00edculos de mercanc\u00edas peque\u00f1os a los que se les a\u00f1adi\u00f3 un mobiliario en su interior. Dentro de estos veh\u00edculos recreativos seg\u00fan su tama\u00f1o podemos encontrar:<\/p>\n<ul>\n<li><strong>Camper peque\u00f1a o mini camper <\/strong>( hasta 4,5 m de longitud y menos de 2 m de ancho y altura) tipo Citro\u00ebn Berlingo, Dacia Dokker y Peugeot Rifter.<\/li>\n<li><strong>Camper mediana<\/strong> ( hasta 5,5 m de longitud y menos de 2 m de ancho y altura casi 2,5 m) tipo Ford Transit, Nissan NV300 y Opel Vivaro.<\/li>\n<li><strong>Camper grande o gran volumen<\/strong> (hasta casi 7 m de longitud y 3 m altura si lleva techo elevable) tipo Volkswagen California, Iveco Daily Camper y Mercedes Marco Polo.<\/li>\n<\/ul>\n<p>En el mercado existen <strong>diferentes formas de adquirir una camper<\/strong>, algunas pueden ser:<\/p>\n<ul>\n<li><b>Opci\u00f3n DIY (do it yourself): Se puede comprar una furgoneta segunda mano o nueva sin camperizar,<\/b>\u00a0por ejemplo la base camper m\u00e1s usada es <a href=\"https:\/\/www.caravanas.net\/noticias\/fiat-ducato-la-mejor-base-para-furgonetas-camper\/\">Fiat Ducato<\/a> y Citro\u00ebn, y luego se puede a\u00f1adir el mobiliario y homologarlo.<\/li>\n<li><strong>Opci\u00f3n econ\u00f3mica: <a href=\"https:\/\/www.caravanas.net\/search\/furgoneta-camper\/usado\">Comprar una furgoneta camper de segunda mano<\/a><\/strong>, esta es una de las opciones m\u00e1s econ\u00f3micas desde 10.000\u20ac a 60.000\u20ac.<\/li>\n<li><strong>Opci\u00f3n Pro:<\/strong> Otra opci\u00f3n es <strong>comprar una camper de alguna marca que se especialice<\/strong> en fabricar este tipo de veh\u00edculo como puede ser <a href=\"https:\/\/www.caravanas.net\/search\/furgoneta-camper\/dreamer\">Dreamer<\/a>, Roller Team, B\u00fcstner, Westfalia o Benimar.<\/li>\n<\/ul>\n<p>Pero aunque las camper tengan un tama\u00f1o reducido no implica que sean m\u00e1s baratas que otras autocaravanas, llegando algunos modelos a costar m\u00e1s de 100.000\u20ac.<\/p>\n<p>Por eso hoy te traemos modelos de furgoneta camper baratos que puedes <strong>comprar por menos de 40.000\u20ac<\/strong> y que son perfectas para iniciarte en el vanlife.<\/p>\n<p>Pero antes ponte al d\u00eda sobre las<a href=\"https:\/\/www.caravanas.net\/noticias\/normativa-viajar-autocaravana\/\"> normativas del sector del autocaravaning<\/a>, ya que muchos de estos veh\u00edculos que a continuaci\u00f3n te ense\u00f1aremos, llevan <strong>m\u00f3dulos extra\u00edbles, lo que implica que al extraerlos se considerar\u00eda acampada.<\/strong><\/p>\n<p>Por lo que hay que tener clara la <a href=\"https:\/\/www.caravanas.net\/noticias\/diferencia-entre-pernoctar-acampar-y-estacionar-con-una-autocaravana-o-caravana\/\">diferencia entre aparcar, acampar y pernoctar<\/a>, para que no nos pasen alguna multa.<\/p>\n<p>&nbsp;<\/p>\n<h2>5 Furgonetas camper baratas<\/h2>\n<p>Estas furgonetas tienen en com\u00fan a parte de su bajo precio, que son veh\u00edculos comerciales de importantes marcas pero que se han asociado con empresas que camperizan para ofrecer una versi\u00f3n camper de sus modelos de mayor \u00e9xito de ventas.<\/p>\n<p>Estas opciones las puedes comprar ya camperizadas, o comprar la furgoneta de segunda mano y a\u00f1adirle alg\u00fan paquete camper, que no superan los 12.000\u20ac.<\/p>\n<p>&nbsp;<\/p>\n<h3>1. Dacia Dokker Stepway by Camperiz<\/h3>\n<p><img data-recalc-dims=\"1\" decoding=\"async\" class=\"alignnone size-full wp-image-3642\" src=\"https:\/\/i0.wp.com\/www.caravanas.net\/noticias\/wp-content\/uploads\/2022\/06\/Dacia-Dokker-Stepway-Camperiz-exterior.jpg?resize=1154%2C575&#038;ssl=1\" alt=\"Dacia Dokker Stepway Camperiz exterior\" width=\"1154\" height=\"575\" srcset=\"https:\/\/i0.wp.com\/www.caravanas.net\/noticias\/wp-content\/uploads\/2022\/06\/Dacia-Dokker-Stepway-Camperiz-exterior.jpg?w=1154&amp;ssl=1 1154w, https:\/\/i0.wp.com\/www.caravanas.net\/noticias\/wp-content\/uploads\/2022\/06\/Dacia-Dokker-Stepway-Camperiz-exterior.jpg?resize=300%2C149&amp;ssl=1 300w, https:\/\/i0.wp.com\/www.caravanas.net\/noticias\/wp-content\/uploads\/2022\/06\/Dacia-Dokker-Stepway-Camperiz-exterior.jpg?resize=1024%2C510&amp;ssl=1 1024w, https:\/\/i0.wp.com\/www.caravanas.net\/noticias\/wp-content\/uploads\/2022\/06\/Dacia-Dokker-Stepway-Camperiz-exterior.jpg?resize=768%2C383&amp;ssl=1 768w, https:\/\/i0.wp.com\/www.caravanas.net\/noticias\/wp-content\/uploads\/2022\/06\/Dacia-Dokker-Stepway-Camperiz-exterior.jpg?resize=585%2C291&amp;ssl=1 585w\" sizes=\"(max-width: 1154px) 100vw, 1154px\" \/>Dacia se ha caracterizado por lanzar al mercado veh\u00edculos a precios baratos, as\u00ed que lo convierten en el candidato perfecto para ser camperizado.<\/p>\n<p>Esta transformaci\u00f3n esta a cargo de la empresa especializada Camperiz, que aprovecha hasta el \u00faltimo rinc\u00f3n del modelo Dacia Dokker con asientos traseros abatibles.<\/p>\n<p>Incluye m\u00f3dulos de almacenaje extra\u00edbles, lavabo qu\u00edmico port\u00e1til , frigor\u00edfico de 30 L, y asiento cama. Dispone de 5 plazas para viajar, calefacci\u00f3n est\u00e1tica, claraboya con ventilaci\u00f3n y doble bater\u00eda.<\/p>\n<p>El precio final quedar\u00eda en unos 20.000\u20ac pero si ya se tiene la monovolumen solo costar\u00e1 6.000\u20ac la camperizaci\u00f3n.<\/p>\n<p>&nbsp;<\/p>\n<h3>2. Renault Kangoo by Camperiz<\/h3>\n<div id=\"attachment_2351\" style=\"width: 2570px\" class=\"wp-caption alignnone\"><img data-recalc-dims=\"1\" decoding=\"async\" aria-describedby=\"caption-attachment-2351\" class=\"size-full wp-image-2351\" src=\"https:\/\/i0.wp.com\/www.caravanas.net\/noticias\/wp-content\/uploads\/2021\/10\/Renault-Kangoo-Camperiz.jpg?resize=1170%2C624&#038;ssl=1\" alt=\"Renault Kangoo Camperiz\" width=\"1170\" height=\"624\" srcset=\"https:\/\/i0.wp.com\/www.caravanas.net\/noticias\/wp-content\/uploads\/2021\/10\/Renault-Kangoo-Camperiz.jpg?w=2560&amp;ssl=1 2560w, https:\/\/i0.wp.com\/www.caravanas.net\/noticias\/wp-content\/uploads\/2021\/10\/Renault-Kangoo-Camperiz.jpg?resize=300%2C160&amp;ssl=1 300w, https:\/\/i0.wp.com\/www.caravanas.net\/noticias\/wp-content\/uploads\/2021\/10\/Renault-Kangoo-Camperiz.jpg?resize=1024%2C546&amp;ssl=1 1024w, https:\/\/i0.wp.com\/www.caravanas.net\/noticias\/wp-content\/uploads\/2021\/10\/Renault-Kangoo-Camperiz.jpg?resize=768%2C410&amp;ssl=1 768w, https:\/\/i0.wp.com\/www.caravanas.net\/noticias\/wp-content\/uploads\/2021\/10\/Renault-Kangoo-Camperiz.jpg?resize=1536%2C819&amp;ssl=1 1536w, https:\/\/i0.wp.com\/www.caravanas.net\/noticias\/wp-content\/uploads\/2021\/10\/Renault-Kangoo-Camperiz.jpg?resize=2048%2C1092&amp;ssl=1 2048w, https:\/\/i0.wp.com\/www.caravanas.net\/noticias\/wp-content\/uploads\/2021\/10\/Renault-Kangoo-Camperiz.jpg?resize=1920%2C1024&amp;ssl=1 1920w, https:\/\/i0.wp.com\/www.caravanas.net\/noticias\/wp-content\/uploads\/2021\/10\/Renault-Kangoo-Camperiz.jpg?resize=1170%2C624&amp;ssl=1 1170w, https:\/\/i0.wp.com\/www.caravanas.net\/noticias\/wp-content\/uploads\/2021\/10\/Renault-Kangoo-Camperiz.jpg?resize=585%2C312&amp;ssl=1 585w, https:\/\/i0.wp.com\/www.caravanas.net\/noticias\/wp-content\/uploads\/2021\/10\/Renault-Kangoo-Camperiz.jpg?w=2340&amp;ssl=1 2340w\" sizes=\"(max-width: 1170px) 100vw, 1170px\" \/><p id=\"caption-attachment-2351\" class=\"wp-caption-text\">Renault Kangoo Camperiz<\/p><\/div>\n<p>Otro modelo que camperiza esta empresa es el Renault kangoo diesel de 95 CV. Incluye un m\u00f3dulo de doble recorrido, un frigor\u00edfico de 15 L y almacenaje en asientos traseros.<\/p>\n<p>Tambi\u00e9n disponible para 5 plazas, los asientos se transforman en cama doble, calefacci\u00f3n est\u00e1tica, mando multicontrol programable y bater\u00eda doble. En cambio incorpora una mesa interior transversal.<\/p>\n<p>El precio final quedar\u00eda en unos 30.625\u20ac con veh\u00edculo incluido.<\/p>\n<h3><\/h3>\n<h3>3. Peugeot Rifter by Tinkervan:<\/h3>\n<p><img data-recalc-dims=\"1\" decoding=\"async\" class=\"alignnone size-full wp-image-3649\" src=\"https:\/\/i0.wp.com\/www.caravanas.net\/noticias\/wp-content\/uploads\/2022\/06\/furgoneta-camper-Peugeut-Rifter.jpg?resize=1170%2C493&#038;ssl=1\" alt=\"furgoneta camper Peugeut Rifter\" width=\"1170\" height=\"493\" srcset=\"https:\/\/i0.wp.com\/www.caravanas.net\/noticias\/wp-content\/uploads\/2022\/06\/furgoneta-camper-Peugeut-Rifter.jpg?w=1258&amp;ssl=1 1258w, https:\/\/i0.wp.com\/www.caravanas.net\/noticias\/wp-content\/uploads\/2022\/06\/furgoneta-camper-Peugeut-Rifter.jpg?resize=300%2C126&amp;ssl=1 300w, https:\/\/i0.wp.com\/www.caravanas.net\/noticias\/wp-content\/uploads\/2022\/06\/furgoneta-camper-Peugeut-Rifter.jpg?resize=1024%2C431&amp;ssl=1 1024w, https:\/\/i0.wp.com\/www.caravanas.net\/noticias\/wp-content\/uploads\/2022\/06\/furgoneta-camper-Peugeut-Rifter.jpg?resize=768%2C324&amp;ssl=1 768w, https:\/\/i0.wp.com\/www.caravanas.net\/noticias\/wp-content\/uploads\/2022\/06\/furgoneta-camper-Peugeut-Rifter.jpg?resize=1170%2C493&amp;ssl=1 1170w, https:\/\/i0.wp.com\/www.caravanas.net\/noticias\/wp-content\/uploads\/2022\/06\/furgoneta-camper-Peugeut-Rifter.jpg?resize=585%2C246&amp;ssl=1 585w\" sizes=\"(max-width: 1170px) 100vw, 1170px\" \/>Para poder a\u00f1adir el pack campero de Tinkervan el modelo de la Rifter debe ser la versi\u00f3n larga, los dos asientos traseros deben ser independientes y los delanteros abatibles.<\/p>\n<p>En su interior cabe una cama de 1,80\u00a0 x 1,15 m de ancho, nevera opcional de 31L, dep\u00f3sito de agua de 10L con ducha el\u00e9ctrica y una mesa que se puede usar tanto en el interior como en el exterior.<\/p>\n<p>Tambi\u00e9n incluye calefacci\u00f3n est\u00e1tica de la marca webasto, mando multicontrol programable y bater\u00eda doble. Su rango de precios est\u00e1 comprendido entre los 25.000 y los 33.000 euros ya camperizado.<\/p>\n<p>&nbsp;<\/p>\n<h3>4. Citro\u00ebn Berlingo by Tinkervan<\/h3>\n<p><img data-recalc-dims=\"1\" decoding=\"async\" class=\"alignnone size-full wp-image-3650\" src=\"https:\/\/i0.wp.com\/www.caravanas.net\/noticias\/wp-content\/uploads\/2022\/06\/Berlingo-camper-tinkervan.jpg?resize=1061%2C439&#038;ssl=1\" alt=\"furgoneta camper barata\" width=\"1061\" height=\"439\" srcset=\"https:\/\/i0.wp.com\/www.caravanas.net\/noticias\/wp-content\/uploads\/2022\/06\/Berlingo-camper-tinkervan.jpg?w=1061&amp;ssl=1 1061w, https:\/\/i0.wp.com\/www.caravanas.net\/noticias\/wp-content\/uploads\/2022\/06\/Berlingo-camper-tinkervan.jpg?resize=300%2C124&amp;ssl=1 300w, https:\/\/i0.wp.com\/www.caravanas.net\/noticias\/wp-content\/uploads\/2022\/06\/Berlingo-camper-tinkervan.jpg?resize=1024%2C424&amp;ssl=1 1024w, https:\/\/i0.wp.com\/www.caravanas.net\/noticias\/wp-content\/uploads\/2022\/06\/Berlingo-camper-tinkervan.jpg?resize=768%2C318&amp;ssl=1 768w, https:\/\/i0.wp.com\/www.caravanas.net\/noticias\/wp-content\/uploads\/2022\/06\/Berlingo-camper-tinkervan.jpg?resize=585%2C242&amp;ssl=1 585w\" sizes=\"(max-width: 1061px) 100vw, 1061px\" \/>Esta camperizaci\u00f3n se basa en el modelo Berlingo XTR con carrocer\u00eda XL que mide 4,75 m de longitud. En su interior podremos tener una cama para dos de 1,90 m de largo x 1,15 m de ancho.<\/p>\n<p>Las caracter\u00edsticas del pack camper incluye el mismo equipamiento que mencion\u00e1bamos antes en la Peugeot Rifter. Una de las diferencias con otros pack es que lleva un toldo manual para cuando podamos acampar.<\/p>\n<p>Otro detalle pr\u00e1ctico de esta camperizaci\u00f3n es que la luneta trasera se puede abrir sin tener que abrir todo el maletero, lo que dar\u00e1 un acceso f\u00e1cil y r\u00e1pido al contenido interior del maletero.<\/p>\n<p>El precio de esta camper van se puede adquirir por menos de 32.000\u20ac.<\/p>\n<p>&nbsp;<\/p>\n<h3>5. Citro\u00ebn SpaceTourer by Tinkervan:<\/h3>\n<p><img data-recalc-dims=\"1\" decoding=\"async\" class=\"alignnone size-full wp-image-3654\" src=\"https:\/\/i0.wp.com\/www.caravanas.net\/noticias\/wp-content\/uploads\/2022\/06\/Citroen-SpaceTourer-camper.jpg?resize=988%2C541&#038;ssl=1\" alt=\"Citro\u00ebn SpaceTourer camper\" width=\"988\" height=\"541\" srcset=\"https:\/\/i0.wp.com\/www.caravanas.net\/noticias\/wp-content\/uploads\/2022\/06\/Citroen-SpaceTourer-camper.jpg?w=988&amp;ssl=1 988w, https:\/\/i0.wp.com\/www.caravanas.net\/noticias\/wp-content\/uploads\/2022\/06\/Citroen-SpaceTourer-camper.jpg?resize=300%2C164&amp;ssl=1 300w, https:\/\/i0.wp.com\/www.caravanas.net\/noticias\/wp-content\/uploads\/2022\/06\/Citroen-SpaceTourer-camper.jpg?resize=768%2C421&amp;ssl=1 768w, https:\/\/i0.wp.com\/www.caravanas.net\/noticias\/wp-content\/uploads\/2022\/06\/Citroen-SpaceTourer-camper.jpg?resize=585%2C320&amp;ssl=1 585w\" sizes=\"(max-width: 988px) 100vw, 988px\" \/><\/p>\n<p>Este modelo talla M equivale a una<a href=\"https:\/\/www.caravanas.net\/noticias\/por-que-volkswagen-california-beach-es-una-de-las-camper-mas-vendidas\/\"> Volkswagen California<\/a> o a un Mercedes Benz Marco Polo, con una altura de 1,89 m y 4,95 m de largo permite tener m\u00e1s espacio y adem\u00e1s incluye techo elevable.<\/p>\n<p>Incluye cama para dos de 1,4 x 2 m y otra cama de matrimonio en el techo elevable ambas con colch\u00f3n viscoel\u00e1stico y funda.<\/p>\n<p>Al igual que en los anteriores modelos, tambi\u00e9n incluye la ducha el\u00e9ctrica, nevera de 30L, mesa interior adaptable, y un toldo exterior.<\/p>\n<p>A diferencia de los otros modelos, aqu\u00ed se incluye un m\u00f3dulo para cocinar, con fregadero y almacenamiento.<\/p>\n<p>Este modelo se puede comprar camperizado desde 40.000 euros.<\/p>\n<p><span style=\"font-weight: 400;\"><style type=\"text\/css\">.text-truncate { overflow: hidden; text-overflow: ellipsis; white-space: nowrap; }.flex-row { display: flex; flex-wrap: wrap; margin-right: -15px; margin-left: -15px; }.flex-col { flex-basis: 0; flex-grow: 1; max-width: 100%; position: relative; width: 100%; padding-right: 15px; padding-left: 15px; }.ads-list { display: flex !important; flex-wrap: wrap; margin-right: -15px; margin-left: -15px; }@media (min-width: 768px) { .ad-pill-box { flex: 0 0 33.3333333333%; max-width: 33.3333333333%; } }.ad-pill-box { position: relative; width: 100%; padding-right: 15px; padding-left: 15px; margin-bottom: 1rem; }.ad-pill { height: 100%!important; padding: 1.25rem !important; border-radius: .5rem!important; border: 1px solid #48ca7c !important; }.ad-pill .rounded { border-radius: .5rem !important; }.ad-pill .shadow-sm { box-shadow: 0 .125rem .25rem rgba(25,33,40,.075) !important; }.ad-pill .ad-image { background: 50% no-repeat; background-size: contain; min-height: 129px; display: block; position: relative;  color: #343a40 !important; margin-bottom: 1rem !important; border-radius: .5rem !important; }.ad-pill .ad-image-price { bottom: 0.5rem; left: 0.5rem; display: inline-block; position: absolute; background: #fff; padding: 0 0.5em; }.ad-pill .ad-title { font-size: 1.25rem; margin-bottom: 0.5rem; }.ad-pill .text-muted { color: #a3a3a3 !important; line-height: 1.3; margin-bottom: 1rem; }.ad-pill .bg-light { background: #f0f1f2; border-radius: .5rem; padding: 5px; text-align: center; margin-bottom: 1rem; }.ad-pill .btn-primary { display: block; background: #48ca7c; border-radius: .5rem; padding: 5px; text-align: center; color: #fff !important; text-decoration: none !important; }.ad-pill .btn-primary:hover { background: #2c9958; }<\/style><div class=\"ads-list\" style=\"display: flex !important\"><div class=\"ad-pill-box\"><div class=\"ad-pill\"><a href=\"https:\/\/www.caravanas.net\/ad\/15194\/carado-cve-600\" class=\"ad-image rounded mb-4\" style=\"background-image: url('https:\/\/caravanas.fra1.cdn.digitaloceanspaces.com\/public\/129774\/conversions\/8c8023fd-7da6-4fe3-b519-56e5570b-web.jpg');\"><div class=\"ad-image-price d-inline-block bg-white rounded py-1 px-3 position-absolute shadow-sm\"><div class=\"price-amount big\">49.990 \u20ac<\/div><\/div><\/a><div class=\"ad-title text-truncate\">Carado CVE 600<\/div><div class=\"mb-4 text-muted\">Fantastica Camper CARADO montada sobre base FIat Ducato 2.3 de 140cv, con...<\/div><div class=\"details mb-3\"><div class=\"flex-row\"><div class=\"flex-col\"><div class=\"text-center bg-light rounded py-2\">4 viajar<\/div><\/div><div class=\"flex-col\"><div class=\"text-center bg-light rounded py-2\">4 dormir<\/div><\/div><\/div><\/div><div class=\"flex-row\"><div class=\"flex-col\"><a href=\"https:\/\/www.caravanas.net\/ad\/15194\/carado-cve-600\" target=\"_blank\" class=\"btn btn-block btn-primary\">Contactar<\/a><\/div><div class=\"flex-col\"><a href=\"https:\/\/www.caravanas.net\/ad\/15194\/carado-cve-600\" target=\"_blank\" class=\"btn-primary\">+ info<\/a><\/div><\/div><\/div><\/div><div class=\"ad-pill-box\"><div class=\"ad-pill\"><a href=\"https:\/\/www.caravanas.net\/ad\/15178\/challenger-v114-anniversary-edition\" class=\"ad-image rounded mb-4\" style=\"background-image: url('https:\/\/caravanas.fra1.cdn.digitaloceanspaces.com\/public\/129607\/conversions\/IMG_2662-web.jpg');\"><div class=\"ad-image-price d-inline-block bg-white rounded py-1 px-3 position-absolute shadow-sm\"><div class=\"price-amount big\">45.900 \u20ac<\/div><\/div><\/a><div class=\"ad-title text-truncate\">Challenger V114 ANNIVERSARY EDITION<\/div><div class=\"mb-4 text-muted\">Las series especiales Anniversary retoman los patrones probados de Challenger V114:cabina abierta,...<\/div><div class=\"details mb-3\"><div class=\"flex-row\"><div class=\"flex-col\"><div class=\"text-center bg-light rounded py-2\">4 viajar<\/div><\/div><div class=\"flex-col\"><div class=\"text-center bg-light rounded py-2\">2 dormir<\/div><\/div><\/div><\/div><div class=\"flex-row\"><div class=\"flex-col\"><a href=\"https:\/\/www.caravanas.net\/ad\/15178\/challenger-v114-anniversary-edition\" target=\"_blank\" class=\"btn btn-block btn-primary\">Contactar<\/a><\/div><div class=\"flex-col\"><a href=\"https:\/\/www.caravanas.net\/ad\/15178\/challenger-v114-anniversary-edition\" target=\"_blank\" class=\"btn-primary\">+ info<\/a><\/div><\/div><\/div><\/div><div class=\"ad-pill-box\"><div class=\"ad-pill\"><a href=\"https:\/\/www.caravanas.net\/ad\/15172\/mercedes-benz-vito\" class=\"ad-image rounded mb-4\" style=\"background-image: url('https:\/\/caravanas.fra1.cdn.digitaloceanspaces.com\/public\/129537\/conversions\/1000154163-web.jpg');\"><div class=\"ad-image-price d-inline-block bg-white rounded py-1 px-3 position-absolute shadow-sm\"><div class=\"price-amount big\">5.000 \u20ac<\/div><\/div><\/a><div class=\"ad-title text-truncate\">Mercedes-Benz Vito<\/div><div class=\"mb-4 text-muted\">Vendo Mercedes Benz Vito 108D (1999) camperizada. Urge vender, precio negociable.Tiene 269.000...<\/div><div class=\"details mb-3\"><div class=\"flex-row\"><div class=\"flex-col\"><div class=\"text-center bg-light rounded py-2\">3 viajar<\/div><\/div><div class=\"flex-col\"><div class=\"text-center bg-light rounded py-2\">3 dormir<\/div><\/div><\/div><\/div><div class=\"flex-row\"><div class=\"flex-col\"><a href=\"https:\/\/www.caravanas.net\/ad\/15172\/mercedes-benz-vito\" target=\"_blank\" class=\"btn btn-block btn-primary\">Contactar<\/a><\/div><div class=\"flex-col\"><a href=\"https:\/\/www.caravanas.net\/ad\/15172\/mercedes-benz-vito\" target=\"_blank\" class=\"btn-primary\">+ info<\/a><\/div><\/div><\/div><\/div><\/div><\/span><\/p>\n<p>Recuerda que siempre puedes a\u00f1adir accesorios extras para personalizarlo a\u00fan m\u00e1s seg\u00fan tus necesidades. Esperamos que despu\u00e9s de ver estas versiones camper low cost te animes a viajar en modo camper.<\/p>\n<p>Ahora si lo tuyo es la comodidad no dejes de ver estas <a href=\"https:\/\/www.caravanas.net\/noticias\/7-furgonetas-camper-con-bano-completo\/\">7 furgonetas con ba\u00f1o completo<\/a> que seguro te gustar\u00e1n.<\/p>\n<p>Cu\u00e9ntanos tu experiencia con las furgonetas camper.<\/p>\n<p>&nbsp;<\/p>\n","protected":false},"excerpt":{"rendered":"<p>El vanlife es un modo de vivir y viajar que atrae a mucha gente, j\u00f3venes sobre todo. Y es que la libertad y flexibilidad&hellip;<\/p>\n","protected":false},"author":3,"featured_media":3656,"comment_status":"open","ping_status":"open","sticky":false,"template":"","format":"standard","meta":{"_jetpack_memberships_contains_paid_content":false,"footnotes":""},"categories":[49],"tags":[],"class_list":["post-3640","post","type-post","status-publish","format-standard","has-post-thumbnail","hentry","category-furgonetas-camper"],"aioseo_notices":[],"jetpack_featured_media_url":"https:\/\/i0.wp.com\/www.caravanas.net\/noticias\/wp-content\/uploads\/2022\/06\/furgonetas-camper-baratas.jpg?fit=2560%2C1365&ssl=1","jetpack_sharing_enabled":true,"_links":{"self":[{"href":"https:\/\/www.caravanas.net\/noticias\/wp-json\/wp\/v2\/posts\/3640","targetHints":{"allow":["GET"]}}],"collection":[{"href":"https:\/\/www.caravanas.net\/noticias\/wp-json\/wp\/v2\/posts"}],"about":[{"href":"https:\/\/www.caravanas.net\/noticias\/wp-json\/wp\/v2\/types\/post"}],"author":[{"embeddable":true,"href":"https:\/\/www.caravanas.net\/noticias\/wp-json\/wp\/v2\/users\/3"}],"replies":[{"embeddable":true,"href":"https:\/\/www.caravanas.net\/noticias\/wp-json\/wp\/v2\/comments?post=3640"}],"version-history":[{"count":0,"href":"https:\/\/www.caravanas.net\/noticias\/wp-json\/wp\/v2\/posts\/3640\/revisions"}],"wp:featuredmedia":[{"embeddable":true,"href":"https:\/\/www.caravanas.net\/noticias\/wp-json\/wp\/v2\/media\/3656"}],"wp:attachment":[{"href":"https:\/\/www.caravanas.net\/noticias\/wp-json\/wp\/v2\/media?parent=3640"}],"wp:term":[{"taxonomy":"category","embeddable":true,"href":"https:\/\/www.caravanas.net\/noticias\/wp-json\/wp\/v2\/categories?post=3640"},{"taxonomy":"post_tag","embeddable":true,"href":"https:\/\/www.caravanas.net\/noticias\/wp-json\/wp\/v2\/tags?post=3640"}],"curies":[{"name":"wp","href":"https:\/\/api.w.org\/{rel}","templated":true}]}}