{"id":3401,"date":"2022-06-10T10:00:09","date_gmt":"2022-06-10T08:00:09","guid":{"rendered":"https:\/\/www.caravanas.net\/noticias\/?p=3401"},"modified":"2022-12-28T13:01:10","modified_gmt":"2022-12-28T11:01:10","slug":"ruta-alicante-campervan","status":"publish","type":"post","link":"https:\/\/www.caravanas.net\/noticias\/ruta-alicante-campervan\/","title":{"rendered":"Ruta por Alicante en CamperVan"},"content":{"rendered":"<p><span style=\"font-weight: 400;\">Viajar en camper te da la <strong>libertad absoluta para recorrer y visitar<\/strong> aquellas zonas que m\u00e1s nos apetecen. La improvisaci\u00f3n que te da esta forma de viajar es una experiencia \u00fanica que debes experimentar.\u00a0<\/span><\/p>\n<p><span style=\"font-weight: 400;\">Te proponemos una <strong>nueva ruta por la provincia de Alicante<\/strong>. Situada en la costa mediterr\u00e1nea esconde algunos de los rincones m\u00e1s maravillosos de este mar.\u00a0<\/span><\/p>\n<p><span style=\"font-weight: 400;\">Aunque se trate de una joya costera, tambi\u00e9n cuenta con otros paisajes dignos de visitar; rutas de senderismo, pueblos interiores, mercados, etc.\u00a0<\/span><\/p>\n<p><strong>\u00a1No te pierdas todo esto y mucho m\u00e1s en esta ruta por Alicante! <\/strong>Descubre<a href=\"https:\/\/www.caravanas.net\/noticias\/category\/rutas\/\"> otras rutas<\/a> en nuestro blog sobre el caravaning.<\/p>\n<p>&nbsp;<\/p>\n<p><!--more--><\/p>\n<p>&nbsp;<\/p>\n<h2><b>La Costa Blanca<\/b><\/h2>\n<p><span style=\"font-weight: 400;\">La Costa Blanca es la parte del mar Mediterr\u00e1neo que ba\u00f1a la costa de la provincia de Alicante. Est\u00e1 formada por <\/span><b>170 playas cristalinas y varias calas rocosas.\u00a0<\/b><\/p>\n<p><span style=\"font-weight: 400;\">La Costa Blanca va por el norte desde Denia hasta Pilar de la Horadada, un total de <strong>200 kil\u00f3metros de costa<\/strong>. Encontrar\u00e1s un sinf\u00edn de playas y distintos paisajes en los que disfrutar de unas vacaciones tranquilas y relajadas.\u00a0<\/span><\/p>\n<p><img data-recalc-dims=\"1\" decoding=\"async\" class=\"alignnone wp-image-3413\" src=\"https:\/\/i0.wp.com\/www.caravanas.net\/noticias\/wp-content\/uploads\/2022\/05\/unnamed.png?resize=513%2C466&#038;ssl=1\" alt=\"Costa Blanca\" width=\"513\" height=\"466\" srcset=\"https:\/\/i0.wp.com\/www.caravanas.net\/noticias\/wp-content\/uploads\/2022\/05\/unnamed.png?resize=300%2C272&amp;ssl=1 300w, https:\/\/i0.wp.com\/www.caravanas.net\/noticias\/wp-content\/uploads\/2022\/05\/unnamed.png?w=512&amp;ssl=1 512w\" sizes=\"(max-width: 513px) 100vw, 513px\" \/><\/p>\n<p><span style=\"font-weight: 400;\">Te proponemos una ruta diferente por esta zona; 4 d\u00edas de mar, pueblos con encanto, rutas de senderismo, etc. \u00a1Podr\u00e1s organizarlo como m\u00e1s te guste!<\/span><\/p>\n<p>&nbsp;<\/p>\n<h2><b>PRIMER D\u00cdA &#8211; D\u00c9NIA <\/b><\/h2>\n<p><span style=\"font-weight: 400;\">La primera parada es la ciudad de <\/span><b>D\u00e9nia<\/b><span style=\"font-weight: 400;\">, la primera al norte de la Costa Blanca.\u00a0<\/span><\/p>\n<p><span style=\"font-weight: 400;\">Para llegar a D\u00e9nia, por ejemplo <\/span><b>desde Valencia y Alicante,<\/b><span style=\"font-weight: 400;\"> puedes coger la Autopista AP-7, la salida 62 y la carretera CV-725 hasta D\u00e9nia.\u00a0<\/span><\/p>\n<p><span style=\"font-weight: 400;\">En esta primera parada vamos a <\/span><span style=\"font-weight: 400;\">visitar el pueblo de D\u00e9nia<\/span><span style=\"font-weight: 400;\">. Se trata de un lugar con mucho encanto por lo que te recomendamos perderte por sus calles y pasear sin rumbo.\u00a0<\/span><\/p>\n<p><span style=\"font-weight: 400;\">Como recomendaci\u00f3n especial te sugerimos el <\/span><b>antiguo barrio de Pescadores<\/b><span style=\"font-weight: 400;\">; puedes comer en esta zona ya que encontrar\u00e1s multitud de locales y restaurantes.\u00a0<\/span><\/p>\n<p><span style=\"font-weight: 400;\">Si quieres hacer alguna<\/span><b> ruta de senderismo<\/b><span style=\"font-weight: 400;\"> all\u00ed mismo se encuentra la<\/span><b> Torre del Gerro<\/b><span style=\"font-weight: 400;\">: torre construida en el siglo XVI con fines defensivos.\u00a0<\/span><\/p>\n<ul>\n<li style=\"font-weight: 400;\" aria-level=\"1\"><span style=\"font-weight: 400;\">Lo encontrar\u00e1s al final de la <\/span><b>carretera de Las Rotas<\/b><span style=\"font-weight: 400;\">.\u00a0<\/span><\/li>\n<li style=\"font-weight: 400;\" aria-level=\"1\"><span style=\"font-weight: 400;\">Ruta de <\/span><b>10 km<\/b><span style=\"font-weight: 400;\"> (ida y vuelta) desde Las Rotas hasta Torre del Gerro.\u00a0<\/span><\/li>\n<li style=\"font-weight: 400;\" aria-level=\"1\"><span style=\"font-weight: 400;\">Durante la ruta encontrar\u00e1s muchas <\/span><b>calas de rocas<\/b><span style=\"font-weight: 400;\"> donde ba\u00f1arte.\u00a0<\/span><\/li>\n<\/ul>\n<h3><img data-recalc-dims=\"1\" decoding=\"async\" class=\"alignnone wp-image-3415\" src=\"https:\/\/i0.wp.com\/www.caravanas.net\/noticias\/wp-content\/uploads\/2022\/05\/Torre-del-Gerro.jpg?resize=782%2C417&#038;ssl=1\" alt=\"Torre del Gerro\" width=\"782\" height=\"417\" srcset=\"https:\/\/i0.wp.com\/www.caravanas.net\/noticias\/wp-content\/uploads\/2022\/05\/Torre-del-Gerro.jpg?resize=300%2C160&amp;ssl=1 300w, https:\/\/i0.wp.com\/www.caravanas.net\/noticias\/wp-content\/uploads\/2022\/05\/Torre-del-Gerro.jpg?resize=1024%2C546&amp;ssl=1 1024w, https:\/\/i0.wp.com\/www.caravanas.net\/noticias\/wp-content\/uploads\/2022\/05\/Torre-del-Gerro.jpg?resize=768%2C410&amp;ssl=1 768w, https:\/\/i0.wp.com\/www.caravanas.net\/noticias\/wp-content\/uploads\/2022\/05\/Torre-del-Gerro.jpg?resize=1536%2C819&amp;ssl=1 1536w, https:\/\/i0.wp.com\/www.caravanas.net\/noticias\/wp-content\/uploads\/2022\/05\/Torre-del-Gerro.jpg?resize=2048%2C1092&amp;ssl=1 2048w, https:\/\/i0.wp.com\/www.caravanas.net\/noticias\/wp-content\/uploads\/2022\/05\/Torre-del-Gerro.jpg?resize=1920%2C1024&amp;ssl=1 1920w, https:\/\/i0.wp.com\/www.caravanas.net\/noticias\/wp-content\/uploads\/2022\/05\/Torre-del-Gerro.jpg?resize=1170%2C624&amp;ssl=1 1170w, https:\/\/i0.wp.com\/www.caravanas.net\/noticias\/wp-content\/uploads\/2022\/05\/Torre-del-Gerro.jpg?resize=585%2C312&amp;ssl=1 585w, https:\/\/i0.wp.com\/www.caravanas.net\/noticias\/wp-content\/uploads\/2022\/05\/Torre-del-Gerro.jpg?w=2340&amp;ssl=1 2340w\" sizes=\"(max-width: 782px) 100vw, 782px\" \/><\/h3>\n<h3><b>Playas en D\u00e9nia<\/b><\/h3>\n<p><span style=\"font-weight: 400;\">Si lo que buscas es pasar un gran <\/span><b>d\u00eda de playa<\/b><span style=\"font-weight: 400;\"> tambi\u00e9n podr\u00e1s escoger la que <\/span><span style=\"font-weight: 400;\">mejor se adapte<\/span><span style=\"font-weight: 400;\"> a tus gustos:\u00a0<\/span><\/p>\n<ul>\n<li style=\"font-weight: 400;\" aria-level=\"1\"><b>Punta del Raset<\/b><span style=\"font-weight: 400;\">: cerca del centro de la ciudad.<\/span><\/li>\n<li style=\"font-weight: 400;\" aria-level=\"1\"><b>Les Deveses<\/b><span style=\"font-weight: 400;\">: dunas, arena fina y poca gente.<\/span><\/li>\n<li style=\"font-weight: 400;\" aria-level=\"1\"><b>Punta Negra<\/b><span style=\"font-weight: 400;\">: cala rocosa.<\/span><\/li>\n<li style=\"font-weight: 400;\" aria-level=\"1\"><b>Arenetes<\/b><span style=\"font-weight: 400;\">: cala rocosa y peque\u00f1a.<\/span><\/li>\n<li style=\"font-weight: 400;\" aria-level=\"1\"><b>La Cala<\/b><span style=\"font-weight: 400;\">: la m\u00e1s escondida y poco masificada.<\/span><\/li>\n<\/ul>\n<h3><b>Pernoctar en D\u00e9nia<\/b><\/h3>\n<p><span style=\"font-weight: 400;\">Para pernoctar en la ciudad de D\u00e9nia te recomendamos el <\/span><b>camping <\/b><a href=\"https:\/\/losllanos.net\/alojamientos\/parcelas\"><b>Los Llanos<\/b><\/a><span style=\"font-weight: 400;\">. Disponen de parcelas en la que podr\u00e1s pasar la noche. Disponen de; piscina, lavaderos\/fregaderos, aseos, restaurante\u2026\u00a0<\/span><\/p>\n<p><span style=\"font-weight: 400;\">Adem\u00e1s, si quieres despertarte con unas vistas impresionantes te recomendamos <\/span><b>pernoctar en la Cala del Moraig<\/b><span style=\"font-weight: 400;\">. En esta cala se encuentran <strong>dos parkings diferentes<\/strong>, puedes bajar hasta el segundo y all\u00ed pernoctar y amanecer con unas vistas espectaculares.\u00a0<\/span><\/p>\n<p><img data-recalc-dims=\"1\" decoding=\"async\" class=\"alignnone wp-image-3418\" src=\"https:\/\/i0.wp.com\/www.caravanas.net\/noticias\/wp-content\/uploads\/2022\/05\/Cala-Moraig-1.jpg?resize=767%2C409&#038;ssl=1\" alt=\"Cala Moraig\" width=\"767\" height=\"409\" srcset=\"https:\/\/i0.wp.com\/www.caravanas.net\/noticias\/wp-content\/uploads\/2022\/05\/Cala-Moraig-1.jpg?resize=300%2C160&amp;ssl=1 300w, https:\/\/i0.wp.com\/www.caravanas.net\/noticias\/wp-content\/uploads\/2022\/05\/Cala-Moraig-1.jpg?resize=1024%2C546&amp;ssl=1 1024w, https:\/\/i0.wp.com\/www.caravanas.net\/noticias\/wp-content\/uploads\/2022\/05\/Cala-Moraig-1.jpg?resize=768%2C410&amp;ssl=1 768w, https:\/\/i0.wp.com\/www.caravanas.net\/noticias\/wp-content\/uploads\/2022\/05\/Cala-Moraig-1.jpg?resize=1536%2C819&amp;ssl=1 1536w, https:\/\/i0.wp.com\/www.caravanas.net\/noticias\/wp-content\/uploads\/2022\/05\/Cala-Moraig-1.jpg?resize=2048%2C1092&amp;ssl=1 2048w, https:\/\/i0.wp.com\/www.caravanas.net\/noticias\/wp-content\/uploads\/2022\/05\/Cala-Moraig-1.jpg?resize=1920%2C1024&amp;ssl=1 1920w, https:\/\/i0.wp.com\/www.caravanas.net\/noticias\/wp-content\/uploads\/2022\/05\/Cala-Moraig-1.jpg?resize=1170%2C624&amp;ssl=1 1170w, https:\/\/i0.wp.com\/www.caravanas.net\/noticias\/wp-content\/uploads\/2022\/05\/Cala-Moraig-1.jpg?resize=585%2C312&amp;ssl=1 585w, https:\/\/i0.wp.com\/www.caravanas.net\/noticias\/wp-content\/uploads\/2022\/05\/Cala-Moraig-1.jpg?w=2340&amp;ssl=1 2340w\" sizes=\"(max-width: 767px) 100vw, 767px\" \/><\/p>\n<h2><\/h2>\n<h2><b>SEGUNDO D\u00cdA &#8211; J\u00e1vea<\/b><\/h2>\n<p><span style=\"font-weight: 400;\">Para el segundo d\u00eda vamos a seguir por el sur de la Costa Blanca hasta el<\/span><b> pueblo de J\u00e1vea<\/b><span style=\"font-weight: 400;\">.\u00a0<\/span><\/p>\n<p><span style=\"font-weight: 400;\">Para llegar a J\u00e1vea desde D\u00e9nia hazlo por la <\/span><b>carretera<\/b> <b>CV-736<\/b><span style=\"font-weight: 400;\"> y tardar\u00e1s unos 25 minutos.\u00a0<\/span><\/p>\n<p><span style=\"font-weight: 400;\">J\u00e1vea se trata de un pueblo peque\u00f1o pero espectacular de la costa. Pasea por el pueblo y disfruta de todos sus <\/span><b>rincones y calles peatonales<\/b><span style=\"font-weight: 400;\">. Encontrar\u00e1s muchos sitios donde comer y tomar algo por el centro del pueblo.\u00a0<\/span><\/p>\n<p><img data-recalc-dims=\"1\" decoding=\"async\" class=\"alignnone wp-image-3421\" src=\"https:\/\/i0.wp.com\/www.caravanas.net\/noticias\/wp-content\/uploads\/2022\/05\/Javea-2.jpg?resize=753%2C402&#038;ssl=1\" alt=\"Javea\" width=\"753\" height=\"402\" srcset=\"https:\/\/i0.wp.com\/www.caravanas.net\/noticias\/wp-content\/uploads\/2022\/05\/Javea-2.jpg?resize=300%2C160&amp;ssl=1 300w, https:\/\/i0.wp.com\/www.caravanas.net\/noticias\/wp-content\/uploads\/2022\/05\/Javea-2.jpg?resize=1024%2C546&amp;ssl=1 1024w, https:\/\/i0.wp.com\/www.caravanas.net\/noticias\/wp-content\/uploads\/2022\/05\/Javea-2.jpg?resize=768%2C410&amp;ssl=1 768w, https:\/\/i0.wp.com\/www.caravanas.net\/noticias\/wp-content\/uploads\/2022\/05\/Javea-2.jpg?resize=1536%2C819&amp;ssl=1 1536w, https:\/\/i0.wp.com\/www.caravanas.net\/noticias\/wp-content\/uploads\/2022\/05\/Javea-2.jpg?resize=2048%2C1092&amp;ssl=1 2048w, https:\/\/i0.wp.com\/www.caravanas.net\/noticias\/wp-content\/uploads\/2022\/05\/Javea-2.jpg?resize=1920%2C1024&amp;ssl=1 1920w, https:\/\/i0.wp.com\/www.caravanas.net\/noticias\/wp-content\/uploads\/2022\/05\/Javea-2.jpg?resize=1170%2C624&amp;ssl=1 1170w, https:\/\/i0.wp.com\/www.caravanas.net\/noticias\/wp-content\/uploads\/2022\/05\/Javea-2.jpg?resize=585%2C312&amp;ssl=1 585w, https:\/\/i0.wp.com\/www.caravanas.net\/noticias\/wp-content\/uploads\/2022\/05\/Javea-2.jpg?w=2340&amp;ssl=1 2340w\" sizes=\"(max-width: 753px) 100vw, 753px\" \/><\/p>\n<h3><b>Playas en J\u00e1vea<\/b><\/h3>\n<ul>\n<li aria-level=\"1\"><b>Cala Moraig &#8211; Benitatxell<\/b><\/li>\n<\/ul>\n<p><span style=\"font-weight: 400;\">Es una de sus calas m\u00e1s espectaculares. Si visitas la zona en verano tendr\u00e1s que reservar con antelaci\u00f3n para acceder a la playa. Durante los meses de verano tiene un acceso limitado de 400 personas al d\u00eda.\u00a0<\/span><\/p>\n<p><span style=\"font-weight: 400;\">La \u00faltima actualizaci\u00f3n es que para acceder a ella (julio y agosto), tienes que reservar a trav\u00e9s de <\/span><a href=\"https:\/\/aparcare.com\/#\/login\"><span style=\"font-weight: 400;\">AparcarE<\/span><\/a><span style=\"font-weight: 400;\">.\u00a0<\/span><b><\/b><\/p>\n<ul>\n<li aria-level=\"1\"><b>Cala Portitxol<\/b><\/li>\n<\/ul>\n<p><span style=\"font-weight: 400;\">Se trata de <\/span><b>la cala m\u00e1s famosa de J\u00e1vea<\/b><span style=\"font-weight: 400;\">. Rodeada por las t\u00edpicas casas blancas de pescadores crean una estampa incre\u00edble.\u00a0<\/span><\/p>\n<p><span style=\"font-weight: 400;\">Una cala salvaje, natural y de aguas cristalinas.\u00a0<\/span><\/p>\n<p><img data-recalc-dims=\"1\" decoding=\"async\" class=\"alignnone wp-image-3423\" src=\"https:\/\/i0.wp.com\/www.caravanas.net\/noticias\/wp-content\/uploads\/2022\/05\/Cala-Portitxol.jpg?resize=739%2C394&#038;ssl=1\" alt=\"Cala Portitxol \" width=\"739\" height=\"394\" srcset=\"https:\/\/i0.wp.com\/www.caravanas.net\/noticias\/wp-content\/uploads\/2022\/05\/Cala-Portitxol.jpg?resize=300%2C160&amp;ssl=1 300w, https:\/\/i0.wp.com\/www.caravanas.net\/noticias\/wp-content\/uploads\/2022\/05\/Cala-Portitxol.jpg?resize=1024%2C546&amp;ssl=1 1024w, https:\/\/i0.wp.com\/www.caravanas.net\/noticias\/wp-content\/uploads\/2022\/05\/Cala-Portitxol.jpg?resize=768%2C410&amp;ssl=1 768w, https:\/\/i0.wp.com\/www.caravanas.net\/noticias\/wp-content\/uploads\/2022\/05\/Cala-Portitxol.jpg?resize=1536%2C819&amp;ssl=1 1536w, https:\/\/i0.wp.com\/www.caravanas.net\/noticias\/wp-content\/uploads\/2022\/05\/Cala-Portitxol.jpg?resize=2048%2C1092&amp;ssl=1 2048w, https:\/\/i0.wp.com\/www.caravanas.net\/noticias\/wp-content\/uploads\/2022\/05\/Cala-Portitxol.jpg?resize=1920%2C1024&amp;ssl=1 1920w, https:\/\/i0.wp.com\/www.caravanas.net\/noticias\/wp-content\/uploads\/2022\/05\/Cala-Portitxol.jpg?resize=1170%2C624&amp;ssl=1 1170w, https:\/\/i0.wp.com\/www.caravanas.net\/noticias\/wp-content\/uploads\/2022\/05\/Cala-Portitxol.jpg?resize=585%2C312&amp;ssl=1 585w, https:\/\/i0.wp.com\/www.caravanas.net\/noticias\/wp-content\/uploads\/2022\/05\/Cala-Portitxol.jpg?w=2340&amp;ssl=1 2340w\" sizes=\"(max-width: 739px) 100vw, 739px\" \/><\/p>\n<ul>\n<li aria-level=\"1\"><b>Cala Granadella<\/b><\/li>\n<\/ul>\n<p><span style=\"font-weight: 400;\">Esta cala se encuentra en el Parque Forestal de la Granadella. Una cala rodeada de grandes acantilados y una de las joyas escondidas de la zona.\u00a0<\/span><\/p>\n<p><span style=\"font-weight: 400;\">Podr\u00e1s llegar a ella f\u00e1cilmente en tu camper; se trata de una carretera secundaria que est\u00e1 bien se\u00f1alizada desde J\u00e1vea. Cuenta con varios aparcamientos pero durante de los meses de verano se llenan r\u00e1pidamente.\u00a0<\/span><\/p>\n<h3><b>Visita al pueblo de Agres<\/b><\/h3>\n<p><span style=\"font-weight: 400;\">Antes de continuar con la ruta hacia el sur te sugerimos hacer una parada hacia el interior en el <\/span><b>pueblo de Agres<\/b><span style=\"font-weight: 400;\">.\u00a0<\/span><\/p>\n<p><span style=\"font-weight: 400;\">Se trata de un peque\u00f1o pueblo de no m\u00e1s de 600 habitantes. A\u00fan as\u00ed, tiene gran variedad de <\/span><b>patrimonio hist\u00f3rico<\/b><span style=\"font-weight: 400;\"> digno de ser visitado. Adem\u00e1s, si tienes inter\u00e9s puedes disfrutar de varias <\/span><b>rutas de senderismo<\/b><span style=\"font-weight: 400;\">.\u00a0<\/span><\/p>\n<h4><b>Ruta desde J\u00e1vea<\/b><span style=\"font-weight: 400;\">:<\/span><\/h4>\n<ul>\n<li style=\"font-weight: 400;\" aria-level=\"1\"><span style=\"font-weight: 400;\">Ves por la <\/span><b>carretera CV-60 <\/b><span style=\"font-weight: 400;\">hasta Agres<\/span> <span style=\"font-weight: 400;\">(1 hora y 20 de camino en coche).<\/span><\/li>\n<\/ul>\n<p><img data-recalc-dims=\"1\" decoding=\"async\" class=\"alignnone wp-image-3428\" src=\"https:\/\/i0.wp.com\/www.caravanas.net\/noticias\/wp-content\/uploads\/2022\/05\/Ruta-Agres.png?resize=649%2C383&#038;ssl=1\" alt=\"Ruta Agres\" width=\"649\" height=\"383\" srcset=\"https:\/\/i0.wp.com\/www.caravanas.net\/noticias\/wp-content\/uploads\/2022\/05\/Ruta-Agres.png?resize=300%2C177&amp;ssl=1 300w, https:\/\/i0.wp.com\/www.caravanas.net\/noticias\/wp-content\/uploads\/2022\/05\/Ruta-Agres.png?w=512&amp;ssl=1 512w\" sizes=\"(max-width: 649px) 100vw, 649px\" \/><\/p>\n<p>&nbsp;<\/p>\n<h2><b>TERCER D\u00cdA &#8211; ALTEA<\/b><\/h2>\n<p><span style=\"font-weight: 400;\">La tercera parada de esta ruta es el <\/span><b>pueblo de Altea<\/b><span style=\"font-weight: 400;\">; considerado uno de los pueblos m\u00e1s bonitos de la Comunidad Valenciana.\u00a0<\/span><\/p>\n<p><span style=\"font-weight: 400;\">El casco antiguo de este precioso pueblo es un tesoro en el que perderse. Calles empedradas, cuestas, etc. con un toque aut\u00e9nticamente Mediterr\u00e1neo. Altea est\u00e1 condecorado con el t\u00edtulo de <\/span><b>Capital Cultural de la Comunidad Valenciana<\/b><span style=\"font-weight: 400;\">.\u00a0<\/span><\/p>\n<p><b>Qu\u00e9 visitar en Altea:<\/b><\/p>\n<ul>\n<li style=\"font-weight: 400;\" aria-level=\"1\"><span style=\"font-weight: 400;\">Calle Mayor, calle Salamanca, calle San Miguel, etc.<\/span><\/li>\n<li style=\"font-weight: 400;\" aria-level=\"1\"><span style=\"font-weight: 400;\">Paseo mar\u00edtimo y puerto de Altea<\/span><\/li>\n<li style=\"font-weight: 400;\" aria-level=\"1\"><span style=\"font-weight: 400;\">Iglesia Nuestra Se\u00f1ora del Consuelo<\/span><\/li>\n<li style=\"font-weight: 400;\" aria-level=\"1\"><span style=\"font-weight: 400;\">Iglesia Ortodoxa Rusa San Miguel Arc\u00e1ngel<\/span><\/li>\n<\/ul>\n<h3><b>Playas en Altea\u00a0<\/b><\/h3>\n<p><span style=\"font-weight: 400;\">Te recomendamos algunas <\/span><b>playas en la zona de Altea<\/b><span style=\"font-weight: 400;\"> menos masificadas y con encanto:<\/span><\/p>\n<ul>\n<li style=\"font-weight: 400;\" aria-level=\"1\"><span style=\"font-weight: 400;\">Playa Barreta-Mascarat<\/span><\/li>\n<li style=\"font-weight: 400;\" aria-level=\"1\"><span style=\"font-weight: 400;\">Playa Cap Negret<\/span><\/li>\n<li style=\"font-weight: 400;\" aria-level=\"1\"><span style=\"font-weight: 400;\">Playa de l\u2019Olla<\/span><\/li>\n<\/ul>\n<h3><b>Pernoctar en Altea\u00a0<\/b><\/h3>\n<p><span style=\"font-weight: 400;\">A 10 minutos del pueblo de Altea encontrar\u00e1s el <\/span><strong><a href=\"https:\/\/www.areasac.es\/alfaz-del-pi\/alicante\/alfaz-del-pi-costa-blanca_1530_1_ap.html\">\u00c1rea de Servicio Alfaz del Pi:<\/a><\/strong><\/p>\n<ul>\n<li style=\"font-weight: 400;\" aria-level=\"1\"><span style=\"font-weight: 400;\">Pernocta 14 \u20ac\/d\u00eda<\/span><\/li>\n<li style=\"font-weight: 400;\" aria-level=\"1\"><span style=\"font-weight: 400;\">Cambio de aguas<\/span><\/li>\n<li style=\"font-weight: 400;\" aria-level=\"1\"><span style=\"font-weight: 400;\">Electricidad<\/span><\/li>\n<li style=\"font-weight: 400;\" aria-level=\"1\"><span style=\"font-weight: 400;\">Duchas, lavadora y secadora<\/span><\/li>\n<\/ul>\n<p><span style=\"font-weight: 400;\">Tambi\u00e9n tienes la opci\u00f3n de pernoctar en un camping. En esta zona te sugerimos el <\/span><a href=\"https:\/\/www.campingsantaclaraaltea.com\/instalaciones-camping\/\"><b>Camping Santa Clara<\/b><\/a><span style=\"font-weight: 400;\">:<\/span><\/p>\n<ul>\n<li style=\"font-weight: 400;\" aria-level=\"1\"><span style=\"font-weight: 400;\">Toma de luz<\/span><\/li>\n<li style=\"font-weight: 400;\" aria-level=\"1\"><span style=\"font-weight: 400;\">Aseos, lavabos, duchas<\/span><\/li>\n<li style=\"font-weight: 400;\" aria-level=\"1\"><span style=\"font-weight: 400;\">Zona de lavander\u00eda<\/span><\/li>\n<li style=\"font-weight: 400;\" aria-level=\"1\"><span style=\"font-weight: 400;\">Fregaderos y lavaderos<\/span><\/li>\n<\/ul>\n<h3><b>Visitar Guadalest<\/b><\/h3>\n<p><span style=\"font-weight: 400;\">Antes de dejar el pueblo de Altea te sugerimos como \u00faltima parada en esta zona el <\/span><strong>pueblo de Guadalest<\/strong><span style=\"font-weight: 400;\">. Declarado Conjunto Hist\u00f3rico-Art\u00edstico y de la Asociaci\u00f3n de los <strong>pueblos m\u00e1s bonitos de Espa\u00f1a.\u00a0<\/strong><\/span><\/p>\n<p><span style=\"font-weight: 400;\">Puedes visitar el castillo de San Jos\u00e9 y el embalse de Guadalest.\u00a0<\/span><\/p>\n<p><span style=\"font-weight: 400;\">Este pueblo se encuentra a 30 minutos en coche desde Altea por la CV-760 y CV-70.\u00a0<\/span><\/p>\n<p><img data-recalc-dims=\"1\" decoding=\"async\" class=\"alignnone wp-image-3430\" src=\"https:\/\/i0.wp.com\/www.caravanas.net\/noticias\/wp-content\/uploads\/2022\/05\/Guadalest.jpg?resize=744%2C397&#038;ssl=1\" alt=\"Guadalest\" width=\"744\" height=\"397\" srcset=\"https:\/\/i0.wp.com\/www.caravanas.net\/noticias\/wp-content\/uploads\/2022\/05\/Guadalest.jpg?resize=300%2C160&amp;ssl=1 300w, https:\/\/i0.wp.com\/www.caravanas.net\/noticias\/wp-content\/uploads\/2022\/05\/Guadalest.jpg?resize=1024%2C546&amp;ssl=1 1024w, https:\/\/i0.wp.com\/www.caravanas.net\/noticias\/wp-content\/uploads\/2022\/05\/Guadalest.jpg?resize=768%2C410&amp;ssl=1 768w, https:\/\/i0.wp.com\/www.caravanas.net\/noticias\/wp-content\/uploads\/2022\/05\/Guadalest.jpg?resize=1536%2C819&amp;ssl=1 1536w, https:\/\/i0.wp.com\/www.caravanas.net\/noticias\/wp-content\/uploads\/2022\/05\/Guadalest.jpg?resize=2048%2C1092&amp;ssl=1 2048w, https:\/\/i0.wp.com\/www.caravanas.net\/noticias\/wp-content\/uploads\/2022\/05\/Guadalest.jpg?resize=1920%2C1024&amp;ssl=1 1920w, https:\/\/i0.wp.com\/www.caravanas.net\/noticias\/wp-content\/uploads\/2022\/05\/Guadalest.jpg?resize=1170%2C624&amp;ssl=1 1170w, https:\/\/i0.wp.com\/www.caravanas.net\/noticias\/wp-content\/uploads\/2022\/05\/Guadalest.jpg?resize=585%2C312&amp;ssl=1 585w, https:\/\/i0.wp.com\/www.caravanas.net\/noticias\/wp-content\/uploads\/2022\/05\/Guadalest.jpg?w=2340&amp;ssl=1 2340w\" sizes=\"(max-width: 744px) 100vw, 744px\" \/><\/p>\n<h2><\/h2>\n<h2><b>CUARTO D\u00cdA &#8211; POLOP DE LA MARINA Y VILLAJOYOSA\u00a0<\/b><\/h2>\n<p><span style=\"font-weight: 400;\">Primero, haz una parada en el pueblo de <\/span><b>Polop de la Marina<\/b><b>, <\/b><span style=\"font-weight: 400;\">a 30 minutos de Altea. Se trata de un peque\u00f1o pueblo que pertenece a la comarca de la Marina Baja.\u00a0<\/span><\/p>\n<p><b>Qu\u00e9 visitar en Polop de la Marina:<\/b><\/p>\n<ul>\n<li style=\"font-weight: 400;\" aria-level=\"1\"><span style=\"font-weight: 400;\">Fuente de los Chorros<\/span><\/li>\n<li style=\"font-weight: 400;\" aria-level=\"1\"><span style=\"font-weight: 400;\">Plaza principal<\/span><\/li>\n<li style=\"font-weight: 400;\" aria-level=\"1\"><span style=\"font-weight: 400;\">Calles de Polop<\/span><\/li>\n<li style=\"font-weight: 400;\" aria-level=\"1\"><span style=\"font-weight: 400;\">Castillo de Polop<\/span><\/li>\n<li style=\"font-weight: 400;\" aria-level=\"1\"><span style=\"font-weight: 400;\">Muralla medieval\u00a0<\/span><\/li>\n<\/ul>\n<p><span style=\"font-weight: 400;\">Despu\u00e9s, y como \u00faltima parada visita el <\/span><b>pueblo pesquero de Villajoyosa<\/b><span style=\"font-weight: 400;\">. Se trata de una villa pesquera que destaca en \u00e9l sus caracter\u00edsticas casas de colores.\u00a0<\/span><\/p>\n<p><span style=\"font-weight: 400;\">Visita el pueblo y disfruta de sus rincones. Adem\u00e1s, puedes <strong>visitar el mercado central<\/strong> y comer pescado fresco all\u00ed mismo. Encontrar\u00e1s encurtidos, salazones, panader\u00edas y mucho m\u00e1s en este curioso mercado.\u00a0<\/span><\/p>\n<p><span style=\"font-weight: 400;\">En este pintoresco pueblo te encontrar\u00e1s con un turismo m\u00e1s relajado y alejado del ajetreo de algunos pueblos cercanos. En eso est\u00e1 el encanto de este curioso pueblo.\u00a0<\/span><\/p>\n<p><img data-recalc-dims=\"1\" decoding=\"async\" class=\"alignnone wp-image-3432\" src=\"https:\/\/i0.wp.com\/www.caravanas.net\/noticias\/wp-content\/uploads\/2022\/05\/Villajoyosa-1.jpg?resize=742%2C396&#038;ssl=1\" alt=\"Villajoyosa\" width=\"742\" height=\"396\" srcset=\"https:\/\/i0.wp.com\/www.caravanas.net\/noticias\/wp-content\/uploads\/2022\/05\/Villajoyosa-1.jpg?resize=300%2C160&amp;ssl=1 300w, https:\/\/i0.wp.com\/www.caravanas.net\/noticias\/wp-content\/uploads\/2022\/05\/Villajoyosa-1.jpg?resize=1024%2C546&amp;ssl=1 1024w, https:\/\/i0.wp.com\/www.caravanas.net\/noticias\/wp-content\/uploads\/2022\/05\/Villajoyosa-1.jpg?resize=768%2C410&amp;ssl=1 768w, https:\/\/i0.wp.com\/www.caravanas.net\/noticias\/wp-content\/uploads\/2022\/05\/Villajoyosa-1.jpg?resize=1536%2C819&amp;ssl=1 1536w, https:\/\/i0.wp.com\/www.caravanas.net\/noticias\/wp-content\/uploads\/2022\/05\/Villajoyosa-1.jpg?resize=2048%2C1092&amp;ssl=1 2048w, https:\/\/i0.wp.com\/www.caravanas.net\/noticias\/wp-content\/uploads\/2022\/05\/Villajoyosa-1.jpg?resize=1920%2C1024&amp;ssl=1 1920w, https:\/\/i0.wp.com\/www.caravanas.net\/noticias\/wp-content\/uploads\/2022\/05\/Villajoyosa-1.jpg?resize=1170%2C624&amp;ssl=1 1170w, https:\/\/i0.wp.com\/www.caravanas.net\/noticias\/wp-content\/uploads\/2022\/05\/Villajoyosa-1.jpg?resize=585%2C312&amp;ssl=1 585w, https:\/\/i0.wp.com\/www.caravanas.net\/noticias\/wp-content\/uploads\/2022\/05\/Villajoyosa-1.jpg?w=2340&amp;ssl=1 2340w\" sizes=\"(max-width: 742px) 100vw, 742px\" \/><\/p>\n<h3><strong>Laguna Rosa de Torrevieja\u00a0<\/strong><\/h3>\n<p><span style=\"font-weight: 400;\">Si tienes m\u00e1s tiempo y quieres disfrutar de un \u00faltimo rinc\u00f3n de la Comunidad Valenciana sorprendente y llamativo, \u00a1Visita la <\/span><b>Laguna Rosa de Torrevieja<\/b><span style=\"font-weight: 400;\">!<\/span><\/p>\n<p><span style=\"font-weight: 400;\">Este paisaje que te proponemos te dejar\u00e1 sin palabras: una laguna rosa de 1.400 hect\u00e1reas. Se encuentra en el <\/span><b>Parque Natural de las Lagunas de la Mata y Torrevieja.\u00a0<\/b><\/p>\n<p><span style=\"font-weight: 400;\">Este fen\u00f3meno se debe a la gran concentraci\u00f3n de sal; 350 gramos de sal por litro de agua. Cada a\u00f1o se extraen de esta laguna 800.000 toneladas de sal.\u00a0<\/span><\/p>\n<p><img data-recalc-dims=\"1\" decoding=\"async\" class=\"alignnone wp-image-3434\" src=\"https:\/\/i0.wp.com\/www.caravanas.net\/noticias\/wp-content\/uploads\/2022\/05\/Laguna-Roja-Torrevieja.jpg?resize=744%2C397&#038;ssl=1\" alt=\"Laguna Roja Torrevieja\" width=\"744\" height=\"397\" srcset=\"https:\/\/i0.wp.com\/www.caravanas.net\/noticias\/wp-content\/uploads\/2022\/05\/Laguna-Roja-Torrevieja.jpg?resize=300%2C160&amp;ssl=1 300w, https:\/\/i0.wp.com\/www.caravanas.net\/noticias\/wp-content\/uploads\/2022\/05\/Laguna-Roja-Torrevieja.jpg?resize=1024%2C546&amp;ssl=1 1024w, https:\/\/i0.wp.com\/www.caravanas.net\/noticias\/wp-content\/uploads\/2022\/05\/Laguna-Roja-Torrevieja.jpg?resize=768%2C410&amp;ssl=1 768w, https:\/\/i0.wp.com\/www.caravanas.net\/noticias\/wp-content\/uploads\/2022\/05\/Laguna-Roja-Torrevieja.jpg?resize=1536%2C819&amp;ssl=1 1536w, https:\/\/i0.wp.com\/www.caravanas.net\/noticias\/wp-content\/uploads\/2022\/05\/Laguna-Roja-Torrevieja.jpg?resize=2048%2C1092&amp;ssl=1 2048w, https:\/\/i0.wp.com\/www.caravanas.net\/noticias\/wp-content\/uploads\/2022\/05\/Laguna-Roja-Torrevieja.jpg?resize=1920%2C1024&amp;ssl=1 1920w, https:\/\/i0.wp.com\/www.caravanas.net\/noticias\/wp-content\/uploads\/2022\/05\/Laguna-Roja-Torrevieja.jpg?resize=1170%2C624&amp;ssl=1 1170w, https:\/\/i0.wp.com\/www.caravanas.net\/noticias\/wp-content\/uploads\/2022\/05\/Laguna-Roja-Torrevieja.jpg?resize=585%2C312&amp;ssl=1 585w, https:\/\/i0.wp.com\/www.caravanas.net\/noticias\/wp-content\/uploads\/2022\/05\/Laguna-Roja-Torrevieja.jpg?w=2340&amp;ssl=1 2340w\" sizes=\"(max-width: 744px) 100vw, 744px\" \/><\/p>\n<p>Esta es solo una opci\u00f3n de ruta por la Costa Blanca de Alicante. Pero como puedes ver, \u00a0las opciones son infinitas,<strong> \u00a1Ad\u00e1ptalo a tu gusto!<\/strong><\/p>\n<p><span style=\"font-weight: 400;\"><style type=\"text\/css\">.text-truncate { overflow: hidden; text-overflow: ellipsis; white-space: nowrap; }.flex-row { display: flex; flex-wrap: wrap; margin-right: -15px; margin-left: -15px; }.flex-col { flex-basis: 0; flex-grow: 1; max-width: 100%; position: relative; width: 100%; padding-right: 15px; padding-left: 15px; }.ads-list { display: flex !important; flex-wrap: wrap; margin-right: -15px; margin-left: -15px; }@media (min-width: 768px) { .ad-pill-box { flex: 0 0 33.3333333333%; max-width: 33.3333333333%; } }.ad-pill-box { position: relative; width: 100%; padding-right: 15px; padding-left: 15px; margin-bottom: 1rem; }.ad-pill { height: 100%!important; padding: 1.25rem !important; border-radius: .5rem!important; border: 1px solid #48ca7c !important; }.ad-pill .rounded { border-radius: .5rem !important; }.ad-pill .shadow-sm { box-shadow: 0 .125rem .25rem rgba(25,33,40,.075) !important; }.ad-pill .ad-image { background: 50% no-repeat; background-size: contain; min-height: 129px; display: block; position: relative;  color: #343a40 !important; margin-bottom: 1rem !important; border-radius: .5rem !important; }.ad-pill .ad-image-price { bottom: 0.5rem; left: 0.5rem; display: inline-block; position: absolute; background: #fff; padding: 0 0.5em; }.ad-pill .ad-title { font-size: 1.25rem; margin-bottom: 0.5rem; }.ad-pill .text-muted { color: #a3a3a3 !important; line-height: 1.3; margin-bottom: 1rem; }.ad-pill .bg-light { background: #f0f1f2; border-radius: .5rem; padding: 5px; text-align: center; margin-bottom: 1rem; }.ad-pill .btn-primary { display: block; background: #48ca7c; border-radius: .5rem; padding: 5px; text-align: center; color: #fff !important; text-decoration: none !important; }.ad-pill .btn-primary:hover { background: #2c9958; }<\/style><div class=\"ads-list\" style=\"display: flex !important\"><div class=\"ad-pill-box\"><div class=\"ad-pill\"><a href=\"https:\/\/www.caravanas.net\/ad\/15196\/weinsberg-caraone-400-lk\" class=\"ad-image rounded mb-4\" style=\"background-image: url('https:\/\/caravanas.fra1.cdn.digitaloceanspaces.com\/public\/129812\/conversions\/IMG_0549-web.jpg');\"><div class=\"ad-image-price d-inline-block bg-white rounded py-1 px-3 position-absolute shadow-sm\"><div class=\"price-amount big\">18.400 \u20ac<\/div><\/div><\/a><div class=\"ad-title text-truncate\">Weinsberg CARAONE 400 LK<\/div><div class=\"mb-4 text-muted\">WEINSBERG CARAONE 400 LK, a\u00f1o Agosto  2019, seminueva, sal\u00f3n convertible en cama...<\/div><div class=\"details mb-3\"><div class=\"flex-row\"><div class=\"flex-col\"><div class=\"text-center bg-light rounded py-2\">4 viajar<\/div><\/div><div class=\"flex-col\"><div class=\"text-center bg-light rounded py-2\">4 dormir<\/div><\/div><\/div><\/div><div class=\"flex-row\"><div class=\"flex-col\"><a href=\"https:\/\/www.caravanas.net\/ad\/15196\/weinsberg-caraone-400-lk\" target=\"_blank\" class=\"btn btn-block btn-primary\">Contactar<\/a><\/div><div class=\"flex-col\"><a href=\"https:\/\/www.caravanas.net\/ad\/15196\/weinsberg-caraone-400-lk\" target=\"_blank\" class=\"btn-primary\">+ info<\/a><\/div><\/div><\/div><\/div><div class=\"ad-pill-box\"><div class=\"ad-pill\"><a href=\"https:\/\/www.caravanas.net\/ad\/15195\/knaus-sport-500-qdk\" class=\"ad-image rounded mb-4\" style=\"background-image: url('https:\/\/caravanas.fra1.cdn.digitaloceanspaces.com\/public\/129785\/conversions\/IMG_0537-web.jpg');\"><div class=\"ad-image-price d-inline-block bg-white rounded py-1 px-3 position-absolute shadow-sm\"><div class=\"price-amount big\">29.290 \u20ac<\/div><\/div><\/a><div class=\"ad-title text-truncate\">Knaus SPORT 500 QDK<\/div><div class=\"mb-4 text-muted\">Caracter\u00edsticas:Marca                 KnausModelo               Sport 500 QDKTipo                     3 ambientesAntig\u00fcedad      NuevaPlazas                  6Distribuci\u00f3n     Cama delantera, cama...<\/div><div class=\"details mb-3\"><div class=\"flex-row\"><div class=\"flex-col\"><div class=\"text-center bg-light rounded py-2\">6 viajar<\/div><\/div><div class=\"flex-col\"><div class=\"text-center bg-light rounded py-2\">6 dormir<\/div><\/div><\/div><\/div><div class=\"flex-row\"><div class=\"flex-col\"><a href=\"https:\/\/www.caravanas.net\/ad\/15195\/knaus-sport-500-qdk\" target=\"_blank\" class=\"btn btn-block btn-primary\">Contactar<\/a><\/div><div class=\"flex-col\"><a href=\"https:\/\/www.caravanas.net\/ad\/15195\/knaus-sport-500-qdk\" target=\"_blank\" class=\"btn-primary\">+ info<\/a><\/div><\/div><\/div><\/div><div class=\"ad-pill-box\"><div class=\"ad-pill\"><a href=\"https:\/\/www.caravanas.net\/ad\/15194\/carado-cve-600\" class=\"ad-image rounded mb-4\" style=\"background-image: url('https:\/\/caravanas.fra1.cdn.digitaloceanspaces.com\/public\/129774\/conversions\/8c8023fd-7da6-4fe3-b519-56e5570b-web.jpg');\"><div class=\"ad-image-price d-inline-block bg-white rounded py-1 px-3 position-absolute shadow-sm\"><div class=\"price-amount big\">49.990 \u20ac<\/div><\/div><\/a><div class=\"ad-title text-truncate\">Carado CVE 600<\/div><div class=\"mb-4 text-muted\">Fantastica Camper CARADO montada sobre base FIat Ducato 2.3 de 140cv, con...<\/div><div class=\"details mb-3\"><div class=\"flex-row\"><div class=\"flex-col\"><div class=\"text-center bg-light rounded py-2\">4 viajar<\/div><\/div><div class=\"flex-col\"><div class=\"text-center bg-light rounded py-2\">4 dormir<\/div><\/div><\/div><\/div><div class=\"flex-row\"><div class=\"flex-col\"><a href=\"https:\/\/www.caravanas.net\/ad\/15194\/carado-cve-600\" target=\"_blank\" class=\"btn btn-block btn-primary\">Contactar<\/a><\/div><div class=\"flex-col\"><a href=\"https:\/\/www.caravanas.net\/ad\/15194\/carado-cve-600\" target=\"_blank\" class=\"btn-primary\">+ info<\/a><\/div><\/div><\/div><\/div><\/div>\u00a0\u00a0<\/span><\/p>\n<p>As\u00ed mismo, esta ruta puedes hacerla en camper, caravana o autocaravana. Del mismo modo, se trata de un destino completamente adaptable a familias, parejas, etc.<\/p>\n<p>\u00bfConoc\u00edas ya la Costa Blanca? <strong>Cu\u00e9ntanos<\/strong> si ya hab\u00edas visitado esta zona, otras rutas, alg\u00fan sitio imprescindible&#8230; <span style=\"font-weight: 400;\">\ud83d\udc47<\/span><\/p>\n<p>&nbsp;<\/p>\n<p>&nbsp;<\/p>\n","protected":false},"excerpt":{"rendered":"<p>Viajar en camper te da la libertad absoluta para recorrer y visitar aquellas zonas que m\u00e1s nos apetecen. La improvisaci\u00f3n que te da esta&hellip;<\/p>\n","protected":false},"author":5,"featured_media":3410,"comment_status":"open","ping_status":"open","sticky":false,"template":"","format":"standard","meta":{"_jetpack_memberships_contains_paid_content":false,"footnotes":""},"categories":[20],"tags":[],"class_list":["post-3401","post","type-post","status-publish","format-standard","has-post-thumbnail","hentry","category-rutas"],"aioseo_notices":[],"jetpack_featured_media_url":"https:\/\/i0.wp.com\/www.caravanas.net\/noticias\/wp-content\/uploads\/2022\/05\/Alicante-ruta-en-CamperVan.jpg?fit=2560%2C1365&ssl=1","jetpack_sharing_enabled":true,"_links":{"self":[{"href":"https:\/\/www.caravanas.net\/noticias\/wp-json\/wp\/v2\/posts\/3401","targetHints":{"allow":["GET"]}}],"collection":[{"href":"https:\/\/www.caravanas.net\/noticias\/wp-json\/wp\/v2\/posts"}],"about":[{"href":"https:\/\/www.caravanas.net\/noticias\/wp-json\/wp\/v2\/types\/post"}],"author":[{"embeddable":true,"href":"https:\/\/www.caravanas.net\/noticias\/wp-json\/wp\/v2\/users\/5"}],"replies":[{"embeddable":true,"href":"https:\/\/www.caravanas.net\/noticias\/wp-json\/wp\/v2\/comments?post=3401"}],"version-history":[{"count":0,"href":"https:\/\/www.caravanas.net\/noticias\/wp-json\/wp\/v2\/posts\/3401\/revisions"}],"wp:featuredmedia":[{"embeddable":true,"href":"https:\/\/www.caravanas.net\/noticias\/wp-json\/wp\/v2\/media\/3410"}],"wp:attachment":[{"href":"https:\/\/www.caravanas.net\/noticias\/wp-json\/wp\/v2\/media?parent=3401"}],"wp:term":[{"taxonomy":"category","embeddable":true,"href":"https:\/\/www.caravanas.net\/noticias\/wp-json\/wp\/v2\/categories?post=3401"},{"taxonomy":"post_tag","embeddable":true,"href":"https:\/\/www.caravanas.net\/noticias\/wp-json\/wp\/v2\/tags?post=3401"}],"curies":[{"name":"wp","href":"https:\/\/api.w.org\/{rel}","templated":true}]}}