{"id":3122,"date":"2023-04-20T09:45:38","date_gmt":"2023-04-20T07:45:38","guid":{"rendered":"https:\/\/www.caravanas.net\/noticias\/?p=3122"},"modified":"2023-04-20T14:58:36","modified_gmt":"2023-04-20T12:58:36","slug":"libros-para-amantes-del-caravaning-autocaravaning-y-el-vanlife","status":"publish","type":"post","link":"https:\/\/www.caravanas.net\/noticias\/libros-para-amantes-del-caravaning-autocaravaning-y-el-vanlife\/","title":{"rendered":"Lectura para amantes del caravaning, autocaravaning y el vanlife"},"content":{"rendered":"<p><span style=\"font-weight: 400;\">No importa si ya te has <\/span><a href=\"https:\/\/www.caravanas.net\/search\"><span style=\"font-weight: 400;\">comprado tu primera caravana o autocaravana<\/span><\/a><span style=\"font-weight: 400;\">, o quiz\u00e1s est\u00e9 rondando la idea en tu cabeza. Lo cierto es que muchas veces ayuda mantenernos informados o buscar ejemplos e historias de otros que ya viven el caravaning.<\/span><\/p>\n<p><span style=\"font-weight: 400;\">Puede que est\u00e9s<\/span><a href=\"https:\/\/www.caravanas.net\/noticias\/category\/rutas\/\"><span style=\"font-weight: 400;\"> buscando una ruta<\/span><\/a><span style=\"font-weight: 400;\"> en concreto, un destino al que le tienes ganas, puede que necesites saber recetas para cocinar en tu autocaravana o caravana.\u00a0<\/span><\/p>\n<p><span style=\"font-weight: 400;\">Tal vez, te interese conocer la historia del caravaning, o busques informaci\u00f3n m\u00e1s t\u00e9cnica y \u00fatil como saber d\u00f3nde hay \u00e1reas para autocaravanas.<\/span><\/p>\n<p><span style=\"font-weight: 400;\">Este domingo se celebra Sant Jordi en <a href=\"https:\/\/www.caravanas.net\/noticias\/cataluna-en-autocaravana\/\">Catalu\u00f1a<\/a> as\u00ed que aprovechamos la fecha para inspirarte y que te compres\u00a0 o regales unos cuantos <\/span><b>libros para tus momentos de relax durante los viajes en caravana.<\/b><\/p>\n<p><span style=\"font-weight: 400;\">A continuaci\u00f3n te recomendamos <strong>8<\/strong><\/span><b>\u00a0libros que te ayudar\u00e1n a acercarte al mundo del caravaning y autocaravaning.\u00a0<\/b><\/p>\n<p><!--more--><\/p>\n<h2><\/h2>\n<h2><span style=\"font-weight: 400;\">Libros sobre recetas para caravaneros y furgoneteros:<\/span><\/h2>\n<p>&nbsp;<\/p>\n<h3><span style=\"font-weight: 400;\">Furgorecetas: Recetas para viajar en furgoneta<img data-recalc-dims=\"1\" decoding=\"async\" class=\" wp-image-3131 alignleft\" src=\"https:\/\/i0.wp.com\/www.caravanas.net\/noticias\/wp-content\/uploads\/2022\/04\/Furgorecetas.jpg?resize=175%2C249&#038;ssl=1\" alt=\"Furgorecetas\" width=\"175\" height=\"249\" \/><\/span><\/h3>\n<p><span style=\"font-weight: 400;\">43 recetas saludables para preparar en tu autocaravana o camper, adem\u00e1s incluye c\u00f3digos QR para poder ver los v\u00eddeos de las recetas, todo un detalle.<\/span><\/p>\n<p><span style=\"font-weight: 400;\">Escrito por dos blogger Maeva y Manel, apasionados por el mundo camper, comparten desde su experiencia recetas f\u00e1ciles y r\u00e1pidas de hacer.<\/span><\/p>\n<p>&nbsp;<\/p>\n<p>&nbsp;<\/p>\n<p>&nbsp;<\/p>\n<h3><span style=\"font-weight: 400;\">Chef de caravana: 70 recetas \u00abtodoterreno\u00bb<img data-recalc-dims=\"1\" decoding=\"async\" class=\"wp-image-3130 alignleft\" src=\"https:\/\/i0.wp.com\/www.caravanas.net\/noticias\/wp-content\/uploads\/2022\/04\/chef-de-caravanas-70-recetas.jpg?resize=175%2C216&#038;ssl=1\" alt=\"chef de caravanas 70 recetas\" width=\"175\" height=\"216\" srcset=\"https:\/\/i0.wp.com\/www.caravanas.net\/noticias\/wp-content\/uploads\/2022\/04\/chef-de-caravanas-70-recetas.jpg?w=404&amp;ssl=1 404w, https:\/\/i0.wp.com\/www.caravanas.net\/noticias\/wp-content\/uploads\/2022\/04\/chef-de-caravanas-70-recetas.jpg?resize=242%2C300&amp;ssl=1 242w\" sizes=\"(max-width: 175px) 100vw, 175px\" \/><\/span><\/h3>\n<p><span style=\"font-weight: 400;\">Amanda Laporte chef profesional y presentadora de Canal Cocina, comparte 70 recetas de autor, que son sanas, f\u00e1ciles y r\u00e1pidas de hacer, adem\u00e1s incluye consejos y trucos para organizar la despensa en la caravana o autocaravana.<\/span><\/p>\n<p><span style=\"font-weight: 400;\">Una pr\u00e1ctica gu\u00eda de cocina, con fotograf\u00eda de gran calidad y con \u00edconos para ayudarte a decidir y encontrar la receta que necesitas en cada momento.<\/span><\/p>\n<h2><\/h2>\n<p>&nbsp;<\/p>\n<p>&nbsp;<\/p>\n<h2><span style=\"font-weight: 400;\">Libros sobre rutas y destinos:<\/span><\/h2>\n<p>&nbsp;<\/p>\n<h3><span style=\"font-weight: 400;\">Las mejores rutas en autocaravana por Europa<img data-recalc-dims=\"1\" decoding=\"async\" class=\"wp-image-3135 alignleft\" src=\"https:\/\/i0.wp.com\/www.caravanas.net\/noticias\/wp-content\/uploads\/2022\/04\/Libro-las-mejores-rutas-en-autocaravana-por-Europa.jpg?resize=153%2C221&#038;ssl=1\" alt=\"Libro las mejores rutas en autocaravana por Europa\" width=\"153\" height=\"221\" srcset=\"https:\/\/i0.wp.com\/www.caravanas.net\/noticias\/wp-content\/uploads\/2022\/04\/Libro-las-mejores-rutas-en-autocaravana-por-Europa.jpg?w=552&amp;ssl=1 552w, https:\/\/i0.wp.com\/www.caravanas.net\/noticias\/wp-content\/uploads\/2022\/04\/Libro-las-mejores-rutas-en-autocaravana-por-Europa.jpg?resize=208%2C300&amp;ssl=1 208w\" sizes=\"(max-width: 153px) 100vw, 153px\" \/><\/span><\/h3>\n<p><span style=\"font-weight: 400;\">En este libro podr\u00e1s encontrar rutas por Espa\u00f1a, Francia, Alemania, Noruega, Italia, Croacia o Polonia.\u00a0\u00a0<\/span><\/p>\n<p><span style=\"font-weight: 400;\">Ideal para quienes est\u00e1n indecisos por cu\u00e1l destino elegir, ya que cuenta con rutas cl\u00e1sicas y favoritas de otros autocaravanistas.<\/span><\/p>\n<p>&nbsp;<\/p>\n<p>&nbsp;<\/p>\n<h3><span style=\"font-weight: 400;\">Viajar por libre: 50 rutas en furgo por Espa\u00f1a (N\u00f3madas)<img data-recalc-dims=\"1\" decoding=\"async\" class=\"wp-image-3127 alignleft\" src=\"https:\/\/i0.wp.com\/www.caravanas.net\/noticias\/wp-content\/uploads\/2022\/04\/Viajar-por-libre-50-rutas-en-furgo-por-Espana.jpg?resize=182%2C242&#038;ssl=1\" alt=\"\" width=\"182\" height=\"242\" srcset=\"https:\/\/i0.wp.com\/www.caravanas.net\/noticias\/wp-content\/uploads\/2022\/04\/Viajar-por-libre-50-rutas-en-furgo-por-Espana.jpg?w=376&amp;ssl=1 376w, https:\/\/i0.wp.com\/www.caravanas.net\/noticias\/wp-content\/uploads\/2022\/04\/Viajar-por-libre-50-rutas-en-furgo-por-Espana.jpg?resize=226%2C300&amp;ssl=1 226w\" sizes=\"(max-width: 182px) 100vw, 182px\" \/><\/span><\/h3>\n<p><span style=\"font-weight: 400;\">Conocer Espa\u00f1a en autocaravana o camper es toda una experiencia, aqu\u00ed encontrar\u00e1s 50 rutas que cubren toda Espa\u00f1a: desde la Costa de la Muerte hasta las playas gaditanas y desde el valle del Jerte hasta las palmeras y las playas valencianas.<\/span><\/p>\n<p><span style=\"font-weight: 400;\">De la mano del experto en rutas, historiador y periodista Pedro Madera, explica en 248 p\u00e1ginas de una manera amena las principales rutas por Espa\u00f1a con datos curiosos y consejos pr\u00e1cticos para viajar en furgoneta.<\/span><\/p>\n<p>&nbsp;<\/p>\n<h3><span style=\"font-weight: 400;\">101 Destinos de Espa\u00f1a Sorprendentes (Gu\u00edas Singulares)<img data-recalc-dims=\"1\" decoding=\"async\" class=\" wp-image-3136 alignleft\" src=\"https:\/\/i0.wp.com\/www.caravanas.net\/noticias\/wp-content\/uploads\/2022\/04\/101-destinos-sorprendentes-en-Espana.jpg?resize=176%2C212&#038;ssl=1\" alt=\"101 destinos sorprendentes en Espa\u00f1a\" width=\"176\" height=\"212\" \/><\/span><\/h3>\n<p>Espa\u00f1a cuenta con paisajes naturales variados, y muchas veces poco explorados, este libro te acerca a estos lugares con una fotograf\u00eda de gran calidad.<\/p>\n<p>El editor y fotoperiodista Pepo Paz Saz nos muestra los incre\u00edbles rincones naturales que hay en Espa\u00f1a, desde ca\u00f1ones, monta\u00f1as, playas, bosques, cascadas y mucho m\u00e1s.<\/p>\n<p>Ideal para comenzar a elegir destinos id\u00edlicos a los que llegar en autocaravana y sin salir de Espa\u00f1a.<\/p>\n<p>&nbsp;<\/p>\n<p>&nbsp;<\/p>\n<h2><span style=\"font-weight: 400;\">Libros pr\u00e1cticos y gu\u00edas para practicar el caravaning:<\/span><\/h2>\n<p>&nbsp;<\/p>\n<h3><span style=\"font-weight: 400;\">\u00c1reas de servicio para autocaravanas 2020-21 Espa\u00f1a y Europa<img data-recalc-dims=\"1\" decoding=\"async\" class=\"wp-image-3129 alignleft\" src=\"https:\/\/i0.wp.com\/www.caravanas.net\/noticias\/wp-content\/uploads\/2022\/04\/Areas-de-servicio-para-autocaravanas-2020-21-Espana-y-Europa.jpg?resize=159%2C229&#038;ssl=1\" alt=\"\u00c1reas de servicio para autocaravanas 2020-21 Espa\u00f1a y Europa\" width=\"159\" height=\"229\" srcset=\"https:\/\/i0.wp.com\/www.caravanas.net\/noticias\/wp-content\/uploads\/2022\/04\/Areas-de-servicio-para-autocaravanas-2020-21-Espana-y-Europa.jpg?w=1779&amp;ssl=1 1779w, https:\/\/i0.wp.com\/www.caravanas.net\/noticias\/wp-content\/uploads\/2022\/04\/Areas-de-servicio-para-autocaravanas-2020-21-Espana-y-Europa.jpg?resize=208%2C300&amp;ssl=1 208w, https:\/\/i0.wp.com\/www.caravanas.net\/noticias\/wp-content\/uploads\/2022\/04\/Areas-de-servicio-para-autocaravanas-2020-21-Espana-y-Europa.jpg?resize=712%2C1024&amp;ssl=1 712w, https:\/\/i0.wp.com\/www.caravanas.net\/noticias\/wp-content\/uploads\/2022\/04\/Areas-de-servicio-para-autocaravanas-2020-21-Espana-y-Europa.jpg?resize=768%2C1105&amp;ssl=1 768w, https:\/\/i0.wp.com\/www.caravanas.net\/noticias\/wp-content\/uploads\/2022\/04\/Areas-de-servicio-para-autocaravanas-2020-21-Espana-y-Europa.jpg?resize=1067%2C1536&amp;ssl=1 1067w, https:\/\/i0.wp.com\/www.caravanas.net\/noticias\/wp-content\/uploads\/2022\/04\/Areas-de-servicio-para-autocaravanas-2020-21-Espana-y-Europa.jpg?resize=1423%2C2048&amp;ssl=1 1423w, https:\/\/i0.wp.com\/www.caravanas.net\/noticias\/wp-content\/uploads\/2022\/04\/Areas-de-servicio-para-autocaravanas-2020-21-Espana-y-Europa.jpg?resize=1170%2C1684&amp;ssl=1 1170w, https:\/\/i0.wp.com\/www.caravanas.net\/noticias\/wp-content\/uploads\/2022\/04\/Areas-de-servicio-para-autocaravanas-2020-21-Espana-y-Europa.jpg?resize=585%2C842&amp;ssl=1 585w\" sizes=\"(max-width: 159px) 100vw, 159px\" \/><\/span><\/h3>\n<p><span style=\"font-weight: 400;\">Esta pr\u00e1ctica gu\u00eda re\u00fane las \u00e1reas de servicio para autocaravanas que se encuentran en Espa\u00f1a y Europa.<\/span><\/p>\n<p><span style=\"font-weight: 400;\">Ideal si no utilizas internet o te quedas sin wifi mientras est\u00e1s de ruta, ya que podemos llevarlo y hojear mientras viajamos.\u00a0<\/span><\/p>\n<p><span style=\"font-weight: 400;\">Ofrece informaci\u00f3n sobre \u00e1reas en Espa\u00f1a, Alemania, Austria, B\u00e9lgica, Croacia, Dinamarca, Eslovenia, Francia, Holanda, Irlanda, Italia, Luxemburgo, Noruega, Portugal, P. Andorra, Reino Unido, Suecia y Suiza.<\/span><\/p>\n<p><span style=\"font-weight: 400;\">Adem\u00e1s incluye mapas, coordenadas GPS, informaci\u00f3n sobre los servicios que ofrece cada \u00e1rea para autocaravanas.\u00a0<\/span><\/p>\n<p>&nbsp;<\/p>\n<h3><span style=\"font-weight: 400;\"><img data-recalc-dims=\"1\" decoding=\"async\" class=\"wp-image-3128 alignleft\" src=\"https:\/\/i0.wp.com\/www.caravanas.net\/noticias\/wp-content\/uploads\/2022\/04\/guia-de-la-vanlife.jpg?resize=164%2C249&#038;ssl=1\" alt=\"gu\u00eda de la vanlife\" width=\"164\" height=\"249\" srcset=\"https:\/\/i0.wp.com\/www.caravanas.net\/noticias\/wp-content\/uploads\/2022\/04\/guia-de-la-vanlife.jpg?w=574&amp;ssl=1 574w, https:\/\/i0.wp.com\/www.caravanas.net\/noticias\/wp-content\/uploads\/2022\/04\/guia-de-la-vanlife.jpg?resize=198%2C300&amp;ssl=1 198w\" sizes=\"(max-width: 164px) 100vw, 164px\" \/>Gu\u00eda de la #VanLife: C\u00f3mo viajar y vivir en una furgoneta camper (C\u00f3mo viajar y vivir en furgoneta camper)\u00a0<\/span><\/h3>\n<p><span style=\"font-weight: 400;\">Una completa gu\u00eda con todo lo necesario para iniciarte en el vanlife,\u00a0 Roc\u00edo y Edu comparten desde su propia experiencia al vivir y viajar en camper por m\u00e1s de 25 pa\u00edses.\u00a0<\/span><\/p>\n<p><span style=\"font-weight: 400;\">200 p\u00e1ginas en las que explican c\u00f3mo vivir en una furgoneta camper, c\u00f3mo organizar un viaje y recomiendan rutas y destinos para conocer.<\/span><\/p>\n<p><span style=\"font-weight: 400;\">Adem\u00e1s encontrar\u00e1s material extra como plantillas descargables para organizar tus viajes, ahorrar y calcular presupuestos.<\/span><\/p>\n<h3><\/h3>\n<p>&nbsp;<\/p>\n<h3><span style=\"font-weight: 400;\"><img data-recalc-dims=\"1\" decoding=\"async\" class=\" wp-image-3126 alignleft\" src=\"https:\/\/i0.wp.com\/www.caravanas.net\/noticias\/wp-content\/uploads\/2022\/04\/Como-vivir-y-viajar-en-furgoneta.jpg?resize=135%2C200&#038;ssl=1\" alt=\"C\u00f3mo vivir y viajar en furgoneta\" width=\"135\" height=\"200\" srcset=\"https:\/\/i0.wp.com\/www.caravanas.net\/noticias\/wp-content\/uploads\/2022\/04\/Como-vivir-y-viajar-en-furgoneta.jpg?w=554&amp;ssl=1 554w, https:\/\/i0.wp.com\/www.caravanas.net\/noticias\/wp-content\/uploads\/2022\/04\/Como-vivir-y-viajar-en-furgoneta.jpg?resize=203%2C300&amp;ssl=1 203w\" sizes=\"(max-width: 135px) 100vw, 135px\" \/>C\u00f3mo vivir y viajar en furgoneta: Vive d\u00f3nde quieras, ahora es m\u00e1s f\u00e1cil que nunca<\/span><\/h3>\n<p><span style=\"font-weight: 400;\">Si tienes dudas de si vivir o viajar en furgoneta es lo que debes hacer, I\u00f1igo Mendia resuelve y contesta todas las preguntas frecuentes que te puedan surgir antes de iniciarte en el vanlife.\u00a0<\/span><\/p>\n<p><span style=\"font-weight: 400;\">Una gu\u00eda para evitar los t\u00edpicos errores de principiante, como tener un amigo que te dar\u00e1 los mejores consejos antes de comenzar.<\/span><\/p>\n<p>&nbsp;<\/p>\n<p><span style=\"font-weight: 400;\"><style type=\"text\/css\">.text-truncate { overflow: hidden; text-overflow: ellipsis; white-space: nowrap; }.flex-row { display: flex; flex-wrap: wrap; margin-right: -15px; margin-left: -15px; }.flex-col { flex-basis: 0; flex-grow: 1; max-width: 100%; position: relative; width: 100%; padding-right: 15px; padding-left: 15px; }.ads-list { display: flex !important; flex-wrap: wrap; margin-right: -15px; margin-left: -15px; }@media (min-width: 768px) { .ad-pill-box { flex: 0 0 33.3333333333%; max-width: 33.3333333333%; } }.ad-pill-box { position: relative; width: 100%; padding-right: 15px; padding-left: 15px; margin-bottom: 1rem; }.ad-pill { height: 100%!important; padding: 1.25rem !important; border-radius: .5rem!important; border: 1px solid #48ca7c !important; }.ad-pill .rounded { border-radius: .5rem !important; }.ad-pill .shadow-sm { box-shadow: 0 .125rem .25rem rgba(25,33,40,.075) !important; }.ad-pill .ad-image { background: 50% no-repeat; background-size: contain; min-height: 129px; display: block; position: relative;  color: #343a40 !important; margin-bottom: 1rem !important; border-radius: .5rem !important; }.ad-pill .ad-image-price { bottom: 0.5rem; left: 0.5rem; display: inline-block; position: absolute; background: #fff; padding: 0 0.5em; }.ad-pill .ad-title { font-size: 1.25rem; margin-bottom: 0.5rem; }.ad-pill .text-muted { color: #a3a3a3 !important; line-height: 1.3; margin-bottom: 1rem; }.ad-pill .bg-light { background: #f0f1f2; border-radius: .5rem; padding: 5px; text-align: center; margin-bottom: 1rem; }.ad-pill .btn-primary { display: block; background: #48ca7c; border-radius: .5rem; padding: 5px; text-align: center; color: #fff !important; text-decoration: none !important; }.ad-pill .btn-primary:hover { background: #2c9958; }<\/style><div class=\"ads-list\" style=\"display: flex !important\"><div class=\"ad-pill-box\"><div class=\"ad-pill\"><a href=\"https:\/\/www.caravanas.net\/ad\/15194\/carado-cve-600\" class=\"ad-image rounded mb-4\" style=\"background-image: url('https:\/\/caravanas.fra1.cdn.digitaloceanspaces.com\/public\/129774\/conversions\/8c8023fd-7da6-4fe3-b519-56e5570b-web.jpg');\"><div class=\"ad-image-price d-inline-block bg-white rounded py-1 px-3 position-absolute shadow-sm\"><div class=\"price-amount big\">49.990 \u20ac<\/div><\/div><\/a><div class=\"ad-title text-truncate\">Carado CVE 600<\/div><div class=\"mb-4 text-muted\">Fantastica Camper CARADO montada sobre base FIat Ducato 2.3 de 140cv, con...<\/div><div class=\"details mb-3\"><div class=\"flex-row\"><div class=\"flex-col\"><div class=\"text-center bg-light rounded py-2\">4 viajar<\/div><\/div><div class=\"flex-col\"><div class=\"text-center bg-light rounded py-2\">4 dormir<\/div><\/div><\/div><\/div><div class=\"flex-row\"><div class=\"flex-col\"><a href=\"https:\/\/www.caravanas.net\/ad\/15194\/carado-cve-600\" target=\"_blank\" class=\"btn btn-block btn-primary\">Contactar<\/a><\/div><div class=\"flex-col\"><a href=\"https:\/\/www.caravanas.net\/ad\/15194\/carado-cve-600\" target=\"_blank\" class=\"btn-primary\">+ info<\/a><\/div><\/div><\/div><\/div><div class=\"ad-pill-box\"><div class=\"ad-pill\"><a href=\"https:\/\/www.caravanas.net\/ad\/15178\/challenger-v114-anniversary-edition\" class=\"ad-image rounded mb-4\" style=\"background-image: url('https:\/\/caravanas.fra1.cdn.digitaloceanspaces.com\/public\/129607\/conversions\/IMG_2662-web.jpg');\"><div class=\"ad-image-price d-inline-block bg-white rounded py-1 px-3 position-absolute shadow-sm\"><div class=\"price-amount big\">45.900 \u20ac<\/div><\/div><\/a><div class=\"ad-title text-truncate\">Challenger V114 ANNIVERSARY EDITION<\/div><div class=\"mb-4 text-muted\">Las series especiales Anniversary retoman los patrones probados de Challenger V114:cabina abierta,...<\/div><div class=\"details mb-3\"><div class=\"flex-row\"><div class=\"flex-col\"><div class=\"text-center bg-light rounded py-2\">4 viajar<\/div><\/div><div class=\"flex-col\"><div class=\"text-center bg-light rounded py-2\">2 dormir<\/div><\/div><\/div><\/div><div class=\"flex-row\"><div class=\"flex-col\"><a href=\"https:\/\/www.caravanas.net\/ad\/15178\/challenger-v114-anniversary-edition\" target=\"_blank\" class=\"btn btn-block btn-primary\">Contactar<\/a><\/div><div class=\"flex-col\"><a href=\"https:\/\/www.caravanas.net\/ad\/15178\/challenger-v114-anniversary-edition\" target=\"_blank\" class=\"btn-primary\">+ info<\/a><\/div><\/div><\/div><\/div><div class=\"ad-pill-box\"><div class=\"ad-pill\"><a href=\"https:\/\/www.caravanas.net\/ad\/15172\/mercedes-benz-vito\" class=\"ad-image rounded mb-4\" style=\"background-image: url('https:\/\/caravanas.fra1.cdn.digitaloceanspaces.com\/public\/129537\/conversions\/1000154163-web.jpg');\"><div class=\"ad-image-price d-inline-block bg-white rounded py-1 px-3 position-absolute shadow-sm\"><div class=\"price-amount big\">5.000 \u20ac<\/div><\/div><\/a><div class=\"ad-title text-truncate\">Mercedes-Benz Vito<\/div><div class=\"mb-4 text-muted\">Vendo Mercedes Benz Vito 108D (1999) camperizada. Urge vender, precio negociable.Tiene 269.000...<\/div><div class=\"details mb-3\"><div class=\"flex-row\"><div class=\"flex-col\"><div class=\"text-center bg-light rounded py-2\">3 viajar<\/div><\/div><div class=\"flex-col\"><div class=\"text-center bg-light rounded py-2\">3 dormir<\/div><\/div><\/div><\/div><div class=\"flex-row\"><div class=\"flex-col\"><a href=\"https:\/\/www.caravanas.net\/ad\/15172\/mercedes-benz-vito\" target=\"_blank\" class=\"btn btn-block btn-primary\">Contactar<\/a><\/div><div class=\"flex-col\"><a href=\"https:\/\/www.caravanas.net\/ad\/15172\/mercedes-benz-vito\" target=\"_blank\" class=\"btn-primary\">+ info<\/a><\/div><\/div><\/div><\/div><\/div>\u00a0<\/span><\/p>\n<p><span style=\"font-weight: 400;\">Si eres un curioso de la historia aqu\u00ed te compartimos un Ebook sobre la<\/span><a href=\"https:\/\/issuu.com\/peldano\/docs\/ebook-historia-del-caravaning-en-es\"><span style=\"font-weight: 400;\"> Historia del Caravaning en Espa\u00f1a<\/span><\/a><span style=\"font-weight: 400;\">, as\u00ed ir\u00e1s descubriendo c\u00f3mo ha evolucionado este sector.\u00a0<\/span><\/p>\n","protected":false},"excerpt":{"rendered":"<p>No importa si ya te has comprado tu primera caravana o autocaravana, o quiz\u00e1s est\u00e9 rondando la idea en tu cabeza. Lo cierto es&hellip;<\/p>\n","protected":false},"author":3,"featured_media":3138,"comment_status":"open","ping_status":"open","sticky":false,"template":"","format":"standard","meta":{"_jetpack_memberships_contains_paid_content":false,"footnotes":""},"categories":[16,59],"tags":[],"class_list":["post-3122","post","type-post","status-publish","format-standard","has-post-thumbnail","hentry","category-actualidad","category-consejos-utiles"],"aioseo_notices":[],"jetpack_featured_media_url":"https:\/\/i0.wp.com\/www.caravanas.net\/noticias\/wp-content\/uploads\/2022\/04\/Libros-para-amantes-del-vanlife-y-el-caravaning.jpg?fit=2560%2C1365&ssl=1","jetpack_sharing_enabled":true,"_links":{"self":[{"href":"https:\/\/www.caravanas.net\/noticias\/wp-json\/wp\/v2\/posts\/3122","targetHints":{"allow":["GET"]}}],"collection":[{"href":"https:\/\/www.caravanas.net\/noticias\/wp-json\/wp\/v2\/posts"}],"about":[{"href":"https:\/\/www.caravanas.net\/noticias\/wp-json\/wp\/v2\/types\/post"}],"author":[{"embeddable":true,"href":"https:\/\/www.caravanas.net\/noticias\/wp-json\/wp\/v2\/users\/3"}],"replies":[{"embeddable":true,"href":"https:\/\/www.caravanas.net\/noticias\/wp-json\/wp\/v2\/comments?post=3122"}],"version-history":[{"count":0,"href":"https:\/\/www.caravanas.net\/noticias\/wp-json\/wp\/v2\/posts\/3122\/revisions"}],"wp:featuredmedia":[{"embeddable":true,"href":"https:\/\/www.caravanas.net\/noticias\/wp-json\/wp\/v2\/media\/3138"}],"wp:attachment":[{"href":"https:\/\/www.caravanas.net\/noticias\/wp-json\/wp\/v2\/media?parent=3122"}],"wp:term":[{"taxonomy":"category","embeddable":true,"href":"https:\/\/www.caravanas.net\/noticias\/wp-json\/wp\/v2\/categories?post=3122"},{"taxonomy":"post_tag","embeddable":true,"href":"https:\/\/www.caravanas.net\/noticias\/wp-json\/wp\/v2\/tags?post=3122"}],"curies":[{"name":"wp","href":"https:\/\/api.w.org\/{rel}","templated":true}]}}