{"id":2862,"date":"2022-03-03T09:45:47","date_gmt":"2022-03-03T07:45:47","guid":{"rendered":"https:\/\/www.caravanas.net\/noticias\/?p=2862"},"modified":"2022-11-30T20:33:10","modified_gmt":"2022-11-30T18:33:10","slug":"7-furgonetas-camper-con-bano-completo","status":"publish","type":"post","link":"https:\/\/www.caravanas.net\/noticias\/7-furgonetas-camper-con-bano-completo\/","title":{"rendered":"7 Furgonetas camper con ba\u00f1o completo"},"content":{"rendered":"<p><span style=\"font-weight: 400;\">Las camper actualmente son uno de los veh\u00edculos que m\u00e1s adeptos ha conseguido en estos 2 \u00faltimos a\u00f1os y <\/span><a href=\"https:\/\/www.caravanas.net\/noticias\/que-diferencia-hay-entre-autocaravana-y-camper\/\"><span style=\"font-weight: 400;\">las razones son obvias<\/span><\/a><span style=\"font-weight: 400;\">:<\/span><\/p>\n<ul>\n<li style=\"font-weight: 400;\" aria-level=\"1\"><span style=\"font-weight: 400;\">Menor volumen igual mayor maniobrabilidad.<\/span><\/li>\n<li style=\"font-weight: 400;\" aria-level=\"1\"><span style=\"font-weight: 400;\">Gracias a su MMA que no supera los 3500 kg, se pueden conducir con carnet tipo B.<\/span><\/li>\n<li style=\"font-weight: 400;\" aria-level=\"1\"><span style=\"font-weight: 400;\">Son veh\u00edculos que permiten usarlos tambi\u00e9n para el d\u00eda a d\u00eda, lo que evita mantener 2 veh\u00edculos con el consecuente gasto econ\u00f3mico.<\/span><\/li>\n<li style=\"font-weight: 400;\" aria-level=\"1\"><span style=\"font-weight: 400;\">Adem\u00e1s consumen menos gasolina que las autocaravanas m\u00e1s grandes.<\/span><\/li>\n<\/ul>\n<p><b>El \u00fanico pero, es que son modelos peque\u00f1os<\/b><span style=\"font-weight: 400;\">, por lo que el equipamiento interior se ve reducido, y muchas de estas furgonetas camper deben prescindir del aseo, algunos incorporan el WC pero no la ducha, y eso es un punto que resta confort.<\/span><\/p>\n<p><span style=\"font-weight: 400;\">Por eso hoy te traemos<\/span><b> 7 modelos de furgonetas camper<\/b><span style=\"font-weight: 400;\"> que pese a que son compactas, <\/span><b>incluyen un ba\u00f1o con ducha, y algunos casos con ducha separada.<\/b><\/p>\n<p>Los precios aqu\u00ed anunciados est\u00e1n sujetos a cambios, te recomendamos realizar la comparaci\u00f3n de precios en la web de la marca del veh\u00edculo.<!--more--><\/p>\n<p><span style=\"font-weight: 400;\"> Estas camper son <\/span><b>perfectas para 2 personas<\/b><span style=\"font-weight: 400;\">, sin embargo muchos modelos disponen de plazas para hasta 4 personas.\u00a0<\/span><\/p>\n<p><span style=\"font-weight: 400;\">Aunque si quieres saber m\u00e1s sobre las camper, te recomendamos ir a la<\/span><a href=\"https:\/\/www.caravanas.net\/noticias\/category\/furgonetas-camper\/\"><span style=\"font-weight: 400;\"> categor\u00eda furgonetas camper <\/span><\/a><span style=\"font-weight: 400;\">en la secci\u00f3n de este blog, all\u00ed podr\u00e1s encontrar informaci\u00f3n \u00fatil relacionada con el tema.<\/span><\/p>\n<p><span style=\"font-weight: 400;\">Marcas como B\u00fcrstner, Hobby, Dreamer, Knaus, GiottiLine y Hymer est\u00e1n apostando por modelos camper con ba\u00f1o, a continuaci\u00f3n puedes encontrar los detalles de cada modelo.<\/span><\/p>\n<p>&nbsp;<\/p>\n<h2><span style=\"font-weight: 400;\">1. Camper van HYMER Free<\/span><\/h2>\n<p><img data-recalc-dims=\"1\" decoding=\"async\" class=\"alignnone size-full wp-image-2867\" src=\"https:\/\/i0.wp.com\/www.caravanas.net\/noticias\/wp-content\/uploads\/2022\/03\/Camper-van-Hymer-Free-camper-con-bano.jpg?resize=1170%2C447&#038;ssl=1\" alt=\"Camper van Hymer Free, camper con ba\u00f1o\" width=\"1170\" height=\"447\" srcset=\"https:\/\/i0.wp.com\/www.caravanas.net\/noticias\/wp-content\/uploads\/2022\/03\/Camper-van-Hymer-Free-camper-con-bano.jpg?w=1661&amp;ssl=1 1661w, https:\/\/i0.wp.com\/www.caravanas.net\/noticias\/wp-content\/uploads\/2022\/03\/Camper-van-Hymer-Free-camper-con-bano.jpg?resize=300%2C115&amp;ssl=1 300w, https:\/\/i0.wp.com\/www.caravanas.net\/noticias\/wp-content\/uploads\/2022\/03\/Camper-van-Hymer-Free-camper-con-bano.jpg?resize=1024%2C391&amp;ssl=1 1024w, https:\/\/i0.wp.com\/www.caravanas.net\/noticias\/wp-content\/uploads\/2022\/03\/Camper-van-Hymer-Free-camper-con-bano.jpg?resize=768%2C293&amp;ssl=1 768w, https:\/\/i0.wp.com\/www.caravanas.net\/noticias\/wp-content\/uploads\/2022\/03\/Camper-van-Hymer-Free-camper-con-bano.jpg?resize=1536%2C586&amp;ssl=1 1536w, https:\/\/i0.wp.com\/www.caravanas.net\/noticias\/wp-content\/uploads\/2022\/03\/Camper-van-Hymer-Free-camper-con-bano.jpg?resize=1170%2C447&amp;ssl=1 1170w, https:\/\/i0.wp.com\/www.caravanas.net\/noticias\/wp-content\/uploads\/2022\/03\/Camper-van-Hymer-Free-camper-con-bano.jpg?resize=585%2C223&amp;ssl=1 585w\" sizes=\"(max-width: 1170px) 100vw, 1170px\" \/><\/p>\n<p><span style=\"font-weight: 400;\">Este modelo de camper van est\u00e1 pensado para satisfacer la necesidad de hacer viajes espont\u00e1neos pero sin perder el confort.\u00a0\u00a0<\/span><\/p>\n<p><span style=\"font-weight: 400;\">Para esto cuenta con motor Fiat de 120 CV, una longitud compacta de menos de 6 m en cualquiera de sus distribuciones y por supuesto una zona de aseo que incluye WC con indicador de nivel, plato de ducha con drenaje de agua y cabezal de ducha con ventosa.<\/span><\/p>\n<p><span style=\"font-weight: 400;\">\u00bfCu\u00e1nto cuesta la Hymer free? te adelantamos que su precio no supera los 60000\u20ac.<\/span><\/p>\n<h2><\/h2>\n<h2><span style=\"font-weight: 400;\">2. La camper VANTANA de Hobby<\/span><\/h2>\n<p><img data-recalc-dims=\"1\" decoding=\"async\" class=\"alignnone size-full wp-image-2864\" src=\"https:\/\/i0.wp.com\/www.caravanas.net\/noticias\/wp-content\/uploads\/2022\/03\/camper-VANTANA-de-Hobby-con-bano.jpg?resize=779%2C372&#038;ssl=1\" alt=\"camper VANTANA de Hobby con ba\u00f1o\" width=\"779\" height=\"372\" srcset=\"https:\/\/i0.wp.com\/www.caravanas.net\/noticias\/wp-content\/uploads\/2022\/03\/camper-VANTANA-de-Hobby-con-bano.jpg?w=779&amp;ssl=1 779w, https:\/\/i0.wp.com\/www.caravanas.net\/noticias\/wp-content\/uploads\/2022\/03\/camper-VANTANA-de-Hobby-con-bano.jpg?resize=300%2C143&amp;ssl=1 300w, https:\/\/i0.wp.com\/www.caravanas.net\/noticias\/wp-content\/uploads\/2022\/03\/camper-VANTANA-de-Hobby-con-bano.jpg?resize=768%2C367&amp;ssl=1 768w, https:\/\/i0.wp.com\/www.caravanas.net\/noticias\/wp-content\/uploads\/2022\/03\/camper-VANTANA-de-Hobby-con-bano.jpg?resize=585%2C279&amp;ssl=1 585w\" sizes=\"(max-width: 779px) 100vw, 779px\" \/><\/p>\n<p><span style=\"font-weight: 400;\">Su dise\u00f1o interior establece nuevos est\u00e1ndares de confort con muchas soluciones sorprendentes para utilizar el espacio con inteligencia.<\/span><\/p>\n<p><span style=\"font-weight: 400;\">Como el cuarto de aseo compacto que aprovecha al m\u00e1ximo el espacio existente. El WC se puede girar para que quede m\u00e1s espacio para la ducha, tambi\u00e9n dispone de un sistema de descarga silencioso y potente y una indicaci\u00f3n inteligente avisa cuando hay que vaciar el dep\u00f3sito.<\/span><\/p>\n<p><span style=\"font-weight: 400;\">Para proporcionar luz natural y una ventilaci\u00f3n \u00f3ptima, el cuarto de aseo incluye una ventana abatible con cristal transl\u00facido.<\/span><\/p>\n<p><span style=\"font-weight: 400;\">El lavamanos incorpora una ducha de mano extra\u00edble, y para ducharse una cortina que se puede guardar tras la cubierta cuando no va a ser utilizada.<\/span><\/p>\n<p><span style=\"font-weight: 400;\">Tambi\u00e9n con base Fiat de 130 CV, la distribuci\u00f3n K60 FT mide menos de 6 m de longitud, y su precio es de menos de 50.000\u20ac.<\/span><\/p>\n<p>&nbsp;<\/p>\n<p><span style=\"font-family: Raleway, sans-serif; font-size: 22px; letter-spacing: 0px;\">3. Camper Campeo B\u00fcrstner<\/span><\/p>\n<p><img data-recalc-dims=\"1\" decoding=\"async\" class=\"alignnone size-full wp-image-2869\" src=\"https:\/\/i0.wp.com\/www.caravanas.net\/noticias\/wp-content\/uploads\/2022\/03\/camper-burstner-Campeo-C-540-con-bano.jpg?resize=1170%2C469&#038;ssl=1\" alt=\"camper burstner Campeo C 540 con ba\u00f1o\" width=\"1170\" height=\"469\" srcset=\"https:\/\/i0.wp.com\/www.caravanas.net\/noticias\/wp-content\/uploads\/2022\/03\/camper-burstner-Campeo-C-540-con-bano.jpg?w=1514&amp;ssl=1 1514w, https:\/\/i0.wp.com\/www.caravanas.net\/noticias\/wp-content\/uploads\/2022\/03\/camper-burstner-Campeo-C-540-con-bano.jpg?resize=300%2C120&amp;ssl=1 300w, https:\/\/i0.wp.com\/www.caravanas.net\/noticias\/wp-content\/uploads\/2022\/03\/camper-burstner-Campeo-C-540-con-bano.jpg?resize=1024%2C411&amp;ssl=1 1024w, https:\/\/i0.wp.com\/www.caravanas.net\/noticias\/wp-content\/uploads\/2022\/03\/camper-burstner-Campeo-C-540-con-bano.jpg?resize=768%2C308&amp;ssl=1 768w, https:\/\/i0.wp.com\/www.caravanas.net\/noticias\/wp-content\/uploads\/2022\/03\/camper-burstner-Campeo-C-540-con-bano.jpg?resize=1170%2C469&amp;ssl=1 1170w, https:\/\/i0.wp.com\/www.caravanas.net\/noticias\/wp-content\/uploads\/2022\/03\/camper-burstner-Campeo-C-540-con-bano.jpg?resize=585%2C235&amp;ssl=1 585w\" sizes=\"(max-width: 1170px) 100vw, 1170px\" \/><\/p>\n<p><a href=\"https:\/\/www.caravanas.net\/noticias\/burstner-apuesta-por-las-camper-van-para-2022\/\">B\u00fcrstner sin lugar a duda apuesta por las camper<\/a> ofreciendo diversos modelos para cada estilo de persona. El modelo Campeo es uno de los m\u00e1s econ\u00f3micos, y est\u00e1 dise\u00f1ado para realizar viajes espont\u00e1neos, incluye un pr\u00e1ctico ba\u00f1o con WC y ducha .<\/p>\n<p>Base Fiat Ducato de 120 CV y con su precio desde 48.000\u20ac.<\/p>\n<p>&nbsp;<\/p>\n<h2><span style=\"font-weight: 400;\">4. Camper van Dethleffs Globetrail<\/span><\/h2>\n<p><img data-recalc-dims=\"1\" decoding=\"async\" class=\"alignnone size-full wp-image-2871\" src=\"https:\/\/i0.wp.com\/www.caravanas.net\/noticias\/wp-content\/uploads\/2022\/03\/Camper-van-Dethleffs-Globetrail.jpg?resize=1170%2C624&#038;ssl=1\" alt=\"Camper van Dethleffs Globetrail\" width=\"1170\" height=\"624\" srcset=\"https:\/\/i0.wp.com\/www.caravanas.net\/noticias\/wp-content\/uploads\/2022\/03\/Camper-van-Dethleffs-Globetrail.jpg?w=2560&amp;ssl=1 2560w, https:\/\/i0.wp.com\/www.caravanas.net\/noticias\/wp-content\/uploads\/2022\/03\/Camper-van-Dethleffs-Globetrail.jpg?resize=300%2C160&amp;ssl=1 300w, https:\/\/i0.wp.com\/www.caravanas.net\/noticias\/wp-content\/uploads\/2022\/03\/Camper-van-Dethleffs-Globetrail.jpg?resize=1024%2C546&amp;ssl=1 1024w, https:\/\/i0.wp.com\/www.caravanas.net\/noticias\/wp-content\/uploads\/2022\/03\/Camper-van-Dethleffs-Globetrail.jpg?resize=768%2C410&amp;ssl=1 768w, https:\/\/i0.wp.com\/www.caravanas.net\/noticias\/wp-content\/uploads\/2022\/03\/Camper-van-Dethleffs-Globetrail.jpg?resize=1536%2C819&amp;ssl=1 1536w, https:\/\/i0.wp.com\/www.caravanas.net\/noticias\/wp-content\/uploads\/2022\/03\/Camper-van-Dethleffs-Globetrail.jpg?resize=2048%2C1092&amp;ssl=1 2048w, https:\/\/i0.wp.com\/www.caravanas.net\/noticias\/wp-content\/uploads\/2022\/03\/Camper-van-Dethleffs-Globetrail.jpg?resize=1920%2C1024&amp;ssl=1 1920w, https:\/\/i0.wp.com\/www.caravanas.net\/noticias\/wp-content\/uploads\/2022\/03\/Camper-van-Dethleffs-Globetrail.jpg?resize=1170%2C624&amp;ssl=1 1170w, https:\/\/i0.wp.com\/www.caravanas.net\/noticias\/wp-content\/uploads\/2022\/03\/Camper-van-Dethleffs-Globetrail.jpg?resize=585%2C312&amp;ssl=1 585w, https:\/\/i0.wp.com\/www.caravanas.net\/noticias\/wp-content\/uploads\/2022\/03\/Camper-van-Dethleffs-Globetrail.jpg?w=2340&amp;ssl=1 2340w\" sizes=\"(max-width: 1170px) 100vw, 1170px\" \/><\/p>\n<p><span style=\"font-weight: 400;\">Esta es la primera camper de su propia marca, ya que Dethleffs lleva 17 a\u00f1os fabricando camper para otra filial. La Globetrail destaca por sus pr\u00e1cticos detalles, un moderno interior y un amplio equipamiento con motivo del 90 aniversario de la marca.<\/span><\/p>\n<p><span style=\"font-weight: 400;\">El ba\u00f1o impresiona con su puerta enrollable extra-ancha, que crea una incre\u00edble sensaci\u00f3n de amplitud. Incluye WC y ducha con cortina. Adem\u00e1s hay que destacar la gran cantidad de almacenaje que tiene.<\/span><\/p>\n<p><span style=\"font-weight: 400;\">Y como no, con base Fiat Ducato 8 y desde 6 m de longitud, su precio es a partir de los 55.000\u20ac.<\/span><\/p>\n<h2><\/h2>\n<h2><span style=\"font-weight: 400;\">5. Camper D55 Limited Dreamer<\/span><\/h2>\n<p><img data-recalc-dims=\"1\" decoding=\"async\" class=\"alignnone size-full wp-image-2870\" src=\"https:\/\/i0.wp.com\/www.caravanas.net\/noticias\/wp-content\/uploads\/2022\/03\/Camper-D55-Dreamer-bano-con-ducha-separada.jpg?resize=1170%2C809&#038;ssl=1\" alt=\"Camper D55 Dreamer ba\u00f1o con ducha separada\" width=\"1170\" height=\"809\" srcset=\"https:\/\/i0.wp.com\/www.caravanas.net\/noticias\/wp-content\/uploads\/2022\/03\/Camper-D55-Dreamer-bano-con-ducha-separada.jpg?w=1400&amp;ssl=1 1400w, https:\/\/i0.wp.com\/www.caravanas.net\/noticias\/wp-content\/uploads\/2022\/03\/Camper-D55-Dreamer-bano-con-ducha-separada.jpg?resize=300%2C207&amp;ssl=1 300w, https:\/\/i0.wp.com\/www.caravanas.net\/noticias\/wp-content\/uploads\/2022\/03\/Camper-D55-Dreamer-bano-con-ducha-separada.jpg?resize=1024%2C708&amp;ssl=1 1024w, https:\/\/i0.wp.com\/www.caravanas.net\/noticias\/wp-content\/uploads\/2022\/03\/Camper-D55-Dreamer-bano-con-ducha-separada.jpg?resize=768%2C531&amp;ssl=1 768w, https:\/\/i0.wp.com\/www.caravanas.net\/noticias\/wp-content\/uploads\/2022\/03\/Camper-D55-Dreamer-bano-con-ducha-separada.jpg?resize=1170%2C809&amp;ssl=1 1170w, https:\/\/i0.wp.com\/www.caravanas.net\/noticias\/wp-content\/uploads\/2022\/03\/Camper-D55-Dreamer-bano-con-ducha-separada.jpg?resize=585%2C404&amp;ssl=1 585w\" sizes=\"(max-width: 1170px) 100vw, 1170px\" \/><\/p>\n<p>Este modelo destaca porque es de las pocas camper en tener un <strong>ba\u00f1o con ducha separada,<\/strong> incorpora un WC de 18 L con taza extra\u00edble, asa telesc\u00f3pica y ruedas. Tambi\u00e9n est\u00e1 equipado con un MODUL&#8217;SPACE\u00ae: armario giratorio y paredes de la ducha con revestimiento protector.<\/p>\n<p>Con base Fiat Ducato y 6 m de longitud, su precio desde 60.000\u20ac.<\/p>\n<h2><\/h2>\n<h2><span style=\"font-weight: 400;\">6. Camper Knaus Boxlife 600<\/span><\/h2>\n<p><img data-recalc-dims=\"1\" decoding=\"async\" class=\"alignnone size-full wp-image-2872\" src=\"https:\/\/i0.wp.com\/www.caravanas.net\/noticias\/wp-content\/uploads\/2022\/03\/camperknaus-boxlife600-con-bano.jpg?resize=580%2C345&#038;ssl=1\" alt=\"camperknaus-boxlife600-con ba\u00f1o\" width=\"580\" height=\"345\" srcset=\"https:\/\/i0.wp.com\/www.caravanas.net\/noticias\/wp-content\/uploads\/2022\/03\/camperknaus-boxlife600-con-bano.jpg?w=580&amp;ssl=1 580w, https:\/\/i0.wp.com\/www.caravanas.net\/noticias\/wp-content\/uploads\/2022\/03\/camperknaus-boxlife600-con-bano.jpg?resize=300%2C178&amp;ssl=1 300w\" sizes=\"(max-width: 580px) 100vw, 580px\" \/><\/p>\n<p>Knaus ofrece diferentes modelos de camper con ba\u00f1o,\u00a0 y destacan por sus innovaciones, como el ba\u00f1o opcional de volumen variable, que permite transformar el lavamanos peque\u00f1o en uno tipo encimera.<\/p>\n<p>Este modelo as\u00ed como otros, incluye un lavabo de doble funci\u00f3n, Con un s\u00f3lo movimiento , el lavamanos compacto del ba\u00f1o de volumen variable se transforma en un lavabo encimera extra grande.\u00a0 Incluye pr\u00e1cticos toalleros para colgar las toallas h\u00famedas.<\/p>\n<p>Adem\u00e1s incluye un armario para almacenar los productos del ba\u00f1o y dentro tiene una barandilla met\u00e1lica que evita que los productos se caigan. El precio de esta camper va desde 53.000\u20ac.<\/p>\n<p>Otros modelos como el Boxlife 540 incluyen espejo corredero e inodoro giratorio.<\/p>\n<h2><\/h2>\n<h2><span style=\"font-weight: 400;\">7. Camper 60T GiottiVan de GiottiLine<\/span><\/h2>\n<p><img data-recalc-dims=\"1\" decoding=\"async\" class=\"alignnone size-full wp-image-2873\" src=\"https:\/\/i0.wp.com\/www.caravanas.net\/noticias\/wp-content\/uploads\/2022\/03\/Camper-Giottivan-60T.jpg?resize=840%2C458&#038;ssl=1\" alt=\"Camper Giottivan 60T ba\u00f1o con ducha separada\" width=\"840\" height=\"458\" srcset=\"https:\/\/i0.wp.com\/www.caravanas.net\/noticias\/wp-content\/uploads\/2022\/03\/Camper-Giottivan-60T.jpg?w=840&amp;ssl=1 840w, https:\/\/i0.wp.com\/www.caravanas.net\/noticias\/wp-content\/uploads\/2022\/03\/Camper-Giottivan-60T.jpg?resize=300%2C164&amp;ssl=1 300w, https:\/\/i0.wp.com\/www.caravanas.net\/noticias\/wp-content\/uploads\/2022\/03\/Camper-Giottivan-60T.jpg?resize=768%2C419&amp;ssl=1 768w, https:\/\/i0.wp.com\/www.caravanas.net\/noticias\/wp-content\/uploads\/2022\/03\/Camper-Giottivan-60T.jpg?resize=585%2C319&amp;ssl=1 585w\" sizes=\"(max-width: 840px) 100vw, 840px\" \/>Otro modelo camper que destaca por tener <strong>ba\u00f1o completo con ducha separada <\/strong>en una camper de poco m\u00e1s de 12 m2. \u00a0Y con bastidor Citro\u00ebn Jumper de 165 CV.<\/p>\n<p>Algo m\u00e1s incre\u00edble a\u00fan es su precio, desde 46.000\u20ac.<\/p>\n<style type=\"text\/css\">.text-truncate { overflow: hidden; text-overflow: ellipsis; white-space: nowrap; }.flex-row { display: flex; flex-wrap: wrap; margin-right: -15px; margin-left: -15px; }.flex-col { flex-basis: 0; flex-grow: 1; max-width: 100%; position: relative; width: 100%; padding-right: 15px; padding-left: 15px; }.ads-list { display: flex !important; flex-wrap: wrap; margin-right: -15px; margin-left: -15px; }@media (min-width: 768px) { .ad-pill-box { flex: 0 0 33.3333333333%; max-width: 33.3333333333%; } }.ad-pill-box { position: relative; width: 100%; padding-right: 15px; padding-left: 15px; margin-bottom: 1rem; }.ad-pill { height: 100%!important; padding: 1.25rem !important; border-radius: .5rem!important; border: 1px solid #48ca7c !important; }.ad-pill .rounded { border-radius: .5rem !important; }.ad-pill .shadow-sm { box-shadow: 0 .125rem .25rem rgba(25,33,40,.075) !important; }.ad-pill .ad-image { background: 50% no-repeat; background-size: contain; min-height: 129px; display: block; position: relative;  color: #343a40 !important; margin-bottom: 1rem !important; border-radius: .5rem !important; }.ad-pill .ad-image-price { bottom: 0.5rem; left: 0.5rem; display: inline-block; position: absolute; background: #fff; padding: 0 0.5em; }.ad-pill .ad-title { font-size: 1.25rem; margin-bottom: 0.5rem; }.ad-pill .text-muted { color: #a3a3a3 !important; line-height: 1.3; margin-bottom: 1rem; }.ad-pill .bg-light { background: #f0f1f2; border-radius: .5rem; padding: 5px; text-align: center; margin-bottom: 1rem; }.ad-pill .btn-primary { display: block; background: #48ca7c; border-radius: .5rem; padding: 5px; text-align: center; color: #fff !important; text-decoration: none !important; }.ad-pill .btn-primary:hover { background: #2c9958; }<\/style><div class=\"ads-list\" style=\"display: flex !important\"><div class=\"ad-pill-box\"><div class=\"ad-pill\"><a href=\"https:\/\/www.caravanas.net\/ad\/15178\/challenger-v114-anniversary-edition\" class=\"ad-image rounded mb-4\" style=\"background-image: url('https:\/\/caravanas.fra1.cdn.digitaloceanspaces.com\/public\/129607\/conversions\/IMG_2662-web.jpg');\"><div class=\"ad-image-price d-inline-block bg-white rounded py-1 px-3 position-absolute shadow-sm\"><div class=\"price-amount big\">45.900 \u20ac<\/div><\/div><\/a><div class=\"ad-title text-truncate\">Challenger V114 ANNIVERSARY EDITION<\/div><div class=\"mb-4 text-muted\">Las series especiales Anniversary retoman los patrones probados de Challenger V114:cabina abierta,...<\/div><div class=\"details mb-3\"><div class=\"flex-row\"><div class=\"flex-col\"><div class=\"text-center bg-light rounded py-2\">4 viajar<\/div><\/div><div class=\"flex-col\"><div class=\"text-center bg-light rounded py-2\">2 dormir<\/div><\/div><\/div><\/div><div class=\"flex-row\"><div class=\"flex-col\"><a href=\"https:\/\/www.caravanas.net\/ad\/15178\/challenger-v114-anniversary-edition\" target=\"_blank\" class=\"btn btn-block btn-primary\">Contactar<\/a><\/div><div class=\"flex-col\"><a href=\"https:\/\/www.caravanas.net\/ad\/15178\/challenger-v114-anniversary-edition\" target=\"_blank\" class=\"btn-primary\">+ info<\/a><\/div><\/div><\/div><\/div><div class=\"ad-pill-box\"><div class=\"ad-pill\"><a href=\"https:\/\/www.caravanas.net\/ad\/15172\/mercedes-benz-vito\" class=\"ad-image rounded mb-4\" style=\"background-image: url('https:\/\/caravanas.fra1.cdn.digitaloceanspaces.com\/public\/129537\/conversions\/1000154163-web.jpg');\"><div class=\"ad-image-price d-inline-block bg-white rounded py-1 px-3 position-absolute shadow-sm\"><div class=\"price-amount big\">5.000 \u20ac<\/div><\/div><\/a><div class=\"ad-title text-truncate\">Mercedes-Benz Vito<\/div><div class=\"mb-4 text-muted\">Vendo Mercedes Benz Vito 108D (1999) camperizada. Urge vender, precio negociable.Tiene 269.000...<\/div><div class=\"details mb-3\"><div class=\"flex-row\"><div class=\"flex-col\"><div class=\"text-center bg-light rounded py-2\">3 viajar<\/div><\/div><div class=\"flex-col\"><div class=\"text-center bg-light rounded py-2\">3 dormir<\/div><\/div><\/div><\/div><div class=\"flex-row\"><div class=\"flex-col\"><a href=\"https:\/\/www.caravanas.net\/ad\/15172\/mercedes-benz-vito\" target=\"_blank\" class=\"btn btn-block btn-primary\">Contactar<\/a><\/div><div class=\"flex-col\"><a href=\"https:\/\/www.caravanas.net\/ad\/15172\/mercedes-benz-vito\" target=\"_blank\" class=\"btn-primary\">+ info<\/a><\/div><\/div><\/div><\/div><div class=\"ad-pill-box\"><div class=\"ad-pill\"><a href=\"https:\/\/www.caravanas.net\/ad\/15171\/volkswagen-lt-35\" class=\"ad-image rounded mb-4\" style=\"background-image: url('https:\/\/caravanas.fra1.cdn.digitaloceanspaces.com\/public\/129513\/conversions\/CambioClaraboya1-web.jpg');\"><div class=\"ad-image-price d-inline-block bg-white rounded py-1 px-3 position-absolute shadow-sm\"><div class=\"price-amount big\">15.000 \u20ac<\/div><\/div><\/a><div class=\"ad-title text-truncate\">Volkswagen LT 35<\/div><div class=\"mb-4 text-muted\">Se vende esta fiera salvaje, motor de la vieja escuela, de los...<\/div><div class=\"details mb-3\"><div class=\"flex-row\"><div class=\"flex-col\"><div class=\"text-center bg-light rounded py-2\">3 viajar<\/div><\/div><div class=\"flex-col\"><div class=\"text-center bg-light rounded py-2\">1 dormir<\/div><\/div><\/div><\/div><div class=\"flex-row\"><div class=\"flex-col\"><a href=\"https:\/\/www.caravanas.net\/ad\/15171\/volkswagen-lt-35\" target=\"_blank\" class=\"btn btn-block btn-primary\">Contactar<\/a><\/div><div class=\"flex-col\"><a href=\"https:\/\/www.caravanas.net\/ad\/15171\/volkswagen-lt-35\" target=\"_blank\" class=\"btn-primary\">+ info<\/a><\/div><\/div><\/div><\/div><\/div>\n<p>Y t\u00fa, \u00bfcon qu\u00e9 modelo te quedas?\u00bfcrees que es necesario un buen ba\u00f1o en una camper? deja tu respuesta en los comentarios.<\/p>\n<p>&nbsp;<\/p>\n","protected":false},"excerpt":{"rendered":"<p>Las camper actualmente son uno de los veh\u00edculos que m\u00e1s adeptos ha conseguido en estos 2 \u00faltimos a\u00f1os y las razones son obvias: Menor&hellip;<\/p>\n","protected":false},"author":3,"featured_media":2875,"comment_status":"open","ping_status":"open","sticky":false,"template":"","format":"standard","meta":{"_jetpack_memberships_contains_paid_content":false,"footnotes":""},"categories":[53,49,19],"tags":[],"class_list":["post-2862","post","type-post","status-publish","format-standard","has-post-thumbnail","hentry","category-distribucion-interior","category-furgonetas-camper","category-modelos"],"aioseo_notices":[],"jetpack_featured_media_url":"https:\/\/i0.wp.com\/www.caravanas.net\/noticias\/wp-content\/uploads\/2022\/03\/Camper-van-HYMER-Free.jpg?fit=2560%2C1365&ssl=1","jetpack_sharing_enabled":true,"_links":{"self":[{"href":"https:\/\/www.caravanas.net\/noticias\/wp-json\/wp\/v2\/posts\/2862","targetHints":{"allow":["GET"]}}],"collection":[{"href":"https:\/\/www.caravanas.net\/noticias\/wp-json\/wp\/v2\/posts"}],"about":[{"href":"https:\/\/www.caravanas.net\/noticias\/wp-json\/wp\/v2\/types\/post"}],"author":[{"embeddable":true,"href":"https:\/\/www.caravanas.net\/noticias\/wp-json\/wp\/v2\/users\/3"}],"replies":[{"embeddable":true,"href":"https:\/\/www.caravanas.net\/noticias\/wp-json\/wp\/v2\/comments?post=2862"}],"version-history":[{"count":0,"href":"https:\/\/www.caravanas.net\/noticias\/wp-json\/wp\/v2\/posts\/2862\/revisions"}],"wp:featuredmedia":[{"embeddable":true,"href":"https:\/\/www.caravanas.net\/noticias\/wp-json\/wp\/v2\/media\/2875"}],"wp:attachment":[{"href":"https:\/\/www.caravanas.net\/noticias\/wp-json\/wp\/v2\/media?parent=2862"}],"wp:term":[{"taxonomy":"category","embeddable":true,"href":"https:\/\/www.caravanas.net\/noticias\/wp-json\/wp\/v2\/categories?post=2862"},{"taxonomy":"post_tag","embeddable":true,"href":"https:\/\/www.caravanas.net\/noticias\/wp-json\/wp\/v2\/tags?post=2862"}],"curies":[{"name":"wp","href":"https:\/\/api.w.org\/{rel}","templated":true}]}}