{"id":2852,"date":"2022-02-24T22:26:32","date_gmt":"2022-02-24T20:26:32","guid":{"rendered":"https:\/\/www.caravanas.net\/noticias\/?p=2852"},"modified":"2022-11-30T21:02:15","modified_gmt":"2022-11-30T19:02:15","slug":"el-todoterreno-compacto-para-cuatro-personas-de-knaus-2022","status":"publish","type":"post","link":"https:\/\/www.caravanas.net\/noticias\/el-todoterreno-compacto-para-cuatro-personas-de-knaus-2022\/","title":{"rendered":"El todoterreno compacto para cuatro personas de Knaus 2022"},"content":{"rendered":"<p><span style=\"font-weight: 400;\">Hay modelos que re\u00fanen <\/span><b>lo mejor de las camper y lo mejor de las autocaravanas<\/b><span style=\"font-weight: 400;\">, y la nueva <\/span><b>Van Wave 640 MEG de Knaus <\/b><span style=\"font-weight: 400;\">es un claro ejemplo de eso.<\/span><\/p>\n<p><span style=\"font-weight: 400;\">Este<\/span><b> modelo semi integral est\u00e1 dise\u00f1ado sobre chasis MAN TGE<\/b><span style=\"font-weight: 400;\">, una marca reconocida por ofrecer autocaravanas din\u00e1micas, deportivas y equipadas con el sistema de asistencia m\u00e1s moderno.<\/span><\/p>\n<p><span style=\"font-weight: 400;\">Y Knaus por su parte ha conseguido aumentar sus ventas en 2021 gracias a la<\/span><a href=\"https:\/\/www.caravanas.net\/noticias\/el-grupo-knaus-tabbert-esta-en-auge-gracias-a-sus-recientes-innovaciones\/\"><span style=\"font-weight: 400;\"> inversi\u00f3n y apuesta por las innovaciones tecnol\u00f3gicas. <\/span><\/a><span style=\"font-weight: 400;\">\u00a0Caracter\u00edsticas que podemos encontrar en la <a href=\"https:\/\/www.knaus.com\/es-es\/autocaravanas\/van-wave\/exterior\/\">Van Wave 640 MEG<\/a>, una prometedora opci\u00f3n para aquellos que buscan modelos compactos, eficientes y todoterrenos.<\/span><\/p>\n<p><span style=\"font-weight: 400;\">Si a\u00fan no conoces este nuevo modelo de Knaus, te vamos a ense\u00f1ar por qu\u00e9 ser\u00e1 una buena opci\u00f3n para tener en cuenta si quieres comprar una autocaravana peque\u00f1a pero espaciosa, ya que<\/span><b> este modelo est\u00e1 dise\u00f1ado para que viajen 4 personas.<\/b><\/p>\n<h2><\/h2>\n<h2><span style=\"font-weight: 400;\">KNAUS VAN WAVE 640 MEG para 4 plazas<\/span><\/h2>\n<p><!--more--><\/p>\n<p><span style=\"font-weight: 400;\">Con una<\/span><b> anchura de 2,20 m y una longitud de menos de 7 m, <\/b><span style=\"font-weight: 400;\">este veh\u00edculo compacto puede acomodar hasta 4 personas, gracias a dos grandes <\/span><a href=\"https:\/\/www.caravanas.net\/noticias\/9-tipos-de-cama-que-puedes-encontrar-en-una-caravana-o-autocaravana\/\"><span style=\"font-weight: 400;\">camas individuales y la cama abatible.<\/span><\/a><\/p>\n<h3><span style=\"font-weight: 400;\">Equipamiento interior<\/span><\/h3>\n<p><img data-recalc-dims=\"1\" decoding=\"async\" class=\"alignnone size-full wp-image-2857\" src=\"https:\/\/i0.wp.com\/www.caravanas.net\/noticias\/wp-content\/uploads\/2022\/02\/Interior-KNAUS-VAN-WAVE-640-MEG.jpg?resize=1170%2C624&#038;ssl=1\" alt=\"Interior KNAUS VAN WAVE 640 MEG\" width=\"1170\" height=\"624\" srcset=\"https:\/\/i0.wp.com\/www.caravanas.net\/noticias\/wp-content\/uploads\/2022\/02\/Interior-KNAUS-VAN-WAVE-640-MEG.jpg?w=2560&amp;ssl=1 2560w, https:\/\/i0.wp.com\/www.caravanas.net\/noticias\/wp-content\/uploads\/2022\/02\/Interior-KNAUS-VAN-WAVE-640-MEG.jpg?resize=300%2C160&amp;ssl=1 300w, https:\/\/i0.wp.com\/www.caravanas.net\/noticias\/wp-content\/uploads\/2022\/02\/Interior-KNAUS-VAN-WAVE-640-MEG.jpg?resize=1024%2C546&amp;ssl=1 1024w, https:\/\/i0.wp.com\/www.caravanas.net\/noticias\/wp-content\/uploads\/2022\/02\/Interior-KNAUS-VAN-WAVE-640-MEG.jpg?resize=768%2C410&amp;ssl=1 768w, https:\/\/i0.wp.com\/www.caravanas.net\/noticias\/wp-content\/uploads\/2022\/02\/Interior-KNAUS-VAN-WAVE-640-MEG.jpg?resize=1536%2C819&amp;ssl=1 1536w, https:\/\/i0.wp.com\/www.caravanas.net\/noticias\/wp-content\/uploads\/2022\/02\/Interior-KNAUS-VAN-WAVE-640-MEG.jpg?resize=2048%2C1092&amp;ssl=1 2048w, https:\/\/i0.wp.com\/www.caravanas.net\/noticias\/wp-content\/uploads\/2022\/02\/Interior-KNAUS-VAN-WAVE-640-MEG.jpg?resize=1920%2C1024&amp;ssl=1 1920w, https:\/\/i0.wp.com\/www.caravanas.net\/noticias\/wp-content\/uploads\/2022\/02\/Interior-KNAUS-VAN-WAVE-640-MEG.jpg?resize=1170%2C624&amp;ssl=1 1170w, https:\/\/i0.wp.com\/www.caravanas.net\/noticias\/wp-content\/uploads\/2022\/02\/Interior-KNAUS-VAN-WAVE-640-MEG.jpg?resize=585%2C312&amp;ssl=1 585w, https:\/\/i0.wp.com\/www.caravanas.net\/noticias\/wp-content\/uploads\/2022\/02\/Interior-KNAUS-VAN-WAVE-640-MEG.jpg?w=2340&amp;ssl=1 2340w\" sizes=\"(max-width: 1170px) 100vw, 1170px\" \/><\/p>\n<p><span style=\"font-weight: 400;\">La estructura del techo en forma de ola de la VAN WAVE permite crear espacio para una <\/span><b>cama basculante de funcionamiento suave<\/b><span style=\"font-weight: 400;\"> en la parte delantera, que incluye adem\u00e1s un f\u00e1cil acceso, <\/span><b>almacenamiento, luz en la cabecera y un SMART TV de 27\u201c<\/b><span style=\"font-weight: 400;\"> a una altura \u00f3ptima.<img data-recalc-dims=\"1\" decoding=\"async\" class=\"alignnone size-full wp-image-2856\" src=\"https:\/\/i0.wp.com\/www.caravanas.net\/noticias\/wp-content\/uploads\/2022\/02\/cama-basculante-KNAUS-VAN-WAVE-640-MEG.jpg?resize=1170%2C624&#038;ssl=1\" alt=\"cama basculante KNAUS VAN WAVE 640 MEG\" width=\"1170\" height=\"624\" srcset=\"https:\/\/i0.wp.com\/www.caravanas.net\/noticias\/wp-content\/uploads\/2022\/02\/cama-basculante-KNAUS-VAN-WAVE-640-MEG.jpg?w=2560&amp;ssl=1 2560w, https:\/\/i0.wp.com\/www.caravanas.net\/noticias\/wp-content\/uploads\/2022\/02\/cama-basculante-KNAUS-VAN-WAVE-640-MEG.jpg?resize=300%2C160&amp;ssl=1 300w, https:\/\/i0.wp.com\/www.caravanas.net\/noticias\/wp-content\/uploads\/2022\/02\/cama-basculante-KNAUS-VAN-WAVE-640-MEG.jpg?resize=1024%2C546&amp;ssl=1 1024w, https:\/\/i0.wp.com\/www.caravanas.net\/noticias\/wp-content\/uploads\/2022\/02\/cama-basculante-KNAUS-VAN-WAVE-640-MEG.jpg?resize=768%2C410&amp;ssl=1 768w, https:\/\/i0.wp.com\/www.caravanas.net\/noticias\/wp-content\/uploads\/2022\/02\/cama-basculante-KNAUS-VAN-WAVE-640-MEG.jpg?resize=1536%2C819&amp;ssl=1 1536w, https:\/\/i0.wp.com\/www.caravanas.net\/noticias\/wp-content\/uploads\/2022\/02\/cama-basculante-KNAUS-VAN-WAVE-640-MEG.jpg?resize=2048%2C1092&amp;ssl=1 2048w, https:\/\/i0.wp.com\/www.caravanas.net\/noticias\/wp-content\/uploads\/2022\/02\/cama-basculante-KNAUS-VAN-WAVE-640-MEG.jpg?resize=1920%2C1024&amp;ssl=1 1920w, https:\/\/i0.wp.com\/www.caravanas.net\/noticias\/wp-content\/uploads\/2022\/02\/cama-basculante-KNAUS-VAN-WAVE-640-MEG.jpg?resize=1170%2C624&amp;ssl=1 1170w, https:\/\/i0.wp.com\/www.caravanas.net\/noticias\/wp-content\/uploads\/2022\/02\/cama-basculante-KNAUS-VAN-WAVE-640-MEG.jpg?resize=585%2C312&amp;ssl=1 585w, https:\/\/i0.wp.com\/www.caravanas.net\/noticias\/wp-content\/uploads\/2022\/02\/cama-basculante-KNAUS-VAN-WAVE-640-MEG.jpg?w=2340&amp;ssl=1 2340w\" sizes=\"(max-width: 1170px) 100vw, 1170px\" \/><\/span><\/p>\n<p><span style=\"font-weight: 400;\">Las camas individuales en la parte trasera se pueden ampliar opcionalmente para crear una espaciosa cama doble.<\/span><\/p>\n<p><span style=\"font-weight: 400;\">Otra de las novedades es su ba\u00f1o, con una inteligente pared giratoria proporciona una amplia zona de ducha y WC. Adem\u00e1s la incorporaci\u00f3n de luces LED en el espejo crean un agradable ambiente Spa. <img data-recalc-dims=\"1\" decoding=\"async\" class=\"alignnone size-full wp-image-2854\" src=\"https:\/\/i0.wp.com\/www.caravanas.net\/noticias\/wp-content\/uploads\/2022\/02\/banos-KNAUS-VAN-WAVE-640-MEG.jpg?resize=1170%2C624&#038;ssl=1\" alt=\"ba\u00f1os KNAUS VAN WAVE 640 MEG\" width=\"1170\" height=\"624\" srcset=\"https:\/\/i0.wp.com\/www.caravanas.net\/noticias\/wp-content\/uploads\/2022\/02\/banos-KNAUS-VAN-WAVE-640-MEG.jpg?w=2560&amp;ssl=1 2560w, https:\/\/i0.wp.com\/www.caravanas.net\/noticias\/wp-content\/uploads\/2022\/02\/banos-KNAUS-VAN-WAVE-640-MEG.jpg?resize=300%2C160&amp;ssl=1 300w, https:\/\/i0.wp.com\/www.caravanas.net\/noticias\/wp-content\/uploads\/2022\/02\/banos-KNAUS-VAN-WAVE-640-MEG.jpg?resize=1024%2C546&amp;ssl=1 1024w, https:\/\/i0.wp.com\/www.caravanas.net\/noticias\/wp-content\/uploads\/2022\/02\/banos-KNAUS-VAN-WAVE-640-MEG.jpg?resize=768%2C410&amp;ssl=1 768w, https:\/\/i0.wp.com\/www.caravanas.net\/noticias\/wp-content\/uploads\/2022\/02\/banos-KNAUS-VAN-WAVE-640-MEG.jpg?resize=1536%2C819&amp;ssl=1 1536w, https:\/\/i0.wp.com\/www.caravanas.net\/noticias\/wp-content\/uploads\/2022\/02\/banos-KNAUS-VAN-WAVE-640-MEG.jpg?resize=2048%2C1092&amp;ssl=1 2048w, https:\/\/i0.wp.com\/www.caravanas.net\/noticias\/wp-content\/uploads\/2022\/02\/banos-KNAUS-VAN-WAVE-640-MEG.jpg?resize=1920%2C1024&amp;ssl=1 1920w, https:\/\/i0.wp.com\/www.caravanas.net\/noticias\/wp-content\/uploads\/2022\/02\/banos-KNAUS-VAN-WAVE-640-MEG.jpg?resize=1170%2C624&amp;ssl=1 1170w, https:\/\/i0.wp.com\/www.caravanas.net\/noticias\/wp-content\/uploads\/2022\/02\/banos-KNAUS-VAN-WAVE-640-MEG.jpg?resize=585%2C312&amp;ssl=1 585w, https:\/\/i0.wp.com\/www.caravanas.net\/noticias\/wp-content\/uploads\/2022\/02\/banos-KNAUS-VAN-WAVE-640-MEG.jpg?w=2340&amp;ssl=1 2340w\" sizes=\"(max-width: 1170px) 100vw, 1170px\" \/><\/span><\/p>\n<p><span style=\"font-weight: 400;\">La luz tambi\u00e9n es parte importante del interior de la autocaravana, ayudando a crear una sensaci\u00f3n de calidez y espacio.<\/span><\/p>\n<p><span style=\"font-weight: 400;\">Otro punto fuerte es la zona de la cocina, con un gran frigor\u00edfico, cocina de 2 fuegos con una encimera extensible para preparar alimentos y un fregadero, adem\u00e1s por supuesto de un variado almacenaje.<\/span><\/p>\n<p><span style=\"font-weight: 400;\">Para lograr esta sensaci\u00f3n de espacio, el habit\u00e1culo tiene una altura de 190 cm incluso debajo de la cama basculante.<\/span><\/p>\n<p><span style=\"font-weight: 400;\">Todo el mobiliario interior tiene bordes curvos, para que el ajetreo dentro de la autocaravana sea segura.\u00a0<\/span><\/p>\n<h3><span style=\"font-weight: 400;\">Exterior de la autocaravana <img data-recalc-dims=\"1\" decoding=\"async\" class=\"alignnone size-full wp-image-2858\" src=\"https:\/\/i0.wp.com\/www.caravanas.net\/noticias\/wp-content\/uploads\/2022\/02\/KNAUS-VAN-WAVE-640-MEG.jpg?resize=1170%2C624&#038;ssl=1\" alt=\"KNAUS VAN WAVE 640 MEG\" width=\"1170\" height=\"624\" srcset=\"https:\/\/i0.wp.com\/www.caravanas.net\/noticias\/wp-content\/uploads\/2022\/02\/KNAUS-VAN-WAVE-640-MEG.jpg?w=2560&amp;ssl=1 2560w, https:\/\/i0.wp.com\/www.caravanas.net\/noticias\/wp-content\/uploads\/2022\/02\/KNAUS-VAN-WAVE-640-MEG.jpg?resize=300%2C160&amp;ssl=1 300w, https:\/\/i0.wp.com\/www.caravanas.net\/noticias\/wp-content\/uploads\/2022\/02\/KNAUS-VAN-WAVE-640-MEG.jpg?resize=1024%2C546&amp;ssl=1 1024w, https:\/\/i0.wp.com\/www.caravanas.net\/noticias\/wp-content\/uploads\/2022\/02\/KNAUS-VAN-WAVE-640-MEG.jpg?resize=768%2C410&amp;ssl=1 768w, https:\/\/i0.wp.com\/www.caravanas.net\/noticias\/wp-content\/uploads\/2022\/02\/KNAUS-VAN-WAVE-640-MEG.jpg?resize=1536%2C819&amp;ssl=1 1536w, https:\/\/i0.wp.com\/www.caravanas.net\/noticias\/wp-content\/uploads\/2022\/02\/KNAUS-VAN-WAVE-640-MEG.jpg?resize=2048%2C1092&amp;ssl=1 2048w, https:\/\/i0.wp.com\/www.caravanas.net\/noticias\/wp-content\/uploads\/2022\/02\/KNAUS-VAN-WAVE-640-MEG.jpg?resize=1920%2C1024&amp;ssl=1 1920w, https:\/\/i0.wp.com\/www.caravanas.net\/noticias\/wp-content\/uploads\/2022\/02\/KNAUS-VAN-WAVE-640-MEG.jpg?resize=1170%2C624&amp;ssl=1 1170w, https:\/\/i0.wp.com\/www.caravanas.net\/noticias\/wp-content\/uploads\/2022\/02\/KNAUS-VAN-WAVE-640-MEG.jpg?resize=585%2C312&amp;ssl=1 585w, https:\/\/i0.wp.com\/www.caravanas.net\/noticias\/wp-content\/uploads\/2022\/02\/KNAUS-VAN-WAVE-640-MEG.jpg?w=2340&amp;ssl=1 2340w\" sizes=\"(max-width: 1170px) 100vw, 1170px\" \/><\/span><\/h3>\n<p><span style=\"font-weight: 400;\">La VAN WAVE ofrece las dimensiones compactas de la clase van, pero mejora con su <\/span><b>estructura de techo en forma de ola y la construcci\u00f3n trasera FoldXpand<\/b><span style=\"font-weight: 400;\"> que agrega longitud al interior mientras mantiene dimensiones exteriores compactas.<\/span><\/p>\n<p><span style=\"font-weight: 400;\">El acceso a las conexiones de electricidad, agua y filtro de agua es muy pr\u00e1ctico ya que como en todos los Knaus, el serviceBox central re\u00fane todo en un s\u00f3lo lugar.<\/span><\/p>\n<p><img data-recalc-dims=\"1\" decoding=\"async\" class=\"alignnone size-full wp-image-2859\" src=\"https:\/\/i0.wp.com\/www.caravanas.net\/noticias\/wp-content\/uploads\/2022\/02\/Autocaravana-KNAUS-VAN-WAVE-640-MEG-2.jpg?resize=1170%2C624&#038;ssl=1\" alt=\"Exterior KNAUS VAN WAVE 640 MEG\" width=\"1170\" height=\"624\" srcset=\"https:\/\/i0.wp.com\/www.caravanas.net\/noticias\/wp-content\/uploads\/2022\/02\/Autocaravana-KNAUS-VAN-WAVE-640-MEG-2.jpg?w=2560&amp;ssl=1 2560w, https:\/\/i0.wp.com\/www.caravanas.net\/noticias\/wp-content\/uploads\/2022\/02\/Autocaravana-KNAUS-VAN-WAVE-640-MEG-2.jpg?resize=300%2C160&amp;ssl=1 300w, https:\/\/i0.wp.com\/www.caravanas.net\/noticias\/wp-content\/uploads\/2022\/02\/Autocaravana-KNAUS-VAN-WAVE-640-MEG-2.jpg?resize=1024%2C546&amp;ssl=1 1024w, https:\/\/i0.wp.com\/www.caravanas.net\/noticias\/wp-content\/uploads\/2022\/02\/Autocaravana-KNAUS-VAN-WAVE-640-MEG-2.jpg?resize=768%2C410&amp;ssl=1 768w, https:\/\/i0.wp.com\/www.caravanas.net\/noticias\/wp-content\/uploads\/2022\/02\/Autocaravana-KNAUS-VAN-WAVE-640-MEG-2.jpg?resize=1536%2C819&amp;ssl=1 1536w, https:\/\/i0.wp.com\/www.caravanas.net\/noticias\/wp-content\/uploads\/2022\/02\/Autocaravana-KNAUS-VAN-WAVE-640-MEG-2.jpg?resize=2048%2C1092&amp;ssl=1 2048w, https:\/\/i0.wp.com\/www.caravanas.net\/noticias\/wp-content\/uploads\/2022\/02\/Autocaravana-KNAUS-VAN-WAVE-640-MEG-2.jpg?resize=1920%2C1024&amp;ssl=1 1920w, https:\/\/i0.wp.com\/www.caravanas.net\/noticias\/wp-content\/uploads\/2022\/02\/Autocaravana-KNAUS-VAN-WAVE-640-MEG-2.jpg?resize=1170%2C624&amp;ssl=1 1170w, https:\/\/i0.wp.com\/www.caravanas.net\/noticias\/wp-content\/uploads\/2022\/02\/Autocaravana-KNAUS-VAN-WAVE-640-MEG-2.jpg?resize=585%2C312&amp;ssl=1 585w, https:\/\/i0.wp.com\/www.caravanas.net\/noticias\/wp-content\/uploads\/2022\/02\/Autocaravana-KNAUS-VAN-WAVE-640-MEG-2.jpg?w=2340&amp;ssl=1 2340w\" sizes=\"(max-width: 1170px) 100vw, 1170px\" \/><\/p>\n<p>Asimismo, el cambio de las bombonas de gas es muy f\u00e1cil y c\u00f3modo, se pueden almacenar hasta dos bombonas en la amplia caja de gas dispuesta longitudinalmente desde el exterior.<\/p>\n<h3><span style=\"font-weight: 400;\">Tecnolog\u00eda del motor<\/span><\/h3>\n<p>Sobre base MAN TGE est\u00e1 disponible en 140 CV y caja de cambios de 6 velocidades o 177 CV y transmisi\u00f3n autom\u00e1tica de convertidor de par de 9 velocidades\u2063<\/p>\n<p>Ofrece el m\u00e1ximo confort de conducci\u00f3n y seguridad con sistemas de asistencia inteligentes y suspensi\u00f3n neum\u00e1tica trasera est\u00e1ndar de 2 canales con compresor\u2063.<\/p>\n<h3><span style=\"font-weight: 400;\">Ficha t\u00e9cnica<\/span><\/h3>\n<p>Peso m\u00e1ximo autorizado: 3.500 kg<br \/>\nLongitud: 699 cm<br \/>\nAnchura (ext\/int): 220 \/ 205 cm<br \/>\nAltura (ext\/int): 283 \/ 196 cm<br \/>\nCapacidad m\u00e1xima de carga: 540 kg<\/p>\n<style type=\"text\/css\">.text-truncate { overflow: hidden; text-overflow: ellipsis; white-space: nowrap; }.flex-row { display: flex; flex-wrap: wrap; margin-right: -15px; margin-left: -15px; }.flex-col { flex-basis: 0; flex-grow: 1; max-width: 100%; position: relative; width: 100%; padding-right: 15px; padding-left: 15px; }.ads-list { display: flex !important; flex-wrap: wrap; margin-right: -15px; margin-left: -15px; }@media (min-width: 768px) { .ad-pill-box { flex: 0 0 33.3333333333%; max-width: 33.3333333333%; } }.ad-pill-box { position: relative; width: 100%; padding-right: 15px; padding-left: 15px; margin-bottom: 1rem; }.ad-pill { height: 100%!important; padding: 1.25rem !important; border-radius: .5rem!important; border: 1px solid #48ca7c !important; }.ad-pill .rounded { border-radius: .5rem !important; }.ad-pill .shadow-sm { box-shadow: 0 .125rem .25rem rgba(25,33,40,.075) !important; }.ad-pill .ad-image { background: 50% no-repeat; background-size: contain; min-height: 129px; display: block; position: relative;  color: #343a40 !important; margin-bottom: 1rem !important; border-radius: .5rem !important; }.ad-pill .ad-image-price { bottom: 0.5rem; left: 0.5rem; display: inline-block; position: absolute; background: #fff; padding: 0 0.5em; }.ad-pill .ad-title { font-size: 1.25rem; margin-bottom: 0.5rem; }.ad-pill .text-muted { color: #a3a3a3 !important; line-height: 1.3; margin-bottom: 1rem; }.ad-pill .bg-light { background: #f0f1f2; border-radius: .5rem; padding: 5px; text-align: center; margin-bottom: 1rem; }.ad-pill .btn-primary { display: block; background: #48ca7c; border-radius: .5rem; padding: 5px; text-align: center; color: #fff !important; text-decoration: none !important; }.ad-pill .btn-primary:hover { background: #2c9958; }<\/style><div class=\"ads-list\" style=\"display: flex !important\"><div class=\"ad-pill-box\"><div class=\"ad-pill\"><a href=\"https:\/\/www.caravanas.net\/ad\/15164\/knaus-sky-wave-650-mg\" class=\"ad-image rounded mb-4\" style=\"background-image: url('https:\/\/caravanas.fra1.cdn.digitaloceanspaces.com\/public\/129383\/conversions\/1-web.jpg');\"><div class=\"ad-image-price d-inline-block bg-white rounded py-1 px-3 position-absolute shadow-sm\"><div class=\"price-label\">A consultar<\/div><\/div><\/a><div class=\"ad-title text-truncate\">Knaus Sky Wave 650 MG<\/div><div class=\"mb-4 text-muted\">Knaus Sky Wave 650 MGcategor\u00eda Semi-integrado74300 kilometros96 kW (131 CV)Diesel,Transmisi\u00f3n ManualClase de...<\/div><div class=\"details mb-3\"><div class=\"flex-row\"><div class=\"flex-col\"><div class=\"text-center bg-light rounded py-2\">4 viajar<\/div><\/div><div class=\"flex-col\"><div class=\"text-center bg-light rounded py-2\">4 dormir<\/div><\/div><\/div><\/div><div class=\"flex-row\"><div class=\"flex-col\"><a href=\"https:\/\/www.caravanas.net\/ad\/15164\/knaus-sky-wave-650-mg\" target=\"_blank\" class=\"btn btn-block btn-primary\">Contactar<\/a><\/div><div class=\"flex-col\"><a href=\"https:\/\/www.caravanas.net\/ad\/15164\/knaus-sky-wave-650-mg\" target=\"_blank\" class=\"btn-primary\">+ info<\/a><\/div><\/div><\/div><\/div><\/div>\n<p>\u00bfQu\u00e9 te ha parecido la nueva autocaravana compacta de Knaus?<\/p>\n","protected":false},"excerpt":{"rendered":"<p>Hay modelos que re\u00fanen lo mejor de las camper y lo mejor de las autocaravanas, y la nueva Van Wave 640 MEG de Knaus&hellip;<\/p>\n","protected":false},"author":3,"featured_media":2853,"comment_status":"open","ping_status":"open","sticky":false,"template":"","format":"standard","meta":{"_jetpack_memberships_contains_paid_content":false,"footnotes":""},"categories":[16,54,19],"tags":[],"class_list":["post-2852","post","type-post","status-publish","format-standard","has-post-thumbnail","hentry","category-actualidad","category-autocaravanas-para-deportistas","category-modelos"],"aioseo_notices":[],"jetpack_featured_media_url":"https:\/\/i0.wp.com\/www.caravanas.net\/noticias\/wp-content\/uploads\/2022\/02\/Autocaravana-KNAUS-VAN-WAVE-640-MEG-1.jpg?fit=2560%2C1365&ssl=1","jetpack_sharing_enabled":true,"_links":{"self":[{"href":"https:\/\/www.caravanas.net\/noticias\/wp-json\/wp\/v2\/posts\/2852","targetHints":{"allow":["GET"]}}],"collection":[{"href":"https:\/\/www.caravanas.net\/noticias\/wp-json\/wp\/v2\/posts"}],"about":[{"href":"https:\/\/www.caravanas.net\/noticias\/wp-json\/wp\/v2\/types\/post"}],"author":[{"embeddable":true,"href":"https:\/\/www.caravanas.net\/noticias\/wp-json\/wp\/v2\/users\/3"}],"replies":[{"embeddable":true,"href":"https:\/\/www.caravanas.net\/noticias\/wp-json\/wp\/v2\/comments?post=2852"}],"version-history":[{"count":0,"href":"https:\/\/www.caravanas.net\/noticias\/wp-json\/wp\/v2\/posts\/2852\/revisions"}],"wp:featuredmedia":[{"embeddable":true,"href":"https:\/\/www.caravanas.net\/noticias\/wp-json\/wp\/v2\/media\/2853"}],"wp:attachment":[{"href":"https:\/\/www.caravanas.net\/noticias\/wp-json\/wp\/v2\/media?parent=2852"}],"wp:term":[{"taxonomy":"category","embeddable":true,"href":"https:\/\/www.caravanas.net\/noticias\/wp-json\/wp\/v2\/categories?post=2852"},{"taxonomy":"post_tag","embeddable":true,"href":"https:\/\/www.caravanas.net\/noticias\/wp-json\/wp\/v2\/tags?post=2852"}],"curies":[{"name":"wp","href":"https:\/\/api.w.org\/{rel}","templated":true}]}}