{"id":2656,"date":"2022-01-11T22:34:19","date_gmt":"2022-01-11T20:34:19","guid":{"rendered":"https:\/\/www.caravanas.net\/noticias\/?p=2656"},"modified":"2022-11-30T20:56:58","modified_gmt":"2022-11-30T18:56:58","slug":"donde-y-cuando-ver-auroras-boreales-ruta-en-autocaravana","status":"publish","type":"post","link":"https:\/\/www.caravanas.net\/noticias\/donde-y-cuando-ver-auroras-boreales-ruta-en-autocaravana\/","title":{"rendered":"\u00bfD\u00f3nde y cu\u00e1ndo ver auroras boreales? ruta en autocaravana"},"content":{"rendered":"<h2><span style=\"font-weight: 400;\">\u00bfPreparado para hacer el viaje m\u00e1s m\u00e1gico y alucinante de tu vida?<\/span><\/h2>\n<p><span style=\"font-weight: 400;\">Cuando le preguntas a alguien \u00bfQu\u00e9 le gustar\u00eda ver al menos una vez en su vida? la mayor\u00eda dice <\/span><b>ver las auroras boreales<\/b><span style=\"font-weight: 400;\">.<\/span><\/p>\n<p><span style=\"font-weight: 400;\">Y es que esta maravilla de la naturaleza, es un fen\u00f3meno atmosf\u00e9rico que atrae a miles de turistas cada a\u00f1o, el problema es que no se deja ver tan f\u00e1cilmente.<\/span><!--more--><\/p>\n<p><b>La mejor \u00e9poca del a\u00f1o<\/b><span style=\"font-weight: 400;\"> para ver las auroras boreales es <\/span><b>de finales de septiembre a finales de marzo <\/b><span style=\"font-weight: 400;\">y para encontrarlas se puede viajar aproximadamente a 70 grados al norte o sur del planeta, en el sur reciben el nombre de aurora austral.<\/span><\/p>\n<p><span style=\"font-weight: 400;\">Si vas al <strong>hemisferio norte<\/strong> se pueden encontrar en <\/span><b>Canad\u00e1, Rusia, Groenlandia, Noruega, Suecia, Islandia o Finlandia.<\/b><span style=\"font-weight: 400;\"> Por el contrario, si est\u00e1s en el hemisferio sur, se pueden ver en Chile, Argentina o Australia.<\/span><\/p>\n<p><span style=\"font-weight: 400;\">Se deben ver por la noche y lo ideal es que est\u00e9 el cielo despejado y claro para poder disfrutarlas en todo su esplendor.<\/span><\/p>\n<p><span style=\"font-weight: 400;\">Si a esta aventura a\u00f1adimos una <a href=\"https:\/\/www.caravanas.net\/search\"><strong>autocaravana o camper<\/strong><\/a>, el viaje mejora. Una ruta ideal para intentar ver auroras es recorrer el <strong>norte de Noruega<\/strong> hasta llegar a <\/span><b>Cabo Norte (NordKapp)<\/b><span style=\"font-weight: 400;\">, el punto m\u00e1s septentrional de Europa al que se puede llegar por carretera desde Espa\u00f1a.<\/span><\/p>\n<p><span style=\"font-weight: 400;\">Pero antes de llegar al<\/span><b> c\u00edrculo polar \u00e1rtico <\/b><span style=\"font-weight: 400;\">es mejor ir preparado, te aconsejamos leas nuestros post anteriores, sobre <\/span><a href=\"https:\/\/www.caravanas.net\/noticias\/viajar-en-autocaravana-en-invierno\/\"><span style=\"font-weight: 400;\">c\u00f3mo viajar en autocaravana en invierno<\/span><\/a><span style=\"font-weight: 400;\"> y <\/span><a href=\"https:\/\/www.caravanas.net\/noticias\/las-mejores-caravanas-y-autocaravanas-para-viajar-en-invierno\/\"><span style=\"font-weight: 400;\">qu\u00e9 modelos de autocaravanas est\u00e1n mejor preparados para soportar bajas temperaturas<\/span><\/a><span style=\"font-weight: 400;\">.\u00a0<\/span><\/p>\n<p><b>Noruega<\/b><span style=\"font-weight: 400;\"> es uno de los destinos preferidos para viajar en autocaravana o camper, ya que adem\u00e1s de tener una naturaleza exuberante <\/span><b>permite acampar en cualquier lugar.<\/b><span style=\"font-weight: 400;\">\u00a0<\/span><\/p>\n<p>En concreto, en el <strong>norte de Noruega se encuentra el llamado cintur\u00f3n de las auroras boreales<\/strong> desde las islas Lofoten y hasta Cabo Norte por la costa y m\u00e1s all\u00e1.<\/p>\n<p><span style=\"font-weight: 400;\">Si vas<strong> desde Espa\u00f1a con tu autocaravana<\/strong> se puede ir por carretera, cruzando Francia, Luxemburgo, Alemania, Dinamarca, Suecia hasta llegar a Nordkapp, son aproximadamente <strong>50 horas de viaje (4330 km).<\/strong><\/span><\/p>\n<p><img data-recalc-dims=\"1\" decoding=\"async\" class=\"alignnone wp-image-2658 size-full\" src=\"https:\/\/i0.wp.com\/www.caravanas.net\/noticias\/wp-content\/uploads\/2022\/01\/ruta-desde-Espana-a-Nordkapp.jpg?resize=770%2C815&#038;ssl=1\" alt=\"ruta desde Espa\u00f1a a Nordkapp\" width=\"770\" height=\"815\" srcset=\"https:\/\/i0.wp.com\/www.caravanas.net\/noticias\/wp-content\/uploads\/2022\/01\/ruta-desde-Espana-a-Nordkapp.jpg?w=770&amp;ssl=1 770w, https:\/\/i0.wp.com\/www.caravanas.net\/noticias\/wp-content\/uploads\/2022\/01\/ruta-desde-Espana-a-Nordkapp.jpg?resize=283%2C300&amp;ssl=1 283w, https:\/\/i0.wp.com\/www.caravanas.net\/noticias\/wp-content\/uploads\/2022\/01\/ruta-desde-Espana-a-Nordkapp.jpg?resize=768%2C813&amp;ssl=1 768w, https:\/\/i0.wp.com\/www.caravanas.net\/noticias\/wp-content\/uploads\/2022\/01\/ruta-desde-Espana-a-Nordkapp.jpg?resize=585%2C619&amp;ssl=1 585w\" sizes=\"(max-width: 770px) 100vw, 770px\" \/><\/p>\n<p><span style=\"font-weight: 400;\">Como ves, no es apto para todos, pero tambi\u00e9n se puede viajar directamente a Noruega y desde all\u00ed<strong> alquilar una camper o autocaravana<\/strong>. Ya depender\u00e1 del presupuesto, el tiempo y las necesidades que tenga cada uno.<\/span><\/p>\n<p><span style=\"font-weight: 400;\">Pero lo bueno de<\/span><b> viajar en autocaravana<\/b><span style=\"font-weight: 400;\"> es que te permitir\u00e1 ser flexible y poder moverte de los lugares con total libertad, as\u00ed, si ves que el clima no acompa\u00f1a, puedes buscar otro lugar en el que se puedan ver mejor las auroras.\u00a0<\/span><\/p>\n<h3>Los mejores lugares de Noruega para ver las auroras boreales<\/h3>\n<p><span style=\"font-weight: 400;\">Existen lugares preciosos desde donde admirar las auroras boreales, y adem\u00e1s hacer <a href=\"https:\/\/www.visitnorway.es\/que-ver-en-noruega\/norte-de-noruega\/\">turismo por la zona<\/a>, a continuaci\u00f3n te dejamos algunos de los m\u00e1s destacados:<\/span><\/p>\n<h4><span style=\"font-weight: 400;\">Troms\u00f8, Noruega<\/span><\/h4>\n<p><img data-recalc-dims=\"1\" decoding=\"async\" class=\"alignnone wp-image-2661 size-large\" src=\"https:\/\/i0.wp.com\/www.caravanas.net\/noticias\/wp-content\/uploads\/2022\/01\/Tromso-Noruega.jpg?resize=1024%2C546&#038;ssl=1\" alt=\"Tromso Noruega\" width=\"1024\" height=\"546\" srcset=\"https:\/\/i0.wp.com\/www.caravanas.net\/noticias\/wp-content\/uploads\/2022\/01\/Tromso-Noruega.jpg?resize=1024%2C546&amp;ssl=1 1024w, https:\/\/i0.wp.com\/www.caravanas.net\/noticias\/wp-content\/uploads\/2022\/01\/Tromso-Noruega.jpg?resize=300%2C160&amp;ssl=1 300w, https:\/\/i0.wp.com\/www.caravanas.net\/noticias\/wp-content\/uploads\/2022\/01\/Tromso-Noruega.jpg?resize=768%2C410&amp;ssl=1 768w, https:\/\/i0.wp.com\/www.caravanas.net\/noticias\/wp-content\/uploads\/2022\/01\/Tromso-Noruega.jpg?resize=1536%2C819&amp;ssl=1 1536w, https:\/\/i0.wp.com\/www.caravanas.net\/noticias\/wp-content\/uploads\/2022\/01\/Tromso-Noruega.jpg?resize=2048%2C1092&amp;ssl=1 2048w, https:\/\/i0.wp.com\/www.caravanas.net\/noticias\/wp-content\/uploads\/2022\/01\/Tromso-Noruega.jpg?resize=1920%2C1024&amp;ssl=1 1920w, https:\/\/i0.wp.com\/www.caravanas.net\/noticias\/wp-content\/uploads\/2022\/01\/Tromso-Noruega.jpg?resize=1170%2C624&amp;ssl=1 1170w, https:\/\/i0.wp.com\/www.caravanas.net\/noticias\/wp-content\/uploads\/2022\/01\/Tromso-Noruega.jpg?resize=585%2C312&amp;ssl=1 585w, https:\/\/i0.wp.com\/www.caravanas.net\/noticias\/wp-content\/uploads\/2022\/01\/Tromso-Noruega.jpg?w=2340&amp;ssl=1 2340w\" sizes=\"(max-width: 1024px) 100vw, 1024px\" \/><\/p>\n<p><span style=\"font-weight: 400;\"> Aqu\u00ed el sol nunca llega a ponerse, por eso esta ciudad es conocida como la capital del \u00c1rtico. Adem\u00e1s de poder ver las auroras boreales incluso desde el centro de la ciudad, podr\u00e1s hacer otras actividades, como visitar el museo polar, disfrutar de unas vistas panor\u00e1micas desde el telef\u00e9rico, practicar senderismo, observar ballenas jorobadas, montar en trineo y mucho m\u00e1s.\u00a0<\/span><\/p>\n<h4>Otros lugares para ver la aurora boreal recomendados por gente local:<\/h4>\n<ul>\n<li><strong>Calle Parkgata<\/strong> en el centro de Troms\u00f8, cerca del parque municipal de Kongsbakken.<\/li>\n<li><strong>Lago de Prestvannet<\/strong> a un par de kms de Troms\u00f8.<\/li>\n<li><strong>Alta<\/strong>, aqu\u00ed adem\u00e1s de ver las auroras se puede experimentar la cultura sami.<\/li>\n<li><strong>Islas Svalbard<\/strong>, su capital Longyearbyen, es una localidad cosmopolita, entre octubre y marzo apenas hay luz solar, lo que hace que las auroras boreales sean todav\u00eda m\u00e1s m\u00e1gicas.<\/li>\n<li><strong>Karasjok en Finnmark<\/strong>, destaca sobre todo por albergar el parlamento sami de Noruega. El centro de Karasjok es tan peque\u00f1o que s\u00f3lo tendr\u00e1s que alejarte un poco de la calle principal para tener unas claras vistas de la aurora boreal.<\/li>\n<li><strong>Archipi\u00e9lago de Lofoten<\/strong>, aqu\u00ed se encuentra el Museo Vikingo Lofotr, en Borg. Tambi\u00e9n puedes subirte a un kayak mientras observas la aurora boreal.<\/li>\n<li><strong>Bah\u00eda de Skipsfjorden, <\/strong>aqu\u00ed hay un aparcamiento junto a la carretera E69, del que retiran la nieve durante el invierno y se puede aparcar mientras observas la aurora.<\/li>\n<li><strong>Fiordo de Tufjorden<\/strong>, en la costa de la isla de Mager\u00f8ya, hay un mirador de camino al Cabo Norte, el inalterado paisaje de la zona permite hacer time lapse sin interrupciones.<\/li>\n<li>En los <strong>alrededores de Cabo Norte<\/strong> tambi\u00e9n puedes encontrar peque\u00f1os pueblos y lugares como K\u00e5fjord, Repv\u00e5g, Skarsv\u00e5g, Nordv\u00e5gen, Kjelvik, Valan, Gjesv\u00e6r o Kam\u00f8yv\u00e6r en donde poder disfrutar de las auroras boreales.<\/li>\n<\/ul>\n<p><img data-recalc-dims=\"1\" decoding=\"async\" class=\"alignnone wp-image-2663 size-full\" src=\"https:\/\/i0.wp.com\/www.caravanas.net\/noticias\/wp-content\/uploads\/2022\/01\/ruta-por-el-norte-de-Noruega-.jpg?resize=876%2C668&#038;ssl=1\" alt=\"ruta por el norte de Noruega\" width=\"876\" height=\"668\" srcset=\"https:\/\/i0.wp.com\/www.caravanas.net\/noticias\/wp-content\/uploads\/2022\/01\/ruta-por-el-norte-de-Noruega-.jpg?w=876&amp;ssl=1 876w, https:\/\/i0.wp.com\/www.caravanas.net\/noticias\/wp-content\/uploads\/2022\/01\/ruta-por-el-norte-de-Noruega-.jpg?resize=300%2C229&amp;ssl=1 300w, https:\/\/i0.wp.com\/www.caravanas.net\/noticias\/wp-content\/uploads\/2022\/01\/ruta-por-el-norte-de-Noruega-.jpg?resize=768%2C586&amp;ssl=1 768w, https:\/\/i0.wp.com\/www.caravanas.net\/noticias\/wp-content\/uploads\/2022\/01\/ruta-por-el-norte-de-Noruega-.jpg?resize=585%2C446&amp;ssl=1 585w\" sizes=\"(max-width: 876px) 100vw, 876px\" \/><\/p>\n<h3><span style=\"font-weight: 400;\">Recomendaciones si viajas a Noruega en invierno:<\/span><\/h3>\n<ul>\n<li><span style=\"font-weight: 400;\">Ten en cuenta que en estos pa\u00edses el coste de la vida es m\u00e1s caro. La comida, el hospedaje y sobre todo la gasolina o di\u00e9sel suben de precio. As\u00ed que s\u00e9 precavido y asegura la comida comprando en un supermercado. Y llena el tanque antes de comenzar la ruta.<\/span><\/li>\n<li>Durante el invierno se puede llegar a -25\u00ba C, pero es en esta \u00e9poca cuando las auroras est\u00e1n en su m\u00e1ximo esplendor ya que el tiempo es fr\u00edo y seco. As\u00ed que es mejor ir preparado, llevar ropa t\u00e9rmica y un buen calzado. Los noruegos usan mucho la lana, ya que regula la temperatura, no as\u00ed el algod\u00f3n que tiende a enfriarse.<\/li>\n<li>Recomiendan evitar las noches de luna llena, lo ideal es que el cielo est\u00e9 lo m\u00e1s oscuro posible. As\u00ed las luces se ver\u00e1n con m\u00e1s nitidez.<\/li>\n<li>Lleva equipamiento audiovisual <span style=\"font-weight: 400;\">para inmortalizar ese fabuloso momento<\/span>, una buena c\u00e1mara fotogr\u00e1fica y de video, as\u00ed como un dron y estabilizador para m\u00f3vil si eres m\u00e1s pro.<\/li>\n<li>Inf\u00f3rmate sobre el clima mirando en alguna web como <a href=\"https:\/\/www.windy.com\/?41.387,2.170,5\">windy<\/a>, tambi\u00e9n comprueba antes de salir si las carreteras estar\u00e1n cerradas.<\/li>\n<li>Procura tener paciencia, a veces no se dejan ver a la primera, puedes seguir con atenci\u00f3n alguna app para localizar auroras, por ejemplo Aurora Forecast 3D.<\/li>\n<li>El mejor horario para ver las auroras boreales ser\u00e1 entre las seis de la tarde y la una de la ma\u00f1ana.<\/li>\n<\/ul>\n<style type=\"text\/css\">.text-truncate { overflow: hidden; text-overflow: ellipsis; white-space: nowrap; }.flex-row { display: flex; flex-wrap: wrap; margin-right: -15px; margin-left: -15px; }.flex-col { flex-basis: 0; flex-grow: 1; max-width: 100%; position: relative; width: 100%; padding-right: 15px; padding-left: 15px; }.ads-list { display: flex !important; flex-wrap: wrap; margin-right: -15px; margin-left: -15px; }@media (min-width: 768px) { .ad-pill-box { flex: 0 0 33.3333333333%; max-width: 33.3333333333%; } }.ad-pill-box { position: relative; width: 100%; padding-right: 15px; padding-left: 15px; margin-bottom: 1rem; }.ad-pill { height: 100%!important; padding: 1.25rem !important; border-radius: .5rem!important; border: 1px solid #48ca7c !important; }.ad-pill .rounded { border-radius: .5rem !important; }.ad-pill .shadow-sm { box-shadow: 0 .125rem .25rem rgba(25,33,40,.075) !important; }.ad-pill .ad-image { background: 50% no-repeat; background-size: contain; min-height: 129px; display: block; position: relative;  color: #343a40 !important; margin-bottom: 1rem !important; border-radius: .5rem !important; }.ad-pill .ad-image-price { bottom: 0.5rem; left: 0.5rem; display: inline-block; position: absolute; background: #fff; padding: 0 0.5em; }.ad-pill .ad-title { font-size: 1.25rem; margin-bottom: 0.5rem; }.ad-pill .text-muted { color: #a3a3a3 !important; line-height: 1.3; margin-bottom: 1rem; }.ad-pill .bg-light { background: #f0f1f2; border-radius: .5rem; padding: 5px; text-align: center; margin-bottom: 1rem; }.ad-pill .btn-primary { display: block; background: #48ca7c; border-radius: .5rem; padding: 5px; text-align: center; color: #fff !important; text-decoration: none !important; }.ad-pill .btn-primary:hover { background: #2c9958; }<\/style><div class=\"ads-list\" style=\"display: flex !important\"><div class=\"ad-pill-box\"><div class=\"ad-pill\"><a href=\"https:\/\/www.caravanas.net\/ad\/15185\/carado-a461-multijet2-150cv-2017\" class=\"ad-image rounded mb-4\" style=\"background-image: url('https:\/\/caravanas.fra1.cdn.digitaloceanspaces.com\/public\/129675\/conversions\/01-web.jpg');\"><div class=\"ad-image-price d-inline-block bg-white rounded py-1 px-3 position-absolute shadow-sm\"><div class=\"price-amount big\">57.900 \u20ac<\/div><\/div><\/a><div class=\"ad-title text-truncate\">Carado A461 Multijet2 150CV 2017<\/div><div class=\"mb-4 text-muted\">Autocaravana capuchina Carado A461 2017Motor Fiat Multijet2 150CV6 plazas para viajar y...<\/div><div class=\"details mb-3\"><div class=\"flex-row\"><div class=\"flex-col\"><div class=\"text-center bg-light rounded py-2\">6 viajar<\/div><\/div><div class=\"flex-col\"><div class=\"text-center bg-light rounded py-2\">6 dormir<\/div><\/div><\/div><\/div><div class=\"flex-row\"><div class=\"flex-col\"><a href=\"https:\/\/www.caravanas.net\/ad\/15185\/carado-a461-multijet2-150cv-2017\" target=\"_blank\" class=\"btn btn-block btn-primary\">Contactar<\/a><\/div><div class=\"flex-col\"><a href=\"https:\/\/www.caravanas.net\/ad\/15185\/carado-a461-multijet2-150cv-2017\" target=\"_blank\" class=\"btn-primary\">+ info<\/a><\/div><\/div><\/div><\/div><div class=\"ad-pill-box\"><div class=\"ad-pill\"><a href=\"https:\/\/www.caravanas.net\/ad\/15182\/carado-t449\" class=\"ad-image rounded mb-4\" style=\"background-image: url('https:\/\/caravanas.fra1.cdn.digitaloceanspaces.com\/public\/129656\/conversions\/IMG_0698-web.jpg');\"><div class=\"ad-image-price d-inline-block bg-white rounded py-1 px-3 position-absolute shadow-sm\"><div class=\"price-amount big\">53.900 \u20ac<\/div><\/div><\/a><div class=\"ad-title text-truncate\">Carado T449<\/div><div class=\"mb-4 text-muted\">Autocaravana totalmente equipada: 4 plazas, placas solares, nevera grande, c\u00e1mara trasera, Truma...<\/div><div class=\"details mb-3\"><div class=\"flex-row\"><div class=\"flex-col\"><div class=\"text-center bg-light rounded py-2\">4 viajar<\/div><\/div><div class=\"flex-col\"><div class=\"text-center bg-light rounded py-2\">4 dormir<\/div><\/div><\/div><\/div><div class=\"flex-row\"><div class=\"flex-col\"><a href=\"https:\/\/www.caravanas.net\/ad\/15182\/carado-t449\" target=\"_blank\" class=\"btn btn-block btn-primary\">Contactar<\/a><\/div><div class=\"flex-col\"><a href=\"https:\/\/www.caravanas.net\/ad\/15182\/carado-t449\" target=\"_blank\" class=\"btn-primary\">+ info<\/a><\/div><\/div><\/div><\/div><div class=\"ad-pill-box\"><div class=\"ad-pill\"><a href=\"https:\/\/www.caravanas.net\/ad\/15181\/burstner-viseo-i694\" class=\"ad-image rounded mb-4\" style=\"background-image: url('https:\/\/caravanas.fra1.cdn.digitaloceanspaces.com\/public\/129647\/conversions\/photo_6012639393757203700_y-web.jpg');\"><div class=\"ad-image-price d-inline-block bg-white rounded py-1 px-3 position-absolute shadow-sm\"><div class=\"price-amount big\">44.900 \u20ac<\/div><\/div><\/a><div class=\"ad-title text-truncate\">B\u00fcrstner Viseo i694<\/div><div class=\"mb-4 text-muted\">\ud83d\ude90 AUTOCARAVANA BURSTNER VISEO i697 \u2013 AUTONOM\u00cdA TOTAL \u2013 7M \u2013 LISTA...<\/div><div class=\"details mb-3\"><div class=\"flex-row\"><div class=\"flex-col\"><div class=\"text-center bg-light rounded py-2\">4 viajar<\/div><\/div><div class=\"flex-col\"><div class=\"text-center bg-light rounded py-2\">2 dormir<\/div><\/div><\/div><\/div><div class=\"flex-row\"><div class=\"flex-col\"><a href=\"https:\/\/www.caravanas.net\/ad\/15181\/burstner-viseo-i694\" target=\"_blank\" class=\"btn btn-block btn-primary\">Contactar<\/a><\/div><div class=\"flex-col\"><a href=\"https:\/\/www.caravanas.net\/ad\/15181\/burstner-viseo-i694\" target=\"_blank\" class=\"btn-primary\">+ info<\/a><\/div><\/div><\/div><\/div><\/div>\n<p><span style=\"font-weight: 400;\">Te deseamos suerte y que consigas ver este hermoso fen\u00f3meno de la naturaleza. Cu\u00e9ntanos si ya has realizado esta ruta, y si has podido ver las auroras.<\/span><\/p>\n","protected":false},"excerpt":{"rendered":"<p>\u00bfPreparado para hacer el viaje m\u00e1s m\u00e1gico y alucinante de tu vida? Cuando le preguntas a alguien \u00bfQu\u00e9 le gustar\u00eda ver al menos una&hellip;<\/p>\n","protected":false},"author":3,"featured_media":2657,"comment_status":"open","ping_status":"closed","sticky":false,"template":"","format":"standard","meta":{"_jetpack_memberships_contains_paid_content":false,"footnotes":""},"categories":[20],"tags":[],"class_list":["post-2656","post","type-post","status-publish","format-standard","has-post-thumbnail","hentry","category-rutas"],"aioseo_notices":[],"jetpack_featured_media_url":"https:\/\/i0.wp.com\/www.caravanas.net\/noticias\/wp-content\/uploads\/2022\/01\/AC-9.jpg?fit=2560%2C1365&ssl=1","jetpack_sharing_enabled":true,"_links":{"self":[{"href":"https:\/\/www.caravanas.net\/noticias\/wp-json\/wp\/v2\/posts\/2656","targetHints":{"allow":["GET"]}}],"collection":[{"href":"https:\/\/www.caravanas.net\/noticias\/wp-json\/wp\/v2\/posts"}],"about":[{"href":"https:\/\/www.caravanas.net\/noticias\/wp-json\/wp\/v2\/types\/post"}],"author":[{"embeddable":true,"href":"https:\/\/www.caravanas.net\/noticias\/wp-json\/wp\/v2\/users\/3"}],"replies":[{"embeddable":true,"href":"https:\/\/www.caravanas.net\/noticias\/wp-json\/wp\/v2\/comments?post=2656"}],"version-history":[{"count":0,"href":"https:\/\/www.caravanas.net\/noticias\/wp-json\/wp\/v2\/posts\/2656\/revisions"}],"wp:featuredmedia":[{"embeddable":true,"href":"https:\/\/www.caravanas.net\/noticias\/wp-json\/wp\/v2\/media\/2657"}],"wp:attachment":[{"href":"https:\/\/www.caravanas.net\/noticias\/wp-json\/wp\/v2\/media?parent=2656"}],"wp:term":[{"taxonomy":"category","embeddable":true,"href":"https:\/\/www.caravanas.net\/noticias\/wp-json\/wp\/v2\/categories?post=2656"},{"taxonomy":"post_tag","embeddable":true,"href":"https:\/\/www.caravanas.net\/noticias\/wp-json\/wp\/v2\/tags?post=2656"}],"curies":[{"name":"wp","href":"https:\/\/api.w.org\/{rel}","templated":true}]}}