{"id":2609,"date":"2021-12-28T14:52:29","date_gmt":"2021-12-28T12:52:29","guid":{"rendered":"https:\/\/www.caravanas.net\/noticias\/?p=2609"},"modified":"2021-12-30T12:31:00","modified_gmt":"2021-12-30T10:31:00","slug":"9-campings-recomendados-para-visitar-en-2022","status":"publish","type":"post","link":"https:\/\/www.caravanas.net\/noticias\/9-campings-recomendados-para-visitar-en-2022\/","title":{"rendered":"9 campings recomendados para visitar en 2022"},"content":{"rendered":"<p><span style=\"font-weight: 400;\">A pocos d\u00edas de cerrar el a\u00f1o 2021, no podemos dejar de mencionar los <strong>premios a los mejores campings 2021 de Espa\u00f1a<\/strong>, que se celebraron a principios de noviembre.<\/span><\/p>\n<p><span style=\"font-weight: 400;\">Los galardones se repartieron en la III Gala de Campings de Espa\u00f1a, organizada por la <\/span><a href=\"https:\/\/fedcamping.com\/los-mejores-campings-de-espana-2021\/\"><span style=\"font-weight: 400;\">FEEC Federaci\u00f3n Espa\u00f1ola de Empresarios de Camping<\/span><\/a><span style=\"font-weight: 400;\">.\u00a0<\/span><\/p>\n<p><span style=\"font-weight: 400;\">Estos premios se otorgan en <strong>9 diferentes categor\u00edas y en esta edici\u00f3n participaron 27 campings.<\/strong><\/span><\/p>\n<p><span style=\"font-weight: 400;\">Cabe mencionar que este tipo de turismo fue especialmente demandado este a\u00f1o, de las 18,5 millones de<strong> pernoctaciones extra hoteleras que se produjeron el 1er semestre, 8,5 millones fueron en campings.<\/strong><\/span><\/p>\n<p><span style=\"font-weight: 400;\">Como consecuencia, la cifra de nuevos campings no ha parado de aumentar,<\/span><b> actualmente hay una media de 769 campings en Espa\u00f1a<\/b><span style=\"font-weight: 400;\">. Entre los cuales, 202 son campings de lujo (glamping), 436 de segunda categor\u00eda y 135 de tercera categor\u00eda.<\/span><\/p>\n<p><span style=\"font-weight: 400;\">Por eso mismo, que s\u00f3lo 27 campings hayan participado nos parece muy poco para la gran variedad que existe, pero igualmente vale la pena mencionarlos, ya que la <\/span><b>votaci\u00f3n fue realizada por los usuarios.<\/b><\/p>\n<p><span style=\"font-weight: 400;\">Igualmente si quieres conocer otros campings no dejes de informarte en nuestro apartado del blog, especializado en <\/span><a href=\"https:\/\/www.caravanas.net\/noticias\/category\/campings\/\"><span style=\"font-weight: 400;\">Campings para ir con caravana o en autocaravana.<\/span><\/a><\/p>\n<p>Y recuerda si a\u00fan no tienes tu <a href=\"https:\/\/www.caravanas.net\/search\">caravana o autocaravana<\/a>, en nuestro portal podr\u00e1s encontrar modelos de segunda mano o nuevos.<\/p>\n<p><span style=\"font-weight: 400;\">A continuaci\u00f3n te dejamos el listados de los mejores campings de Espa\u00f1a, en sus respectivas categor\u00edas:<\/span><!--more--><\/p>\n<h2><span style=\"font-weight: 400;\">1. Mejor camping de playa \/ <\/span><a href=\"http:\/\/www.campingmoreiras.com\/\"><span style=\"font-weight: 400;\">Camping Moreiras<\/span><\/a><\/h2>\n<p><img data-recalc-dims=\"1\" decoding=\"async\" class=\"wp-image-2613 size-medium alignleft\" src=\"https:\/\/i0.wp.com\/www.caravanas.net\/noticias\/wp-content\/uploads\/2021\/12\/camping-para-autocaravanas-O-Grove-Galicia-Espana-300x160.jpg?resize=300%2C160&#038;ssl=1\" alt=\"camping para autocaravanas O Grove, Galicia, Espa\u00f1a\" width=\"300\" height=\"160\" srcset=\"https:\/\/i0.wp.com\/www.caravanas.net\/noticias\/wp-content\/uploads\/2021\/12\/camping-para-autocaravanas-O-Grove-Galicia-Espana.jpg?resize=300%2C160&amp;ssl=1 300w, https:\/\/i0.wp.com\/www.caravanas.net\/noticias\/wp-content\/uploads\/2021\/12\/camping-para-autocaravanas-O-Grove-Galicia-Espana.jpg?resize=1024%2C546&amp;ssl=1 1024w, https:\/\/i0.wp.com\/www.caravanas.net\/noticias\/wp-content\/uploads\/2021\/12\/camping-para-autocaravanas-O-Grove-Galicia-Espana.jpg?resize=768%2C410&amp;ssl=1 768w, https:\/\/i0.wp.com\/www.caravanas.net\/noticias\/wp-content\/uploads\/2021\/12\/camping-para-autocaravanas-O-Grove-Galicia-Espana.jpg?resize=1536%2C819&amp;ssl=1 1536w, https:\/\/i0.wp.com\/www.caravanas.net\/noticias\/wp-content\/uploads\/2021\/12\/camping-para-autocaravanas-O-Grove-Galicia-Espana.jpg?resize=2048%2C1092&amp;ssl=1 2048w, https:\/\/i0.wp.com\/www.caravanas.net\/noticias\/wp-content\/uploads\/2021\/12\/camping-para-autocaravanas-O-Grove-Galicia-Espana.jpg?resize=1920%2C1024&amp;ssl=1 1920w, https:\/\/i0.wp.com\/www.caravanas.net\/noticias\/wp-content\/uploads\/2021\/12\/camping-para-autocaravanas-O-Grove-Galicia-Espana.jpg?resize=1170%2C624&amp;ssl=1 1170w, https:\/\/i0.wp.com\/www.caravanas.net\/noticias\/wp-content\/uploads\/2021\/12\/camping-para-autocaravanas-O-Grove-Galicia-Espana.jpg?resize=585%2C312&amp;ssl=1 585w, https:\/\/i0.wp.com\/www.caravanas.net\/noticias\/wp-content\/uploads\/2021\/12\/camping-para-autocaravanas-O-Grove-Galicia-Espana.jpg?w=2340&amp;ssl=1 2340w\" sizes=\"(max-width: 300px) 100vw, 300px\" \/><span style=\"font-weight: 400;\">Situada en un bello entorno, como son las <strong>R\u00edas Baixas en O Grove, en la comunidad de Galicia<\/strong> en donde se pueden realizar una variedad de actividades n\u00e1uticas y disfrutar de su exquisita gastronom\u00eda.\u00a0<\/span><\/p>\n<p><span style=\"font-weight: 400;\">Cuenta con parcelas rodeadas de hierba la cual es cuidada durante todo el a\u00f1o. Adem\u00e1s est\u00e1n separadas entre ellas para m\u00e1s intimidad.<\/span><\/p>\n<p><span style=\"font-weight: 400;\">Todas las parcelas tienen f\u00e1cil acceso a los servicios; teniendo muchas de ellas vistas al mar.\u00a0<\/span><\/p>\n<h3><b>Servicios:<\/b><\/h3>\n<ul>\n<li style=\"font-weight: 400;\" aria-level=\"1\"><span style=\"font-weight: 400;\">Supermercado<\/span><\/li>\n<li style=\"font-weight: 400;\" aria-level=\"1\"><span style=\"font-weight: 400;\">Cafeter\u00eda\/ Restaurante<\/span><\/li>\n<li style=\"font-weight: 400;\" aria-level=\"1\"><span style=\"font-weight: 400;\">Duchas<\/span><\/li>\n<li style=\"font-weight: 400;\" aria-level=\"1\"><span style=\"font-weight: 400;\">Lavander\u00eda<\/span><\/li>\n<li style=\"font-weight: 400;\" aria-level=\"1\"><span style=\"font-weight: 400;\">Pet friendly\u00a0<\/span><\/li>\n<\/ul>\n<p><b>Puntuaci\u00f3n en Google Maps:<\/b><span style=\"font-weight: 400;\"> 4,2<\/span><\/p>\n<p><b>Apertura: <\/b><span style=\"font-weight: 400;\">Actualmente permanece cerrado por obras hasta abril de 2022<\/span><\/p>\n<p><b>Precio parcela caravanas:<\/b><span style=\"font-weight: 400;\"> 6,75\u20ac<\/span><\/p>\n<p><b>Precio parcela autocaravanas:<\/b><span style=\"font-weight: 400;\"> 12\u20ac<\/span><\/p>\n<p><b>Ubicaci\u00f3n:<\/b><span style=\"font-weight: 400;\"> C. Reboredo, 26, 36989 O Grove, <\/span><b>Pontevedra, Galicia.<\/b><\/p>\n<p>&nbsp;<\/p>\n<h2><span style=\"font-weight: 400;\">2. Mejor camping de interior \/ <\/span><a href=\"https:\/\/www.campingelsur.com\/es\/camping.php\"><span style=\"font-weight: 400;\">Camping El Sur<\/span><\/a><\/h2>\n<p><img data-recalc-dims=\"1\" decoding=\"async\" class=\"wp-image-2610 size-medium alignleft\" src=\"https:\/\/i0.wp.com\/www.caravanas.net\/noticias\/wp-content\/uploads\/2021\/12\/camping-para-autocaravanas-Malaga-Espana-300x160.jpg?resize=300%2C160&#038;ssl=1\" alt=\"camping para autocaravanas M\u00e1laga, Espa\u00f1a\" width=\"300\" height=\"160\" srcset=\"https:\/\/i0.wp.com\/www.caravanas.net\/noticias\/wp-content\/uploads\/2021\/12\/camping-para-autocaravanas-Malaga-Espana.jpg?resize=300%2C160&amp;ssl=1 300w, https:\/\/i0.wp.com\/www.caravanas.net\/noticias\/wp-content\/uploads\/2021\/12\/camping-para-autocaravanas-Malaga-Espana.jpg?resize=1024%2C546&amp;ssl=1 1024w, https:\/\/i0.wp.com\/www.caravanas.net\/noticias\/wp-content\/uploads\/2021\/12\/camping-para-autocaravanas-Malaga-Espana.jpg?resize=768%2C410&amp;ssl=1 768w, https:\/\/i0.wp.com\/www.caravanas.net\/noticias\/wp-content\/uploads\/2021\/12\/camping-para-autocaravanas-Malaga-Espana.jpg?resize=1536%2C819&amp;ssl=1 1536w, https:\/\/i0.wp.com\/www.caravanas.net\/noticias\/wp-content\/uploads\/2021\/12\/camping-para-autocaravanas-Malaga-Espana.jpg?resize=2048%2C1092&amp;ssl=1 2048w, https:\/\/i0.wp.com\/www.caravanas.net\/noticias\/wp-content\/uploads\/2021\/12\/camping-para-autocaravanas-Malaga-Espana.jpg?resize=1920%2C1024&amp;ssl=1 1920w, https:\/\/i0.wp.com\/www.caravanas.net\/noticias\/wp-content\/uploads\/2021\/12\/camping-para-autocaravanas-Malaga-Espana.jpg?resize=1170%2C624&amp;ssl=1 1170w, https:\/\/i0.wp.com\/www.caravanas.net\/noticias\/wp-content\/uploads\/2021\/12\/camping-para-autocaravanas-Malaga-Espana.jpg?resize=585%2C312&amp;ssl=1 585w, https:\/\/i0.wp.com\/www.caravanas.net\/noticias\/wp-content\/uploads\/2021\/12\/camping-para-autocaravanas-Malaga-Espana.jpg?w=2340&amp;ssl=1 2340w\" sizes=\"(max-width: 300px) 100vw, 300px\" \/><span style=\"font-weight: 400;\">Enclavado entre olivos, encinas centenarias y hermosos almendros; con todas sus calles asfaltadas, cuenta con 124 parcelas de entre 70 y 100 metros cuadrados, con buena sombra y tomas de luz.\u00a0 <\/span><\/p>\n<p><span style=\"font-weight: 400;\">Ubicado en el interior de M\u00e1laga, su entorno ofrece diversas actividades deportivas y recreativas, como senderismo, escalada, equitaci\u00f3n, vuelo en globo, v\u00edas ferratas, etc.<\/span><\/p>\n<h3><b>Servicios:<\/b><\/h3>\n<ul>\n<li style=\"font-weight: 400;\" aria-level=\"1\"><span style=\"font-weight: 400;\">Mini-mercado<\/span><\/li>\n<li style=\"font-weight: 400;\" aria-level=\"1\"><span style=\"font-weight: 400;\">Restaurante-Bar \/ Cafeter\u00eda<\/span><\/li>\n<li style=\"font-weight: 400;\" aria-level=\"1\"><span style=\"font-weight: 400;\">Piscina<\/span><\/li>\n<li style=\"font-weight: 400;\" aria-level=\"1\"><span style=\"font-weight: 400;\">Zona de ocio y parque infantil<\/span><\/li>\n<li style=\"font-weight: 400;\" aria-level=\"1\"><span style=\"font-weight: 400;\">Ajedrez gigante<\/span><\/li>\n<li style=\"font-weight: 400;\" aria-level=\"1\"><span style=\"font-weight: 400;\">Mini golf<\/span><\/li>\n<li style=\"font-weight: 400;\" aria-level=\"1\"><span style=\"font-weight: 400;\">Mini Basket<\/span><\/li>\n<li style=\"font-weight: 400;\" aria-level=\"1\"><span style=\"font-weight: 400;\">Ping-pong<\/span><\/li>\n<li style=\"font-weight: 400;\" aria-level=\"1\"><span style=\"font-weight: 400;\">Zona de mayores<\/span><\/li>\n<li style=\"font-weight: 400;\" aria-level=\"1\"><span style=\"font-weight: 400;\">Lavander\u00eda<\/span><\/li>\n<li style=\"font-weight: 400;\" aria-level=\"1\"><span style=\"font-weight: 400;\">Conexi\u00f3n Wifi en todo el recinto<\/span><\/li>\n<li style=\"font-weight: 400;\" aria-level=\"1\"><span style=\"font-weight: 400;\">Punto de recarga de veh\u00edculos el\u00e9ctricos<\/span><\/li>\n<li style=\"font-weight: 400;\" aria-level=\"1\"><span style=\"font-weight: 400;\">Pet friendly\u00a0<\/span><\/li>\n<\/ul>\n<p><b>Puntuaci\u00f3n en Google Maps:<\/b><span style=\"font-weight: 400;\"> 4,4<\/span><\/p>\n<p><b>Apertura: <\/b><span style=\"font-weight: 400;\">Todo el a\u00f1o<\/span><\/p>\n<p><b>Precio parcela caravanas:<\/b><span style=\"font-weight: 400;\">10\u20ac<\/span><\/p>\n<p><b>Precio parcela autocaravanas:<\/b><span style=\"font-weight: 400;\"> 12\u20ac<\/span><\/p>\n<p><b>Ubicaci\u00f3n:<\/b><span style=\"font-weight: 400;\"> Carretera Ronda-Algeciras, Km 1,5 &#8211; 29400 RONDA<\/span><b> (M\u00e1laga).<\/b><\/p>\n<p>&nbsp;<\/p>\n<h2><span style=\"font-weight: 400;\">3. Camping m\u00e1s original \/ Camping 3 Estrellas<\/span><\/h2>\n<p><img data-recalc-dims=\"1\" decoding=\"async\" class=\"size-medium wp-image-2616 alignleft\" src=\"https:\/\/i0.wp.com\/www.caravanas.net\/noticias\/wp-content\/uploads\/2021\/12\/camping-para-autocaravanas-Barcelona-Espana-300x160.jpg?resize=300%2C160&#038;ssl=1\" alt=\"camping para autocaravanas Barcelona Espa\u00f1a\" width=\"300\" height=\"160\" srcset=\"https:\/\/i0.wp.com\/www.caravanas.net\/noticias\/wp-content\/uploads\/2021\/12\/camping-para-autocaravanas-Barcelona-Espana.jpg?resize=300%2C160&amp;ssl=1 300w, https:\/\/i0.wp.com\/www.caravanas.net\/noticias\/wp-content\/uploads\/2021\/12\/camping-para-autocaravanas-Barcelona-Espana.jpg?resize=1024%2C546&amp;ssl=1 1024w, https:\/\/i0.wp.com\/www.caravanas.net\/noticias\/wp-content\/uploads\/2021\/12\/camping-para-autocaravanas-Barcelona-Espana.jpg?resize=768%2C410&amp;ssl=1 768w, https:\/\/i0.wp.com\/www.caravanas.net\/noticias\/wp-content\/uploads\/2021\/12\/camping-para-autocaravanas-Barcelona-Espana.jpg?resize=1536%2C819&amp;ssl=1 1536w, https:\/\/i0.wp.com\/www.caravanas.net\/noticias\/wp-content\/uploads\/2021\/12\/camping-para-autocaravanas-Barcelona-Espana.jpg?resize=2048%2C1092&amp;ssl=1 2048w, https:\/\/i0.wp.com\/www.caravanas.net\/noticias\/wp-content\/uploads\/2021\/12\/camping-para-autocaravanas-Barcelona-Espana.jpg?resize=1920%2C1024&amp;ssl=1 1920w, https:\/\/i0.wp.com\/www.caravanas.net\/noticias\/wp-content\/uploads\/2021\/12\/camping-para-autocaravanas-Barcelona-Espana.jpg?resize=1170%2C624&amp;ssl=1 1170w, https:\/\/i0.wp.com\/www.caravanas.net\/noticias\/wp-content\/uploads\/2021\/12\/camping-para-autocaravanas-Barcelona-Espana.jpg?resize=585%2C312&amp;ssl=1 585w, https:\/\/i0.wp.com\/www.caravanas.net\/noticias\/wp-content\/uploads\/2021\/12\/camping-para-autocaravanas-Barcelona-Espana.jpg?w=2340&amp;ssl=1 2340w\" sizes=\"(max-width: 300px) 100vw, 300px\" \/>Si buscas visitar la ciudad de Barcelona y no te apetece el barullo de la ciudad, este camping es una buena opci\u00f3n, tendr\u00e1s dos opciones, el que est\u00e1 ubicado en Gav\u00e0 o el que est\u00e1 en Palam\u00f3s, ambos a pie de playa y a pocos minutos de Barcelona Centro.<\/p>\n<p>Las parcelas del <a href=\"https:\/\/www.tresestrellascampings.com\/barcelona\/parcelas\/\">camping en Gav\u00e0<\/a>, est\u00e1n ubicadas en segunda l\u00ednea de playa (parcela premium) y hasta 120 m2 para tener m\u00e1s intimidad. Y las<a href=\"https:\/\/www.tresestrellascampings.com\/costa-brava\/parcelas\/\"> parcelas en Palam\u00f3s<\/a> ubicadas en plena costa brava, tienen un espacio de 90 m2, con sombra, toma de corriente y puntos de agua.<\/p>\n<h3><b>Servicios:<\/b><\/h3>\n<ul>\n<li aria-level=\"1\">Supermercado<\/li>\n<li style=\"font-weight: 400;\" aria-level=\"1\"><span style=\"font-weight: 400;\">Restaurante<\/span><\/li>\n<li style=\"font-weight: 400;\" aria-level=\"1\"><span style=\"font-weight: 400;\">Piscina exterior<\/span><\/li>\n<li aria-level=\"1\">Acceso a la playa<\/li>\n<li aria-level=\"1\">Actividades dirigidas<\/li>\n<li style=\"font-weight: 400;\" aria-level=\"1\"><span style=\"font-weight: 400;\">Lavander\u00eda<\/span><\/li>\n<li style=\"font-weight: 400;\" aria-level=\"1\"><span style=\"font-weight: 400;\">Conexi\u00f3n Wifi en todo el recinto<\/span><\/li>\n<li style=\"font-weight: 400;\" aria-level=\"1\"><span style=\"font-weight: 400;\">Pet friendly (salvo \u00abrazas peligrosas\u00bb)<\/span><\/li>\n<\/ul>\n<p><b>Puntuaci\u00f3n en Google Maps:<\/b><span style=\"font-weight: 400;\"> 3,8<\/span><\/p>\n<p><b>Apertura: <\/b><span style=\"font-weight: 400;\">Todo el a\u00f1o<\/span><\/p>\n<p><b>Ubicaci\u00f3n Camping Gav\u00e0:<\/b>C-31, km. 186,2 (Direcci\u00f3n Barcelona), Autov\u00eda de Castelldefels 08850<strong> Gav\u00e0-Barcelona.<\/strong><\/p>\n<p><b>Ubicaci\u00f3n Camping Costa Brava: <\/b>C-31, ctra. Palam\u00f3s-Palafrugell, km. 328, 17253 <strong>Palam\u00f3s, Catalunya.<\/strong><\/p>\n<p>&nbsp;<\/p>\n<h2><span style=\"font-weight: 400;\">4. Mejor camping de monta\u00f1a \/ <a href=\"https:\/\/puertadelademanda.com\/parcelas\/\">Camping Puerta de la Demanda<\/a><\/span><\/h2>\n<p><img data-recalc-dims=\"1\" decoding=\"async\" class=\"size-medium wp-image-2617 alignleft\" src=\"https:\/\/i0.wp.com\/www.caravanas.net\/noticias\/wp-content\/uploads\/2021\/12\/camping-para-autocaravanas-Burgos-Espana-300x160.jpg?resize=300%2C160&#038;ssl=1\" alt=\"camping para autocaravanas Burgos, Espa\u00f1a\" width=\"300\" height=\"160\" srcset=\"https:\/\/i0.wp.com\/www.caravanas.net\/noticias\/wp-content\/uploads\/2021\/12\/camping-para-autocaravanas-Burgos-Espana.jpg?resize=300%2C160&amp;ssl=1 300w, https:\/\/i0.wp.com\/www.caravanas.net\/noticias\/wp-content\/uploads\/2021\/12\/camping-para-autocaravanas-Burgos-Espana.jpg?resize=1024%2C546&amp;ssl=1 1024w, https:\/\/i0.wp.com\/www.caravanas.net\/noticias\/wp-content\/uploads\/2021\/12\/camping-para-autocaravanas-Burgos-Espana.jpg?resize=768%2C410&amp;ssl=1 768w, https:\/\/i0.wp.com\/www.caravanas.net\/noticias\/wp-content\/uploads\/2021\/12\/camping-para-autocaravanas-Burgos-Espana.jpg?resize=1536%2C819&amp;ssl=1 1536w, https:\/\/i0.wp.com\/www.caravanas.net\/noticias\/wp-content\/uploads\/2021\/12\/camping-para-autocaravanas-Burgos-Espana.jpg?resize=2048%2C1092&amp;ssl=1 2048w, https:\/\/i0.wp.com\/www.caravanas.net\/noticias\/wp-content\/uploads\/2021\/12\/camping-para-autocaravanas-Burgos-Espana.jpg?resize=1920%2C1024&amp;ssl=1 1920w, https:\/\/i0.wp.com\/www.caravanas.net\/noticias\/wp-content\/uploads\/2021\/12\/camping-para-autocaravanas-Burgos-Espana.jpg?resize=1170%2C624&amp;ssl=1 1170w, https:\/\/i0.wp.com\/www.caravanas.net\/noticias\/wp-content\/uploads\/2021\/12\/camping-para-autocaravanas-Burgos-Espana.jpg?resize=585%2C312&amp;ssl=1 585w, https:\/\/i0.wp.com\/www.caravanas.net\/noticias\/wp-content\/uploads\/2021\/12\/camping-para-autocaravanas-Burgos-Espana.jpg?w=2340&amp;ssl=1 2340w\" sizes=\"(max-width: 300px) 100vw, 300px\" \/><\/p>\n<p>Un camping familiar rodeado de bosque, situado en la <strong>Sierra de la Demanda<\/strong>. Se encuentra en un enclave privilegiado a pie del <strong>pantano de \u00dazquiza<\/strong> junto al pueblo de Villasur de Herreros y a 28 km de Burgos.<\/p>\n<p>Todas las parcelas incluyen tomas de corriente y duchas con agua caliente.<\/p>\n<p>&nbsp;<\/p>\n<h3><b>Servicios:<\/b><\/h3>\n<ul>\n<li style=\"font-weight: 400;\" aria-level=\"1\"><span style=\"font-weight: 400;\">Restaurante \/ Bar<\/span><\/li>\n<li style=\"font-weight: 400;\" aria-level=\"1\"><span style=\"font-weight: 400;\">Piscina<\/span><\/li>\n<li aria-level=\"1\">Zona infantil<\/li>\n<li aria-level=\"1\">Pista de padel<\/li>\n<li aria-level=\"1\">Lavaderos \/ Fregadoras<\/li>\n<li aria-level=\"1\">Lavadoras<\/li>\n<li aria-level=\"1\">Sauna de le\u00f1a<\/li>\n<li style=\"font-weight: 400;\" aria-level=\"1\"><span style=\"font-weight: 400;\">Pet friendly\u00a0<\/span><\/li>\n<\/ul>\n<p><b>Puntuaci\u00f3n en Google Maps:<\/b><span style=\"font-weight: 400;\"> 4,2<\/span><\/p>\n<p><b>Apertura: <\/b><span style=\"font-weight: 400;\">Todo el a\u00f1o<\/span><\/p>\n<p><b>Precio parcela caravanas y autocaravanas: <\/b><span style=\"font-weight: 400;\">8,9\u20ac<\/span><\/p>\n<p><b>Ubicaci\u00f3n:<\/b><span style=\"font-weight: 400;\"> Crta. Pradoluengo Km 2. 09199 Villasur de Herreros \/ <strong>Burgos.<\/strong><\/span><\/p>\n<p>&nbsp;<\/p>\n<h2><span style=\"font-weight: 400;\">5. Mejor camping abierto todo el a\u00f1o \/ <a href=\"http:\/\/www.grancampingzarautz.com\/es\/servicios-e-instalaciones.html\">Camping Zarautz\u00a0<\/a><\/span><\/h2>\n<p><img data-recalc-dims=\"1\" decoding=\"async\" class=\"size-medium wp-image-2611 alignleft\" src=\"https:\/\/i0.wp.com\/www.caravanas.net\/noticias\/wp-content\/uploads\/2021\/12\/camping-para-autocaravanas-en-Zarautz-Gipuzkoa-Espana-300x160.jpg?resize=300%2C160&#038;ssl=1\" alt=\"camping para autocaravanas en Zarautz, Gipuzkoa, Espa\u00f1a\" width=\"300\" height=\"160\" srcset=\"https:\/\/i0.wp.com\/www.caravanas.net\/noticias\/wp-content\/uploads\/2021\/12\/camping-para-autocaravanas-en-Zarautz-Gipuzkoa-Espana.jpg?resize=300%2C160&amp;ssl=1 300w, https:\/\/i0.wp.com\/www.caravanas.net\/noticias\/wp-content\/uploads\/2021\/12\/camping-para-autocaravanas-en-Zarautz-Gipuzkoa-Espana.jpg?resize=1024%2C546&amp;ssl=1 1024w, https:\/\/i0.wp.com\/www.caravanas.net\/noticias\/wp-content\/uploads\/2021\/12\/camping-para-autocaravanas-en-Zarautz-Gipuzkoa-Espana.jpg?resize=768%2C410&amp;ssl=1 768w, https:\/\/i0.wp.com\/www.caravanas.net\/noticias\/wp-content\/uploads\/2021\/12\/camping-para-autocaravanas-en-Zarautz-Gipuzkoa-Espana.jpg?resize=1536%2C819&amp;ssl=1 1536w, https:\/\/i0.wp.com\/www.caravanas.net\/noticias\/wp-content\/uploads\/2021\/12\/camping-para-autocaravanas-en-Zarautz-Gipuzkoa-Espana.jpg?resize=2048%2C1092&amp;ssl=1 2048w, https:\/\/i0.wp.com\/www.caravanas.net\/noticias\/wp-content\/uploads\/2021\/12\/camping-para-autocaravanas-en-Zarautz-Gipuzkoa-Espana.jpg?resize=1920%2C1024&amp;ssl=1 1920w, https:\/\/i0.wp.com\/www.caravanas.net\/noticias\/wp-content\/uploads\/2021\/12\/camping-para-autocaravanas-en-Zarautz-Gipuzkoa-Espana.jpg?resize=1170%2C624&amp;ssl=1 1170w, https:\/\/i0.wp.com\/www.caravanas.net\/noticias\/wp-content\/uploads\/2021\/12\/camping-para-autocaravanas-en-Zarautz-Gipuzkoa-Espana.jpg?resize=585%2C312&amp;ssl=1 585w, https:\/\/i0.wp.com\/www.caravanas.net\/noticias\/wp-content\/uploads\/2021\/12\/camping-para-autocaravanas-en-Zarautz-Gipuzkoa-Espana.jpg?w=2340&amp;ssl=1 2340w\" sizes=\"(max-width: 300px) 100vw, 300px\" \/><\/p>\n<p>Si eres <strong>amante del surf<\/strong> este camping es ideal, se encuentra a pocos metros de una extensa playa de 2,5 km famosa por sus olas.<\/p>\n<p>Adem\u00e1s del surf se pueden disfrutar de toda clase de actividades acu\u00e1ticas.<\/p>\n<p>Las parcelas tienen unas vistas privilegiadas al golfo de Vizcaya.<\/p>\n<h3><b>Servicios:<\/b><\/h3>\n<ul>\n<li style=\"font-weight: 400;\" aria-level=\"1\"><span style=\"font-weight: 400;\">Supermercado<\/span><\/li>\n<li style=\"font-weight: 400;\" aria-level=\"1\"><span style=\"font-weight: 400;\">Restaurante-Bar\u00a0<\/span><\/li>\n<li style=\"font-weight: 400;\" aria-level=\"1\"><span style=\"font-weight: 400;\">Parque infantil<\/span><\/li>\n<li aria-level=\"1\">Sal\u00f3n social<\/li>\n<li aria-level=\"1\">Duchas con agua caliente<\/li>\n<li style=\"font-weight: 400;\" aria-level=\"1\"><span style=\"font-weight: 400;\">Lavander\u00eda<\/span><\/li>\n<li style=\"font-weight: 400;\" aria-level=\"1\"><span style=\"font-weight: 400;\">Conexi\u00f3n Wifi\u00a0<\/span><\/li>\n<li style=\"font-weight: 400;\" aria-level=\"1\"><span style=\"font-weight: 400;\">Pet friendly\u00a0<\/span><\/li>\n<\/ul>\n<p><b>Puntuaci\u00f3n en Google Maps:<\/b><span style=\"font-weight: 400;\"> 4,2<\/span><\/p>\n<p><b>Apertura: <\/b><span style=\"font-weight: 400;\">Todo el a\u00f1o<\/span><\/p>\n<p><b>Precio parcela caravanas: <\/b>8,10\u20ac<\/p>\n<p><b>Precio parcela autocaravanas:<\/b><span style=\"font-weight: 400;\"> 15,50\u20ac<\/span><\/p>\n<p><b>Ubicaci\u00f3n:<\/b><span style=\"font-weight: 400;\"> Monte Talai-Mendi s\/n 20800, <strong>Zarautz, Guip\u00fazcoa<\/strong>.<\/span><\/p>\n<p>&nbsp;<\/p>\n<h2><span style=\"font-weight: 400;\">6. Camping con m\u00e1s encanto \/ <a href=\"https:\/\/campingplayaregaton.com\/camping\/\">Camping Playa Regat\u00f3n<\/a><\/span><\/h2>\n<p><img data-recalc-dims=\"1\" decoding=\"async\" class=\"size-medium wp-image-2618 alignleft\" src=\"https:\/\/i0.wp.com\/www.caravanas.net\/noticias\/wp-content\/uploads\/2021\/12\/camping-para-autocaravanas-Laredo-Cantabria-Espana-300x160.jpg?resize=300%2C160&#038;ssl=1\" alt=\"camping para autocaravanas Laredo, Cantabria Espa\u00f1a\" width=\"300\" height=\"160\" srcset=\"https:\/\/i0.wp.com\/www.caravanas.net\/noticias\/wp-content\/uploads\/2021\/12\/camping-para-autocaravanas-Laredo-Cantabria-Espana.jpg?resize=300%2C160&amp;ssl=1 300w, https:\/\/i0.wp.com\/www.caravanas.net\/noticias\/wp-content\/uploads\/2021\/12\/camping-para-autocaravanas-Laredo-Cantabria-Espana.jpg?resize=1024%2C546&amp;ssl=1 1024w, https:\/\/i0.wp.com\/www.caravanas.net\/noticias\/wp-content\/uploads\/2021\/12\/camping-para-autocaravanas-Laredo-Cantabria-Espana.jpg?resize=768%2C410&amp;ssl=1 768w, https:\/\/i0.wp.com\/www.caravanas.net\/noticias\/wp-content\/uploads\/2021\/12\/camping-para-autocaravanas-Laredo-Cantabria-Espana.jpg?resize=1536%2C819&amp;ssl=1 1536w, https:\/\/i0.wp.com\/www.caravanas.net\/noticias\/wp-content\/uploads\/2021\/12\/camping-para-autocaravanas-Laredo-Cantabria-Espana.jpg?resize=2048%2C1092&amp;ssl=1 2048w, https:\/\/i0.wp.com\/www.caravanas.net\/noticias\/wp-content\/uploads\/2021\/12\/camping-para-autocaravanas-Laredo-Cantabria-Espana.jpg?resize=1920%2C1024&amp;ssl=1 1920w, https:\/\/i0.wp.com\/www.caravanas.net\/noticias\/wp-content\/uploads\/2021\/12\/camping-para-autocaravanas-Laredo-Cantabria-Espana.jpg?resize=1170%2C624&amp;ssl=1 1170w, https:\/\/i0.wp.com\/www.caravanas.net\/noticias\/wp-content\/uploads\/2021\/12\/camping-para-autocaravanas-Laredo-Cantabria-Espana.jpg?resize=585%2C312&amp;ssl=1 585w, https:\/\/i0.wp.com\/www.caravanas.net\/noticias\/wp-content\/uploads\/2021\/12\/camping-para-autocaravanas-Laredo-Cantabria-Espana.jpg?w=2340&amp;ssl=1 2340w\" sizes=\"(max-width: 300px) 100vw, 300px\" \/><\/p>\n<p>El entorno le da el encanto a este camping que est\u00e1 entre la playa del Regat\u00f3n de Laredo y del humedal m\u00e1s importante del norte de Espa\u00f1a para el paso de aves migratorias en el <strong>Parque Natural de las Marismas de Santo\u00f1a.<\/strong><\/p>\n<p>Si quieres cumplir tu sue\u00f1o de <strong>cabalgar a caballo por la playa<\/strong>, aqu\u00ed es de las pocas playas que se puede.\u00a0 O si te gusta el turismo ornitol\u00f3gico podr\u00e1s ver m\u00e1s de 20000 aves de 120 especies diferentes.<\/p>\n<p>Un total de 125 parcelas de 70m2 con toma de agua y desag\u00fce, conexi\u00f3n el\u00e9ctrica y de TV en muchas de ellas, m\u00e1s fregadero individual.<\/p>\n<h3><b>Servicios:<\/b><\/h3>\n<ul>\n<li style=\"font-weight: 400;\" aria-level=\"1\"><span style=\"font-weight: 400;\">Supermercado<\/span><\/li>\n<li aria-level=\"1\">Restaurant\/ Cafeter\u00eda<\/li>\n<li aria-level=\"1\">Actividades como paddle surf, montar a caballo.<\/li>\n<li style=\"font-weight: 400;\" aria-level=\"1\"><span style=\"font-weight: 400;\">Food truck<\/span><\/li>\n<li style=\"font-weight: 400;\" aria-level=\"1\"><span style=\"font-weight: 400;\">Club infantil<\/span><\/li>\n<li aria-level=\"1\">Lavander\u00eda<\/li>\n<li aria-level=\"1\">Duchas<\/li>\n<li style=\"font-weight: 400;\" aria-level=\"1\">Parcelas con conexi\u00f3n el\u00e9ctrica<\/li>\n<li aria-level=\"1\">Fregadero con agua potable fr\u00eda y toma de agua y desag\u00fce<\/li>\n<li aria-level=\"1\">Wifi gratuito<\/li>\n<li style=\"font-weight: 400;\" aria-level=\"1\"><span style=\"font-weight: 400;\">Pet friendly\u00a0<\/span><\/li>\n<\/ul>\n<p><b>Puntuaci\u00f3n en Google Maps:<\/b><span style=\"font-weight: 400;\"> 4,4<\/span><\/p>\n<p><b>Apertura: <\/b><span style=\"font-weight: 400;\">Temporada verano, apertura 1 de abril<\/span><\/p>\n<p><b>Ubicaci\u00f3n: <\/b>Carretera al Camping Playa del Regat\u00f3n, 8, 39770 \u2013 <strong>Laredo, Cantabria.<\/strong><\/p>\n<p>&nbsp;<\/p>\n<h2><span style=\"font-weight: 400;\">7. Mejor restaurante de camping \/ <a href=\"https:\/\/campinglavinuela.es\/producto\/parcelas-prueba\/\">Camping Presa la Vi\u00f1uela<\/a><\/span><\/h2>\n<p><img data-recalc-dims=\"1\" decoding=\"async\" class=\"size-medium wp-image-2619 alignleft\" src=\"https:\/\/i0.wp.com\/www.caravanas.net\/noticias\/wp-content\/uploads\/2021\/12\/camping-para-autocaravanas-Vinuela-Malaga-Espana-300x160.jpg?resize=300%2C160&#038;ssl=1\" alt=\"camping para autocaravanas Vi\u00f1uela, M\u00e1laga Espa\u00f1a\" width=\"300\" height=\"160\" srcset=\"https:\/\/i0.wp.com\/www.caravanas.net\/noticias\/wp-content\/uploads\/2021\/12\/camping-para-autocaravanas-Vinuela-Malaga-Espana.jpg?resize=300%2C160&amp;ssl=1 300w, https:\/\/i0.wp.com\/www.caravanas.net\/noticias\/wp-content\/uploads\/2021\/12\/camping-para-autocaravanas-Vinuela-Malaga-Espana.jpg?resize=1024%2C546&amp;ssl=1 1024w, https:\/\/i0.wp.com\/www.caravanas.net\/noticias\/wp-content\/uploads\/2021\/12\/camping-para-autocaravanas-Vinuela-Malaga-Espana.jpg?resize=768%2C410&amp;ssl=1 768w, https:\/\/i0.wp.com\/www.caravanas.net\/noticias\/wp-content\/uploads\/2021\/12\/camping-para-autocaravanas-Vinuela-Malaga-Espana.jpg?resize=1536%2C819&amp;ssl=1 1536w, https:\/\/i0.wp.com\/www.caravanas.net\/noticias\/wp-content\/uploads\/2021\/12\/camping-para-autocaravanas-Vinuela-Malaga-Espana.jpg?resize=2048%2C1092&amp;ssl=1 2048w, https:\/\/i0.wp.com\/www.caravanas.net\/noticias\/wp-content\/uploads\/2021\/12\/camping-para-autocaravanas-Vinuela-Malaga-Espana.jpg?resize=1920%2C1024&amp;ssl=1 1920w, https:\/\/i0.wp.com\/www.caravanas.net\/noticias\/wp-content\/uploads\/2021\/12\/camping-para-autocaravanas-Vinuela-Malaga-Espana.jpg?resize=1170%2C624&amp;ssl=1 1170w, https:\/\/i0.wp.com\/www.caravanas.net\/noticias\/wp-content\/uploads\/2021\/12\/camping-para-autocaravanas-Vinuela-Malaga-Espana.jpg?resize=585%2C312&amp;ssl=1 585w, https:\/\/i0.wp.com\/www.caravanas.net\/noticias\/wp-content\/uploads\/2021\/12\/camping-para-autocaravanas-Vinuela-Malaga-Espana.jpg?w=2340&amp;ssl=1 2340w\" sizes=\"(max-width: 300px) 100vw, 300px\" \/><\/p>\n<p>Es un camping situado en M\u00e1laga en el interior de la Axarqu\u00eda. Concretamente en el municipio de La Vi\u00f1uela, en un enclave natural a pie del Embalse de La Vi\u00f1uela.<\/p>\n<p>Pero lo que llama la atenci\u00f3n de este camping, es el <strong>Asador, en el que preparan carnes a las brasa y platos t\u00edpicos de la zona,<\/strong> y acompa\u00f1ado de unas espectaculares vistas al embalse.<\/p>\n<p>Desde el camping, se pueden realizar caminatas alrededor del embalse. Dispone de 39 parcelas con medidas entre 70 y 80m2, \u00e9stas son de tierra, est\u00e1n separadas por setos y algunas cuentan con toldo.<\/p>\n<h3><b>Servicios:<\/b><\/h3>\n<ul>\n<li style=\"font-weight: 400;\" aria-level=\"1\"><span style=\"font-weight: 400;\">Mini-mercado<\/span><\/li>\n<li style=\"font-weight: 400;\" aria-level=\"1\"><span style=\"font-weight: 400;\">Restaurante-Bar \/ Cafeter\u00eda<\/span><\/li>\n<li style=\"font-weight: 400;\" aria-level=\"1\"><span style=\"font-weight: 400;\">Piscina<\/span><\/li>\n<li aria-level=\"1\">Zona deportiva<\/li>\n<li style=\"font-weight: 400;\" aria-level=\"1\"><span style=\"font-weight: 400;\">Lavander\u00eda<\/span><\/li>\n<li style=\"font-weight: 400;\" aria-level=\"1\"><span style=\"font-weight: 400;\">Conexi\u00f3n Wifi en todo el recinto<\/span><\/li>\n<li style=\"font-weight: 400;\" aria-level=\"1\"><span style=\"font-weight: 400;\">Pet friendly\u00a0<\/span><\/li>\n<\/ul>\n<p><b>Puntuaci\u00f3n en Google Maps:<\/b><span style=\"font-weight: 400;\"> 4,2<\/span><\/p>\n<p><b>Apertura: <\/b><span style=\"font-weight: 400;\">Todo el a\u00f1o<\/span><\/p>\n<p><b>Precio parcela caravanas y autocaravanas: <\/b>20\u20ac a 28\u20ac<\/p>\n<p><b>Ubicaci\u00f3n:<\/b><span style=\"font-weight: 400;\"> Ctra A-356 P.km 30, 29712 <strong>Vi\u00f1uela, M\u00e1laga.<\/strong><\/span><\/p>\n<p>&nbsp;<\/p>\n<h2><span style=\"font-weight: 400;\">8. Camping de entorno natural \/ <a href=\"https:\/\/campingordesa.es\/index.php\/es\/acampada\">Camping Ordesa<\/a><\/span><\/h2>\n<p><img data-recalc-dims=\"1\" decoding=\"async\" class=\"size-medium wp-image-2620 alignleft\" src=\"https:\/\/i0.wp.com\/www.caravanas.net\/noticias\/wp-content\/uploads\/2021\/12\/Captura-de-pantalla-2021-12-29-210136.jpg?resize=300%2C142&#038;ssl=1\" alt=\"camping para autocaravanas Ordesa, Huesca Espa\u00f1a\" width=\"300\" height=\"142\" srcset=\"https:\/\/i0.wp.com\/www.caravanas.net\/noticias\/wp-content\/uploads\/2021\/12\/Captura-de-pantalla-2021-12-29-210136.jpg?resize=300%2C142&amp;ssl=1 300w, https:\/\/i0.wp.com\/www.caravanas.net\/noticias\/wp-content\/uploads\/2021\/12\/Captura-de-pantalla-2021-12-29-210136.jpg?resize=768%2C364&amp;ssl=1 768w, https:\/\/i0.wp.com\/www.caravanas.net\/noticias\/wp-content\/uploads\/2021\/12\/Captura-de-pantalla-2021-12-29-210136.jpg?resize=585%2C277&amp;ssl=1 585w, https:\/\/i0.wp.com\/www.caravanas.net\/noticias\/wp-content\/uploads\/2021\/12\/Captura-de-pantalla-2021-12-29-210136.jpg?w=1017&amp;ssl=1 1017w\" sizes=\"(max-width: 300px) 100vw, 300px\" \/><\/p>\n<p>Rodeado de frondosos bosques, vertiginosos ca\u00f1ones, y con saltos de agua como La Cola de Caballo, a los pies del Pirineo, se encuentra cerca del <strong>Parque Natural de Ordesa y Monte Perdido.<\/strong><\/p>\n<p>Con una capacidad de 180 parcelas, unas vistas preciosas de los<a href=\"https:\/\/www.caravanas.net\/noticias\/ruta-por-los-pirineos-en-autocaravana-o-camper\/\"> Pirineos<\/a> y un ambiente agradable y familiar. Por la zona se pueden realizar diferentes actividades recreativas, como rafting, paseos a caballo, v\u00edas ferrata, senderismo y rutas 4&#215;4, entre otras cosas.<\/p>\n<h3><b>Servicios:<\/b><\/h3>\n<ul>\n<li style=\"font-weight: 400;\" aria-level=\"1\"><span style=\"font-weight: 400;\">Supermercado<\/span><\/li>\n<li style=\"font-weight: 400;\" aria-level=\"1\"><span style=\"font-weight: 400;\">Restaurante-Bar\u00a0<\/span><\/li>\n<li style=\"font-weight: 400;\" aria-level=\"1\"><span style=\"font-weight: 400;\">Piscina<\/span><\/li>\n<li aria-level=\"1\">Zona infantil de juegos<\/li>\n<li style=\"font-weight: 400;\" aria-level=\"1\"><span style=\"font-weight: 400;\">Lavander\u00eda<\/span><\/li>\n<li aria-level=\"1\">Duchas y fregaderos<\/li>\n<li style=\"font-weight: 400;\" aria-level=\"1\"><span style=\"font-weight: 400;\">Pet friendly\u00a0<\/span><\/li>\n<\/ul>\n<p><b>Puntuaci\u00f3n en Google Maps:<\/b><span style=\"font-weight: 400;\"> 4,6<\/span><\/p>\n<p><b>Apertura: <\/b><span style=\"font-weight: 400;\">Meses desde abril a Septiembre.<\/span><\/p>\n<p><b>Precio parcela caravanas: <\/b>5,6<span style=\"font-weight: 400;\">\u20ac a 5,9\u20ac<\/span><\/p>\n<p><b>Precio parcela autocaravanas:<\/b><span style=\"font-weight: 400;\"> 7,60\u20ac a 8,10\u20ac<\/span><\/p>\n<p><b>Ubicaci\u00f3n:<\/b><span style=\"font-weight: 400;\"> Ctra. de Ordesa sn 22376 Torla, <strong>Huesca, Espa\u00f1a.<\/strong><\/span><\/p>\n<style type=\"text\/css\">.text-truncate { overflow: hidden; text-overflow: ellipsis; white-space: nowrap; }.flex-row { display: flex; flex-wrap: wrap; margin-right: -15px; margin-left: -15px; }.flex-col { flex-basis: 0; flex-grow: 1; max-width: 100%; position: relative; width: 100%; padding-right: 15px; padding-left: 15px; }.ads-list { display: flex !important; flex-wrap: wrap; margin-right: -15px; margin-left: -15px; }@media (min-width: 768px) { .ad-pill-box { flex: 0 0 33.3333333333%; max-width: 33.3333333333%; } }.ad-pill-box { position: relative; width: 100%; padding-right: 15px; padding-left: 15px; margin-bottom: 1rem; }.ad-pill { height: 100%!important; padding: 1.25rem !important; border-radius: .5rem!important; border: 1px solid #48ca7c !important; }.ad-pill .rounded { border-radius: .5rem !important; }.ad-pill .shadow-sm { box-shadow: 0 .125rem .25rem rgba(25,33,40,.075) !important; }.ad-pill .ad-image { background: 50% no-repeat; background-size: contain; min-height: 129px; display: block; position: relative;  color: #343a40 !important; margin-bottom: 1rem !important; border-radius: .5rem !important; }.ad-pill .ad-image-price { bottom: 0.5rem; left: 0.5rem; display: inline-block; position: absolute; background: #fff; padding: 0 0.5em; }.ad-pill .ad-title { font-size: 1.25rem; margin-bottom: 0.5rem; }.ad-pill .text-muted { color: #a3a3a3 !important; line-height: 1.3; margin-bottom: 1rem; }.ad-pill .bg-light { background: #f0f1f2; border-radius: .5rem; padding: 5px; text-align: center; margin-bottom: 1rem; }.ad-pill .btn-primary { display: block; background: #48ca7c; border-radius: .5rem; padding: 5px; text-align: center; color: #fff !important; text-decoration: none !important; }.ad-pill .btn-primary:hover { background: #2c9958; }<\/style><div class=\"ads-list\" style=\"display: flex !important\"><div class=\"ad-pill-box\"><div class=\"ad-pill\"><a href=\"https:\/\/www.caravanas.net\/ad\/15196\/weinsberg-caraone-400-lk\" class=\"ad-image rounded mb-4\" style=\"background-image: url('https:\/\/caravanas.fra1.cdn.digitaloceanspaces.com\/public\/129812\/conversions\/IMG_0549-web.jpg');\"><div class=\"ad-image-price d-inline-block bg-white rounded py-1 px-3 position-absolute shadow-sm\"><div class=\"price-amount big\">18.400 \u20ac<\/div><\/div><\/a><div class=\"ad-title text-truncate\">Weinsberg CARAONE 400 LK<\/div><div class=\"mb-4 text-muted\">WEINSBERG CARAONE 400 LK, a\u00f1o Agosto  2019, seminueva, sal\u00f3n convertible en cama...<\/div><div class=\"details mb-3\"><div class=\"flex-row\"><div class=\"flex-col\"><div class=\"text-center bg-light rounded py-2\">4 viajar<\/div><\/div><div class=\"flex-col\"><div class=\"text-center bg-light rounded py-2\">4 dormir<\/div><\/div><\/div><\/div><div class=\"flex-row\"><div class=\"flex-col\"><a href=\"https:\/\/www.caravanas.net\/ad\/15196\/weinsberg-caraone-400-lk\" target=\"_blank\" class=\"btn btn-block btn-primary\">Contactar<\/a><\/div><div class=\"flex-col\"><a href=\"https:\/\/www.caravanas.net\/ad\/15196\/weinsberg-caraone-400-lk\" target=\"_blank\" class=\"btn-primary\">+ info<\/a><\/div><\/div><\/div><\/div><div class=\"ad-pill-box\"><div class=\"ad-pill\"><a href=\"https:\/\/www.caravanas.net\/ad\/15195\/knaus-sport-500-qdk\" class=\"ad-image rounded mb-4\" style=\"background-image: url('https:\/\/caravanas.fra1.cdn.digitaloceanspaces.com\/public\/129785\/conversions\/IMG_0537-web.jpg');\"><div class=\"ad-image-price d-inline-block bg-white rounded py-1 px-3 position-absolute shadow-sm\"><div class=\"price-amount big\">29.290 \u20ac<\/div><\/div><\/a><div class=\"ad-title text-truncate\">Knaus SPORT 500 QDK<\/div><div class=\"mb-4 text-muted\">Caracter\u00edsticas:Marca                 KnausModelo               Sport 500 QDKTipo                     3 ambientesAntig\u00fcedad      NuevaPlazas                  6Distribuci\u00f3n     Cama delantera, cama...<\/div><div class=\"details mb-3\"><div class=\"flex-row\"><div class=\"flex-col\"><div class=\"text-center bg-light rounded py-2\">6 viajar<\/div><\/div><div class=\"flex-col\"><div class=\"text-center bg-light rounded py-2\">6 dormir<\/div><\/div><\/div><\/div><div class=\"flex-row\"><div class=\"flex-col\"><a href=\"https:\/\/www.caravanas.net\/ad\/15195\/knaus-sport-500-qdk\" target=\"_blank\" class=\"btn btn-block btn-primary\">Contactar<\/a><\/div><div class=\"flex-col\"><a href=\"https:\/\/www.caravanas.net\/ad\/15195\/knaus-sport-500-qdk\" target=\"_blank\" class=\"btn-primary\">+ info<\/a><\/div><\/div><\/div><\/div><div class=\"ad-pill-box\"><div class=\"ad-pill\"><a href=\"https:\/\/www.caravanas.net\/ad\/15194\/carado-cve-600\" class=\"ad-image rounded mb-4\" style=\"background-image: url('https:\/\/caravanas.fra1.cdn.digitaloceanspaces.com\/public\/129774\/conversions\/8c8023fd-7da6-4fe3-b519-56e5570b-web.jpg');\"><div class=\"ad-image-price d-inline-block bg-white rounded py-1 px-3 position-absolute shadow-sm\"><div class=\"price-amount big\">49.990 \u20ac<\/div><\/div><\/a><div class=\"ad-title text-truncate\">Carado CVE 600<\/div><div class=\"mb-4 text-muted\">Fantastica Camper CARADO montada sobre base FIat Ducato 2.3 de 140cv, con...<\/div><div class=\"details mb-3\"><div class=\"flex-row\"><div class=\"flex-col\"><div class=\"text-center bg-light rounded py-2\">4 viajar<\/div><\/div><div class=\"flex-col\"><div class=\"text-center bg-light rounded py-2\">4 dormir<\/div><\/div><\/div><\/div><div class=\"flex-row\"><div class=\"flex-col\"><a href=\"https:\/\/www.caravanas.net\/ad\/15194\/carado-cve-600\" target=\"_blank\" class=\"btn btn-block btn-primary\">Contactar<\/a><\/div><div class=\"flex-col\"><a href=\"https:\/\/www.caravanas.net\/ad\/15194\/carado-cve-600\" target=\"_blank\" class=\"btn-primary\">+ info<\/a><\/div><\/div><\/div><\/div><\/div>\n<h2><span style=\"font-weight: 400;\">9. Camping m\u00e1s familiar \/ <a href=\"https:\/\/playadelafranca.com\/parcelas\/\">Camping Playa la Franca\u00a0<\/a><\/span><\/h2>\n<p><img data-recalc-dims=\"1\" decoding=\"async\" class=\"size-medium wp-image-2621 alignleft\" src=\"https:\/\/i0.wp.com\/www.caravanas.net\/noticias\/wp-content\/uploads\/2021\/12\/camping-para-autocaravanas-Asturias-Espana-300x160.jpg?resize=300%2C160&#038;ssl=1\" alt=\"camping para autocaravanas Asturias Espa\u00f1a\" width=\"300\" height=\"160\" srcset=\"https:\/\/i0.wp.com\/www.caravanas.net\/noticias\/wp-content\/uploads\/2021\/12\/camping-para-autocaravanas-Asturias-Espana.jpg?resize=300%2C160&amp;ssl=1 300w, https:\/\/i0.wp.com\/www.caravanas.net\/noticias\/wp-content\/uploads\/2021\/12\/camping-para-autocaravanas-Asturias-Espana.jpg?resize=1024%2C546&amp;ssl=1 1024w, https:\/\/i0.wp.com\/www.caravanas.net\/noticias\/wp-content\/uploads\/2021\/12\/camping-para-autocaravanas-Asturias-Espana.jpg?resize=768%2C410&amp;ssl=1 768w, https:\/\/i0.wp.com\/www.caravanas.net\/noticias\/wp-content\/uploads\/2021\/12\/camping-para-autocaravanas-Asturias-Espana.jpg?resize=1536%2C819&amp;ssl=1 1536w, https:\/\/i0.wp.com\/www.caravanas.net\/noticias\/wp-content\/uploads\/2021\/12\/camping-para-autocaravanas-Asturias-Espana.jpg?resize=2048%2C1092&amp;ssl=1 2048w, https:\/\/i0.wp.com\/www.caravanas.net\/noticias\/wp-content\/uploads\/2021\/12\/camping-para-autocaravanas-Asturias-Espana.jpg?resize=1920%2C1024&amp;ssl=1 1920w, https:\/\/i0.wp.com\/www.caravanas.net\/noticias\/wp-content\/uploads\/2021\/12\/camping-para-autocaravanas-Asturias-Espana.jpg?resize=1170%2C624&amp;ssl=1 1170w, https:\/\/i0.wp.com\/www.caravanas.net\/noticias\/wp-content\/uploads\/2021\/12\/camping-para-autocaravanas-Asturias-Espana.jpg?resize=585%2C312&amp;ssl=1 585w, https:\/\/i0.wp.com\/www.caravanas.net\/noticias\/wp-content\/uploads\/2021\/12\/camping-para-autocaravanas-Asturias-Espana.jpg?w=2340&amp;ssl=1 2340w\" sizes=\"(max-width: 300px) 100vw, 300px\" \/><\/p>\n<p>Y por \u00faltimo el elegido como el camping m\u00e1s familiar, aqu\u00ed todas las instalaciones est\u00e1n pensadas para satisfacer las necesidades de las familias.<\/p>\n<p>Adem\u00e1s est\u00e1 situado cerca de unas de las<strong> mejores playas de Europa y de la Cornisa Cant\u00e1brica<\/strong>, en la que se forma una piscina natural ideal para los m\u00e1s peques.\u00a0 Y para los m\u00e1s grandes la zona ofrece una variedad de deportes acu\u00e1ticos.<\/p>\n<p>Muy cerca se encuentra el <strong>Parque Nacional de los Picos de Europa<\/strong> de obligada visita. As\u00ed como el museo del jur\u00e1sico de Asturias y la cueva del Pindal.<\/p>\n<p>Cuentan con 109 parcelas de diferentes dimensiones (hasta 90, 70 y 45 metros cuadrados aproximadamente). Todas las parcelas son de hierba y cuentan con conexi\u00f3n el\u00e9ctrica de 6 o 16 amperios, fuentes de agua potable y abundantes \u00e1rboles.<\/p>\n<h3><b>Servicios:<\/b><\/h3>\n<ul>\n<li style=\"font-weight: 400;\" aria-level=\"1\"><span style=\"font-weight: 400;\">Mini-mercado<\/span><\/li>\n<li style=\"font-weight: 400;\" aria-level=\"1\"><span style=\"font-weight: 400;\">Restaurante-Bar \/ Cafeter\u00eda<\/span><\/li>\n<li style=\"font-weight: 400;\" aria-level=\"1\"><span style=\"font-weight: 400;\">Piscina<\/span><\/li>\n<li aria-level=\"1\">Zona deportiva<\/li>\n<li aria-level=\"1\">Zona infantil y \u00c1rea junior<\/li>\n<li aria-level=\"1\">Pr\u00e9stamo de libros y juegos<\/li>\n<li aria-level=\"1\">Cine al aire libre<\/li>\n<li aria-level=\"1\">Club social<\/li>\n<li aria-level=\"1\">Surf<\/li>\n<li aria-level=\"1\">Canoas<\/li>\n<li style=\"font-weight: 400;\" aria-level=\"1\"><span style=\"font-weight: 400;\">Lavander\u00eda<\/span><\/li>\n<li aria-level=\"1\">Duchas de agua caliente<\/li>\n<li aria-level=\"1\">\u00c1rea de barbacoa<\/li>\n<li style=\"font-weight: 400;\" aria-level=\"1\"><span style=\"font-weight: 400;\">Conexi\u00f3n Wifi en todo el recinto<\/span><\/li>\n<li style=\"font-weight: 400;\" aria-level=\"1\"><span style=\"font-weight: 400;\">Pet friendly\u00a0<\/span><\/li>\n<\/ul>\n<p><b>Puntuaci\u00f3n en Google Maps:<\/b><span style=\"font-weight: 400;\"> 3,7<\/span><\/p>\n<p><b>Apertura: <\/b><span style=\"font-weight: 400;\">Todo el a\u00f1o<\/span><\/p>\n<p><b>Precio parcela caravanas: Desde 18\u20ac a 31,5\u20ac<\/b><\/p>\n<p><b>Ubicaci\u00f3n:<\/b><span style=\"font-weight: 400;\"> Playa de la Franca, s\/n, 33590 La Franca, Asturias<\/span><\/p>\n<p><span style=\"font-weight: 400;\">\u00bfHas visitado alguno de estos campings? Deja en los comentarios qu\u00e9 te han parecido los premios.\u00a0<\/span><\/p>\n<p><span style=\"font-weight: 400;\">\u00a1Feliz a\u00f1o 2022 sobre ruedas!<\/span><\/p>\n","protected":false},"excerpt":{"rendered":"<p>A pocos d\u00edas de cerrar el a\u00f1o 2021, no podemos dejar de mencionar los premios a los mejores campings 2021 de Espa\u00f1a, que se&hellip;<\/p>\n","protected":false},"author":3,"featured_media":2611,"comment_status":"open","ping_status":"open","sticky":false,"template":"","format":"standard","meta":{"_jetpack_memberships_contains_paid_content":false,"footnotes":""},"categories":[46],"tags":[],"class_list":["post-2609","post","type-post","status-publish","format-standard","has-post-thumbnail","hentry","category-campings"],"aioseo_notices":[],"jetpack_featured_media_url":"https:\/\/i0.wp.com\/www.caravanas.net\/noticias\/wp-content\/uploads\/2021\/12\/camping-para-autocaravanas-en-Zarautz-Gipuzkoa-Espana.jpg?fit=2560%2C1365&ssl=1","jetpack_sharing_enabled":true,"_links":{"self":[{"href":"https:\/\/www.caravanas.net\/noticias\/wp-json\/wp\/v2\/posts\/2609","targetHints":{"allow":["GET"]}}],"collection":[{"href":"https:\/\/www.caravanas.net\/noticias\/wp-json\/wp\/v2\/posts"}],"about":[{"href":"https:\/\/www.caravanas.net\/noticias\/wp-json\/wp\/v2\/types\/post"}],"author":[{"embeddable":true,"href":"https:\/\/www.caravanas.net\/noticias\/wp-json\/wp\/v2\/users\/3"}],"replies":[{"embeddable":true,"href":"https:\/\/www.caravanas.net\/noticias\/wp-json\/wp\/v2\/comments?post=2609"}],"version-history":[{"count":0,"href":"https:\/\/www.caravanas.net\/noticias\/wp-json\/wp\/v2\/posts\/2609\/revisions"}],"wp:featuredmedia":[{"embeddable":true,"href":"https:\/\/www.caravanas.net\/noticias\/wp-json\/wp\/v2\/media\/2611"}],"wp:attachment":[{"href":"https:\/\/www.caravanas.net\/noticias\/wp-json\/wp\/v2\/media?parent=2609"}],"wp:term":[{"taxonomy":"category","embeddable":true,"href":"https:\/\/www.caravanas.net\/noticias\/wp-json\/wp\/v2\/categories?post=2609"},{"taxonomy":"post_tag","embeddable":true,"href":"https:\/\/www.caravanas.net\/noticias\/wp-json\/wp\/v2\/tags?post=2609"}],"curies":[{"name":"wp","href":"https:\/\/api.w.org\/{rel}","templated":true}]}}