{"id":1815,"date":"2021-07-13T10:56:34","date_gmt":"2021-07-13T08:56:34","guid":{"rendered":"https:\/\/www.caravanas.net\/noticias\/?p=1815"},"modified":"2022-11-30T21:21:42","modified_gmt":"2022-11-30T19:21:42","slug":"nace-la-primera-red-social-para-amantes-del-caravaning","status":"publish","type":"post","link":"https:\/\/www.caravanas.net\/noticias\/nace-la-primera-red-social-para-amantes-del-caravaning\/","title":{"rendered":"Nace la primera red social para amantes del caravaning"},"content":{"rendered":"<p>Todo aquel que ha viajado en autocaravana, caravana o camper sabe que cuando se va de ruta se encuentra una verdadera comunidad de autocaravanistas y caravanistas con gustos similares y en los que confiar y apoyarse.<\/p>\n<p>El mundo del caravaning es un modo de vida, un modo de ser y que la tecnolog\u00eda ha unido a\u00fan m\u00e1s, ya son muchas las apps y los grupos en redes sociales que re\u00fanen a estos apasionados de los viajes y las autocaravanas.<\/p>\n<p>Pero hasta el momento no exist\u00eda una red social exclusivamente para usuarios del sector, en donde pudieran compartir su pasi\u00f3n por viajar, recomendar lugares, dar consejos y conocer gente por ejemplo.<\/p>\n<p>&nbsp;<\/p>\n<h2>MocMoc Life la primera red social para usuarios de caravanas, autocaravanas y campers<\/h2>\n<p><img data-recalc-dims=\"1\" decoding=\"async\" class=\"aligncenter wp-image-1820\" src=\"https:\/\/i0.wp.com\/www.caravanas.net\/noticias\/wp-content\/uploads\/2021\/07\/Screenshot_2021-07-08-17-16-07-237_com.smartwaystudio.mocmoclife.jpg?resize=385%2C607&#038;ssl=1\" alt=\"MocMoc red social \" width=\"385\" height=\"607\" srcset=\"https:\/\/i0.wp.com\/www.caravanas.net\/noticias\/wp-content\/uploads\/2021\/07\/Screenshot_2021-07-08-17-16-07-237_com.smartwaystudio.mocmoclife.jpg?resize=649%2C1024&amp;ssl=1 649w, https:\/\/i0.wp.com\/www.caravanas.net\/noticias\/wp-content\/uploads\/2021\/07\/Screenshot_2021-07-08-17-16-07-237_com.smartwaystudio.mocmoclife.jpg?resize=190%2C300&amp;ssl=1 190w, https:\/\/i0.wp.com\/www.caravanas.net\/noticias\/wp-content\/uploads\/2021\/07\/Screenshot_2021-07-08-17-16-07-237_com.smartwaystudio.mocmoclife.jpg?resize=768%2C1212&amp;ssl=1 768w, https:\/\/i0.wp.com\/www.caravanas.net\/noticias\/wp-content\/uploads\/2021\/07\/Screenshot_2021-07-08-17-16-07-237_com.smartwaystudio.mocmoclife.jpg?resize=973%2C1536&amp;ssl=1 973w, https:\/\/i0.wp.com\/www.caravanas.net\/noticias\/wp-content\/uploads\/2021\/07\/Screenshot_2021-07-08-17-16-07-237_com.smartwaystudio.mocmoclife.jpg?resize=585%2C923&amp;ssl=1 585w, https:\/\/i0.wp.com\/www.caravanas.net\/noticias\/wp-content\/uploads\/2021\/07\/Screenshot_2021-07-08-17-16-07-237_com.smartwaystudio.mocmoclife.jpg?w=1075&amp;ssl=1 1075w\" sizes=\"(max-width: 385px) 100vw, 385px\" \/><\/p>\n<p>Pues eso es lo que justamente han lanzado una pareja de espa\u00f1oles viajeros y campers, la han bautizado con el nombre de <a href=\"https:\/\/mocmoclife.com\/#como\"><strong>MocMoc Life<\/strong><\/a>, con un dise\u00f1o limpio y juvenil, permite compartir lugares y localizaciones con amigos, al acceder tiene dos modos para visualizar:<!--more--><\/p>\n<ol>\n<li><strong>Modo social:<\/strong> En este apartado permite compartir publicaciones, localizaci\u00f3n e informaci\u00f3n \u00fatil para otros MocMocker, as\u00ed como tambi\u00e9n ver las publicaciones de otros y conocer gente.<img data-recalc-dims=\"1\" decoding=\"async\" class=\"size-full wp-image-1823 aligncenter\" src=\"https:\/\/i0.wp.com\/www.caravanas.net\/noticias\/wp-content\/uploads\/2021\/07\/Captura-de-pantalla-2021-07-12-212814.jpg?resize=539%2C418&#038;ssl=1\" alt=\"mocmoc red social autocaravanas\" width=\"539\" height=\"418\" srcset=\"https:\/\/i0.wp.com\/www.caravanas.net\/noticias\/wp-content\/uploads\/2021\/07\/Captura-de-pantalla-2021-07-12-212814.jpg?w=539&amp;ssl=1 539w, https:\/\/i0.wp.com\/www.caravanas.net\/noticias\/wp-content\/uploads\/2021\/07\/Captura-de-pantalla-2021-07-12-212814.jpg?resize=300%2C233&amp;ssl=1 300w\" sizes=\"(max-width: 539px) 100vw, 539px\" \/><strong>2. Modo ruta:<\/strong> Aqu\u00ed se puede ver localizaciones, \u00e1reas de servicio, campings, opiniones, encontrar sitios para pernoctar, etc. Incluye tambi\u00e9n modo mapa para hacer m\u00e1s f\u00e1cil la b\u00fasqueda.<\/li>\n<\/ol>\n<p><img data-recalc-dims=\"1\" decoding=\"async\" class=\"aligncenter wp-image-1822 size-full\" src=\"https:\/\/i0.wp.com\/www.caravanas.net\/noticias\/wp-content\/uploads\/2021\/07\/Captura-de-pantalla-2021-07-12-212832-e1626130645583.jpg?resize=579%2C404&#038;ssl=1\" alt=\"mocmoc red social autocaravanas\" width=\"579\" height=\"404\" srcset=\"https:\/\/i0.wp.com\/www.caravanas.net\/noticias\/wp-content\/uploads\/2021\/07\/Captura-de-pantalla-2021-07-12-212832-e1626130645583.jpg?w=579&amp;ssl=1 579w, https:\/\/i0.wp.com\/www.caravanas.net\/noticias\/wp-content\/uploads\/2021\/07\/Captura-de-pantalla-2021-07-12-212832-e1626130645583.jpg?resize=300%2C209&amp;ssl=1 300w\" sizes=\"(max-width: 579px) 100vw, 579px\" \/><\/p>\n<p>Adem\u00e1s para incentivar la interacci\u00f3n incluyen un sistema de puntos llamados mochis, son colaborativos, gratuitos y no se pueden comprar, se adquieren cuando alguien le da un moc moc (equivalente a un me gusta) a nuestra publicaci\u00f3n, cuando colaboras y valoras otras publicaciones por ejemplo, pero adem\u00e1s al registrarse <strong>antes del 1 de agosto te regalan 2000 mochis.\u00a0\u00a0<\/strong><\/p>\n<p>La aplicaci\u00f3n m\u00f3vil est\u00e1 disponible para<a href=\"https:\/\/apps.apple.com\/es\/app\/mocmoc-life\/id1571259845\"> IOS<\/a> y <a href=\"https:\/\/play.google.com\/store\/apps\/details?id=com.smartwaystudio.mocmoclife\">Android<\/a><\/p>\n<style type=\"text\/css\">.text-truncate { overflow: hidden; text-overflow: ellipsis; white-space: nowrap; }.flex-row { display: flex; flex-wrap: wrap; margin-right: -15px; margin-left: -15px; }.flex-col { flex-basis: 0; flex-grow: 1; max-width: 100%; position: relative; width: 100%; padding-right: 15px; padding-left: 15px; }.ads-list { display: flex !important; flex-wrap: wrap; margin-right: -15px; margin-left: -15px; }@media (min-width: 768px) { .ad-pill-box { flex: 0 0 33.3333333333%; max-width: 33.3333333333%; } }.ad-pill-box { position: relative; width: 100%; padding-right: 15px; padding-left: 15px; margin-bottom: 1rem; }.ad-pill { height: 100%!important; padding: 1.25rem !important; border-radius: .5rem!important; border: 1px solid #48ca7c !important; }.ad-pill .rounded { border-radius: .5rem !important; }.ad-pill .shadow-sm { box-shadow: 0 .125rem .25rem rgba(25,33,40,.075) !important; }.ad-pill .ad-image { background: 50% no-repeat; background-size: contain; min-height: 129px; display: block; position: relative;  color: #343a40 !important; margin-bottom: 1rem !important; border-radius: .5rem !important; }.ad-pill .ad-image-price { bottom: 0.5rem; left: 0.5rem; display: inline-block; position: absolute; background: #fff; padding: 0 0.5em; }.ad-pill .ad-title { font-size: 1.25rem; margin-bottom: 0.5rem; }.ad-pill .text-muted { color: #a3a3a3 !important; line-height: 1.3; margin-bottom: 1rem; }.ad-pill .bg-light { background: #f0f1f2; border-radius: .5rem; padding: 5px; text-align: center; margin-bottom: 1rem; }.ad-pill .btn-primary { display: block; background: #48ca7c; border-radius: .5rem; padding: 5px; text-align: center; color: #fff !important; text-decoration: none !important; }.ad-pill .btn-primary:hover { background: #2c9958; }<\/style><div class=\"ads-list\" style=\"display: flex !important\"><div class=\"ad-pill-box\"><div class=\"ad-pill\"><a href=\"https:\/\/www.caravanas.net\/ad\/15196\/weinsberg-caraone-400-lk\" class=\"ad-image rounded mb-4\" style=\"background-image: url('https:\/\/caravanas.fra1.cdn.digitaloceanspaces.com\/public\/129812\/conversions\/IMG_0549-web.jpg');\"><div class=\"ad-image-price d-inline-block bg-white rounded py-1 px-3 position-absolute shadow-sm\"><div class=\"price-amount big\">18.400 \u20ac<\/div><\/div><\/a><div class=\"ad-title text-truncate\">Weinsberg CARAONE 400 LK<\/div><div class=\"mb-4 text-muted\">WEINSBERG CARAONE 400 LK, a\u00f1o Agosto  2019, seminueva, sal\u00f3n convertible en cama...<\/div><div class=\"details mb-3\"><div class=\"flex-row\"><div class=\"flex-col\"><div class=\"text-center bg-light rounded py-2\">4 viajar<\/div><\/div><div class=\"flex-col\"><div class=\"text-center bg-light rounded py-2\">4 dormir<\/div><\/div><\/div><\/div><div class=\"flex-row\"><div class=\"flex-col\"><a href=\"https:\/\/www.caravanas.net\/ad\/15196\/weinsberg-caraone-400-lk\" target=\"_blank\" class=\"btn btn-block btn-primary\">Contactar<\/a><\/div><div class=\"flex-col\"><a href=\"https:\/\/www.caravanas.net\/ad\/15196\/weinsberg-caraone-400-lk\" target=\"_blank\" class=\"btn-primary\">+ info<\/a><\/div><\/div><\/div><\/div><div class=\"ad-pill-box\"><div class=\"ad-pill\"><a href=\"https:\/\/www.caravanas.net\/ad\/15195\/knaus-sport-500-qdk\" class=\"ad-image rounded mb-4\" style=\"background-image: url('https:\/\/caravanas.fra1.cdn.digitaloceanspaces.com\/public\/129785\/conversions\/IMG_0537-web.jpg');\"><div class=\"ad-image-price d-inline-block bg-white rounded py-1 px-3 position-absolute shadow-sm\"><div class=\"price-amount big\">29.290 \u20ac<\/div><\/div><\/a><div class=\"ad-title text-truncate\">Knaus SPORT 500 QDK<\/div><div class=\"mb-4 text-muted\">Caracter\u00edsticas:Marca                 KnausModelo               Sport 500 QDKTipo                     3 ambientesAntig\u00fcedad      NuevaPlazas                  6Distribuci\u00f3n     Cama delantera, cama...<\/div><div class=\"details mb-3\"><div class=\"flex-row\"><div class=\"flex-col\"><div class=\"text-center bg-light rounded py-2\">6 viajar<\/div><\/div><div class=\"flex-col\"><div class=\"text-center bg-light rounded py-2\">6 dormir<\/div><\/div><\/div><\/div><div class=\"flex-row\"><div class=\"flex-col\"><a href=\"https:\/\/www.caravanas.net\/ad\/15195\/knaus-sport-500-qdk\" target=\"_blank\" class=\"btn btn-block btn-primary\">Contactar<\/a><\/div><div class=\"flex-col\"><a href=\"https:\/\/www.caravanas.net\/ad\/15195\/knaus-sport-500-qdk\" target=\"_blank\" class=\"btn-primary\">+ info<\/a><\/div><\/div><\/div><\/div><div class=\"ad-pill-box\"><div class=\"ad-pill\"><a href=\"https:\/\/www.caravanas.net\/ad\/15194\/carado-cve-600\" class=\"ad-image rounded mb-4\" style=\"background-image: url('https:\/\/caravanas.fra1.cdn.digitaloceanspaces.com\/public\/129774\/conversions\/8c8023fd-7da6-4fe3-b519-56e5570b-web.jpg');\"><div class=\"ad-image-price d-inline-block bg-white rounded py-1 px-3 position-absolute shadow-sm\"><div class=\"price-amount big\">49.990 \u20ac<\/div><\/div><\/a><div class=\"ad-title text-truncate\">Carado CVE 600<\/div><div class=\"mb-4 text-muted\">Fantastica Camper CARADO montada sobre base FIat Ducato 2.3 de 140cv, con...<\/div><div class=\"details mb-3\"><div class=\"flex-row\"><div class=\"flex-col\"><div class=\"text-center bg-light rounded py-2\">4 viajar<\/div><\/div><div class=\"flex-col\"><div class=\"text-center bg-light rounded py-2\">4 dormir<\/div><\/div><\/div><\/div><div class=\"flex-row\"><div class=\"flex-col\"><a href=\"https:\/\/www.caravanas.net\/ad\/15194\/carado-cve-600\" target=\"_blank\" class=\"btn btn-block btn-primary\">Contactar<\/a><\/div><div class=\"flex-col\"><a href=\"https:\/\/www.caravanas.net\/ad\/15194\/carado-cve-600\" target=\"_blank\" class=\"btn-primary\">+ info<\/a><\/div><\/div><\/div><\/div><\/div>\n<p>Estas iniciativas son bien recibidas en el sector sobre todo porque <a href=\"https:\/\/www.caravanas.net\/noticias\/alarmante-escasez-de-areas-para-autocaravanas-en-espana\/\">la demanda de este tipo de turismo ha superado la oferta<\/a> en muchos aspectos, por ejemplo, de veh\u00edculos disponibles, de \u00e1reas de servicio, de campings, de normas y leyes.<\/p>\n<p>Con este tipo de app los usuarios pueden compartir y recomendar lugares para pernoctar, que actualmente en toda Espa\u00f1a hay unas 1000 \u00e1reas y unos 1200 campings, una cantidad considerablemente baja si se comprara con el resto de Europa.<\/p>\n<p>Si quieres <a href=\"https:\/\/www.caravanas.net\/noticias\/anunciate\/\">vender tu autocaravana en caravanas.net<\/a> o si quieres <a href=\"https:\/\/www.caravanas.net\/noticias\/anunciate\/\">comprar una caravana o autocaravana de segunda mano<\/a> no pierdas el tiempo este es tu momento, porque esto reci\u00e9n empieza.<\/p>\n<p>&nbsp;<\/p>\n","protected":false},"excerpt":{"rendered":"<p>Todo aquel que ha viajado en autocaravana, caravana o camper sabe que cuando se va de ruta se encuentra una verdadera comunidad de autocaravanistas&hellip;<\/p>\n","protected":false},"author":3,"featured_media":1821,"comment_status":"open","ping_status":"open","sticky":false,"template":"","format":"standard","meta":{"_jetpack_memberships_contains_paid_content":false,"footnotes":""},"categories":[16,18],"tags":[],"class_list":["post-1815","post","type-post","status-publish","format-standard","has-post-thumbnail","hentry","category-actualidad","category-tecnologia"],"aioseo_notices":[],"jetpack_featured_media_url":"https:\/\/i0.wp.com\/www.caravanas.net\/noticias\/wp-content\/uploads\/2021\/07\/Captura-de-pantalla-2021-07-12-213108.jpg?fit=1127%2C432&ssl=1","jetpack_sharing_enabled":true,"_links":{"self":[{"href":"https:\/\/www.caravanas.net\/noticias\/wp-json\/wp\/v2\/posts\/1815","targetHints":{"allow":["GET"]}}],"collection":[{"href":"https:\/\/www.caravanas.net\/noticias\/wp-json\/wp\/v2\/posts"}],"about":[{"href":"https:\/\/www.caravanas.net\/noticias\/wp-json\/wp\/v2\/types\/post"}],"author":[{"embeddable":true,"href":"https:\/\/www.caravanas.net\/noticias\/wp-json\/wp\/v2\/users\/3"}],"replies":[{"embeddable":true,"href":"https:\/\/www.caravanas.net\/noticias\/wp-json\/wp\/v2\/comments?post=1815"}],"version-history":[{"count":0,"href":"https:\/\/www.caravanas.net\/noticias\/wp-json\/wp\/v2\/posts\/1815\/revisions"}],"wp:featuredmedia":[{"embeddable":true,"href":"https:\/\/www.caravanas.net\/noticias\/wp-json\/wp\/v2\/media\/1821"}],"wp:attachment":[{"href":"https:\/\/www.caravanas.net\/noticias\/wp-json\/wp\/v2\/media?parent=1815"}],"wp:term":[{"taxonomy":"category","embeddable":true,"href":"https:\/\/www.caravanas.net\/noticias\/wp-json\/wp\/v2\/categories?post=1815"},{"taxonomy":"post_tag","embeddable":true,"href":"https:\/\/www.caravanas.net\/noticias\/wp-json\/wp\/v2\/tags?post=1815"}],"curies":[{"name":"wp","href":"https:\/\/api.w.org\/{rel}","templated":true}]}}