{"id":1272,"date":"2023-01-20T13:20:58","date_gmt":"2023-01-20T11:20:58","guid":{"rendered":"https:\/\/www.caravanas.net\/noticias\/?p=1272"},"modified":"2023-01-24T00:36:34","modified_gmt":"2023-01-23T22:36:34","slug":"como-elegir-el-seguro-para-tu-autocaravana","status":"publish","type":"post","link":"https:\/\/www.caravanas.net\/noticias\/como-elegir-el-seguro-para-tu-autocaravana\/","title":{"rendered":"C\u00f3mo elegir el seguro para tu autocaravana"},"content":{"rendered":"<p>Uno de los aspectos m\u00e1s importantes a tener en cuenta en cuanto a la seguridad de tu autocaravana es <strong>el seguro<\/strong>. Como cualquier veh\u00edculo debe de cumplir con <strong>la obligatoriedad de tener contratado por lo menos las coberturas b\u00e1sicas de da\u00f1os contra terceros<\/strong>.<\/p>\n<p>En el mercado hay diversas opciones de aseguradoras que ofrecen seguros especiales para autocaravanas. Vamos a ver en este art\u00edculo, a qu\u00e9 cosas debes prestar atenci\u00f3n cuando se trata del Seguro para tu Autocaravana.<\/p>\n<h2>Todo lo que tienes que saber sobre los seguros para autocaravanas<\/h2>\n<p>El seguro m\u00ednimo exigido por ley es aquel que tiene la Responsabilidad Civil Obligatoria. La mayor\u00eda de las aseguradoras te ofrecer\u00e1n este seguro, en la modalidad de Terceros, junto con alguna otra cobertura adicional.<\/p>\n<p>Sin embargo, existen <strong>otras modalidades de seguros<\/strong> que nos brindan <strong>mayores garant\u00edas<\/strong> y tranquilidad durante nuestro viaje. Se trata de que escojas el seguro que se adapte a ti y que te de tranquilidad a la hora de viajar.<\/p>\n<p>Como no todas las aseguradoras comprenden las necesidades de los autocaravanistas, algunas \u201cse olvidan\u201d de a\u00f1adir coberturas importantes.<\/p>\n<p>Las siguientes son las coberturas que s\u00ed o s\u00ed deber\u00eda de tener el seguro que elijas:<\/p>\n<p><!--more--><\/p>\n<h3><strong>Cobertura de responsabilidad Civil Obligatoria<\/strong><\/h3>\n<p>Es la cobertura b\u00e1sica que cubre los da\u00f1os que causemos a terceras personas. Tambi\u00e9n se incluyen los da\u00f1os que causemos a las cosas, como el mobiliario urbano, por ejemplo.<\/p>\n<h3><strong>Cobertura al conductor<\/strong><\/h3>\n<p>En el caso anterior \u00fanicamente se cubren los da\u00f1os a terceros, pero no los nuestros. Con esta cobertura se cubren los da\u00f1os que sufra el conductor del veh\u00edculo derivados de un siniestro o accidente.<\/p>\n<h3><strong>Servicio de asistencia en carretera<\/strong><\/h3>\n<p>Indispensable tener dentro del seguro de autocaravanas asistencia durante el viaje. Generalmente en estos casos se da servicio de gr\u00faa y reparaci\u00f3n urgente del veh\u00edculo los 365 d\u00edas del a\u00f1o. Presta atenci\u00f3n cu\u00e1l es el radio de cobertura, ya que si viajas al extranjero puede que se aplique y tengas que ampliar el seguro.<\/p>\n<p><img data-recalc-dims=\"1\" decoding=\"async\" class=\"alignnone size-medium wp-image-691\" src=\"https:\/\/i0.wp.com\/www.caravanas.net\/noticias\/wp-content\/uploads\/2017\/10\/viajar-en-autocaravana-min-min.png?resize=300%2C222&#038;ssl=1\" alt=\"Autocaravana viajandi\" width=\"300\" height=\"222\" srcset=\"https:\/\/i0.wp.com\/www.caravanas.net\/noticias\/wp-content\/uploads\/2017\/10\/viajar-en-autocaravana-min-min.png?resize=300%2C222&amp;ssl=1 300w, https:\/\/i0.wp.com\/www.caravanas.net\/noticias\/wp-content\/uploads\/2017\/10\/viajar-en-autocaravana-min-min.png?resize=1024%2C757&amp;ssl=1 1024w, https:\/\/i0.wp.com\/www.caravanas.net\/noticias\/wp-content\/uploads\/2017\/10\/viajar-en-autocaravana-min-min.png?resize=768%2C567&amp;ssl=1 768w, https:\/\/i0.wp.com\/www.caravanas.net\/noticias\/wp-content\/uploads\/2017\/10\/viajar-en-autocaravana-min-min.png?resize=1536%2C1135&amp;ssl=1 1536w, https:\/\/i0.wp.com\/www.caravanas.net\/noticias\/wp-content\/uploads\/2017\/10\/viajar-en-autocaravana-min-min.png?resize=2048%2C1513&amp;ssl=1 2048w, https:\/\/i0.wp.com\/www.caravanas.net\/noticias\/wp-content\/uploads\/2017\/10\/viajar-en-autocaravana-min-min.png?resize=1920%2C1419&amp;ssl=1 1920w, https:\/\/i0.wp.com\/www.caravanas.net\/noticias\/wp-content\/uploads\/2017\/10\/viajar-en-autocaravana-min-min.png?resize=1170%2C864&amp;ssl=1 1170w, https:\/\/i0.wp.com\/www.caravanas.net\/noticias\/wp-content\/uploads\/2017\/10\/viajar-en-autocaravana-min-min.png?resize=585%2C432&amp;ssl=1 585w, https:\/\/i0.wp.com\/www.caravanas.net\/noticias\/wp-content\/uploads\/2017\/10\/viajar-en-autocaravana-min-min.png?w=2340&amp;ssl=1 2340w\" sizes=\"(max-width: 300px) 100vw, 300px\" \/><\/p>\n<p><strong style=\"font-family: Raleway, sans-serif; font-size: 20px; letter-spacing: 0px;\">Defensa Jur\u00eddica<\/strong><\/p>\n<p>Si llegas a tener un proceso judicial se pagar\u00e1n los gastos del mismo y tendr\u00e1s la representaci\u00f3n de un profesional.<\/p>\n<h3><strong>Incendios<\/strong><\/h3>\n<p>Si el veh\u00edculo sufre un incendio, se cubrir\u00e1n los gastos de la reparaci\u00f3n. En algunos casos, se incluye el coste de los objetos personales y equipaje que se estaban en su interior. Por eso es tan importante que este tipo de seguro lo haga un profesional especialista en Autocaravanas, Caravanas y Campers.<\/p>\n<style type=\"text\/css\">.text-truncate { overflow: hidden; text-overflow: ellipsis; white-space: nowrap; }.flex-row { display: flex; flex-wrap: wrap; margin-right: -15px; margin-left: -15px; }.flex-col { flex-basis: 0; flex-grow: 1; max-width: 100%; position: relative; width: 100%; padding-right: 15px; padding-left: 15px; }.ads-list { display: flex !important; flex-wrap: wrap; margin-right: -15px; margin-left: -15px; }@media (min-width: 768px) { .ad-pill-box { flex: 0 0 33.3333333333%; max-width: 33.3333333333%; } }.ad-pill-box { position: relative; width: 100%; padding-right: 15px; padding-left: 15px; margin-bottom: 1rem; }.ad-pill { height: 100%!important; padding: 1.25rem !important; border-radius: .5rem!important; border: 1px solid #48ca7c !important; }.ad-pill .rounded { border-radius: .5rem !important; }.ad-pill .shadow-sm { box-shadow: 0 .125rem .25rem rgba(25,33,40,.075) !important; }.ad-pill .ad-image { background: 50% no-repeat; background-size: contain; min-height: 129px; display: block; position: relative;  color: #343a40 !important; margin-bottom: 1rem !important; border-radius: .5rem !important; }.ad-pill .ad-image-price { bottom: 0.5rem; left: 0.5rem; display: inline-block; position: absolute; background: #fff; padding: 0 0.5em; }.ad-pill .ad-title { font-size: 1.25rem; margin-bottom: 0.5rem; }.ad-pill .text-muted { color: #a3a3a3 !important; line-height: 1.3; margin-bottom: 1rem; }.ad-pill .bg-light { background: #f0f1f2; border-radius: .5rem; padding: 5px; text-align: center; margin-bottom: 1rem; }.ad-pill .btn-primary { display: block; background: #48ca7c; border-radius: .5rem; padding: 5px; text-align: center; color: #fff !important; text-decoration: none !important; }.ad-pill .btn-primary:hover { background: #2c9958; }<\/style><div class=\"ads-list\" style=\"display: flex !important\"><div class=\"ad-pill-box\"><div class=\"ad-pill\"><a href=\"https:\/\/www.caravanas.net\/ad\/15182\/carado-t449\" class=\"ad-image rounded mb-4\" style=\"background-image: url('https:\/\/caravanas.fra1.cdn.digitaloceanspaces.com\/public\/129656\/conversions\/IMG_0698-web.jpg');\"><div class=\"ad-image-price d-inline-block bg-white rounded py-1 px-3 position-absolute shadow-sm\"><div class=\"price-amount big\">53.900 \u20ac<\/div><\/div><\/a><div class=\"ad-title text-truncate\">Carado T449<\/div><div class=\"mb-4 text-muted\">Autocaravana totalmente equipada: 4 plazas, placas solares, nevera grande, c\u00e1mara trasera, Truma...<\/div><div class=\"details mb-3\"><div class=\"flex-row\"><div class=\"flex-col\"><div class=\"text-center bg-light rounded py-2\">4 viajar<\/div><\/div><div class=\"flex-col\"><div class=\"text-center bg-light rounded py-2\">4 dormir<\/div><\/div><\/div><\/div><div class=\"flex-row\"><div class=\"flex-col\"><a href=\"https:\/\/www.caravanas.net\/ad\/15182\/carado-t449\" target=\"_blank\" class=\"btn btn-block btn-primary\">Contactar<\/a><\/div><div class=\"flex-col\"><a href=\"https:\/\/www.caravanas.net\/ad\/15182\/carado-t449\" target=\"_blank\" class=\"btn-primary\">+ info<\/a><\/div><\/div><\/div><\/div><div class=\"ad-pill-box\"><div class=\"ad-pill\"><a href=\"https:\/\/www.caravanas.net\/ad\/15180\/adria-coral-sp690\" class=\"ad-image rounded mb-4\" style=\"background-image: url('https:\/\/caravanas.fra1.cdn.digitaloceanspaces.com\/public\/129626\/conversions\/91988-web.jpg');\"><div class=\"ad-image-price d-inline-block bg-white rounded py-1 px-3 position-absolute shadow-sm\"><div class=\"price-amount big\">47.000 \u20ac<\/div><\/div><\/a><div class=\"ad-title text-truncate\">Adria Coral SP690<\/div><div class=\"mb-4 text-muted\">Adria Coral SP690A\u00f1o 201059.000 Km2.3 Multijet Fiat5 Viajar \u2013 4 DormirCama IslaSalon...<\/div><div class=\"details mb-3\"><div class=\"flex-row\"><div class=\"flex-col\"><div class=\"text-center bg-light rounded py-2\">5 viajar<\/div><\/div><div class=\"flex-col\"><div class=\"text-center bg-light rounded py-2\">4 dormir<\/div><\/div><\/div><\/div><div class=\"flex-row\"><div class=\"flex-col\"><a href=\"https:\/\/www.caravanas.net\/ad\/15180\/adria-coral-sp690\" target=\"_blank\" class=\"btn btn-block btn-primary\">Contactar<\/a><\/div><div class=\"flex-col\"><a href=\"https:\/\/www.caravanas.net\/ad\/15180\/adria-coral-sp690\" target=\"_blank\" class=\"btn-primary\">+ info<\/a><\/div><\/div><\/div><\/div><div class=\"ad-pill-box\"><div class=\"ad-pill\"><a href=\"https:\/\/www.caravanas.net\/ad\/15167\/mclouis-mc-4-281\" class=\"ad-image rounded mb-4\" style=\"background-image: url('https:\/\/caravanas.fra1.cdn.digitaloceanspaces.com\/public\/129438\/conversions\/1-web.jpg');\"><div class=\"ad-image-price d-inline-block bg-white rounded py-1 px-3 position-absolute shadow-sm\"><div class=\"price-label\">A consultar<\/div><\/div><\/a><div class=\"ad-title text-truncate\">McLouis  MC 4 281  <\/div><div class=\"mb-4 text-muted\">Kilometraje47000 kil\u00f3metrosPrimera inscripci\u00f3n06\/2022Logro125 kW (170 CV)Transmisi\u00f3nCaja de cambiosPropietario del coche1Tipo de combustibleGas\u00f3leo<\/div><div class=\"details mb-3\"><div class=\"flex-row\"><div class=\"flex-col\"><div class=\"text-center bg-light rounded py-2\">4 viajar<\/div><\/div><div class=\"flex-col\"><div class=\"text-center bg-light rounded py-2\">4 dormir<\/div><\/div><\/div><\/div><div class=\"flex-row\"><div class=\"flex-col\"><a href=\"https:\/\/www.caravanas.net\/ad\/15167\/mclouis-mc-4-281\" target=\"_blank\" class=\"btn btn-block btn-primary\">Contactar<\/a><\/div><div class=\"flex-col\"><a href=\"https:\/\/www.caravanas.net\/ad\/15167\/mclouis-mc-4-281\" target=\"_blank\" class=\"btn-primary\">+ info<\/a><\/div><\/div><\/div><\/div><\/div>\n<h3><strong>Cobertura de lunas<\/strong><\/h3>\n<p>Muy t\u00edpico que un veh\u00edculo como una autocaravana sufra una rotura de lunas. Se suelen incluir la reparaci\u00f3n de lunas tanto las que son de metacrilatos como las claraboyas.<\/p>\n<h2>\u00bfSe puede contratar un seguro a todo riesgo para autocaravanas?<\/h2>\n<p>Aunque hay muy pocas compa\u00f1\u00edas que ofrecen este servicio por las dificultades que conlleva, s\u00ed que hay varias opciones en el mercado. Est\u00e1 la opci\u00f3n de seguro a todo riesgo con y sin franquicia, como tambi\u00e9n los hay para los coches.<\/p>\n<p>Por supuesto que genera much\u00edsima <strong>tranquilidad un seguro a todo riesgo<\/strong>, pero todo depender\u00e1 del presupuesto anual que tengamos asignado para ello. Consulta siempre con un experto si tienes dudas sobre qu\u00e9 seguro elegir.<\/p>\n<p><img data-recalc-dims=\"1\" decoding=\"async\" class=\"alignnone wp-image-699 size-large\" src=\"https:\/\/i0.wp.com\/www.caravanas.net\/noticias\/wp-content\/uploads\/2017\/10\/motorhome-in-desert-landscape.jpg?resize=1024%2C661&#038;ssl=1\" alt=\"autocaravana en desierto\" width=\"1024\" height=\"661\" srcset=\"https:\/\/i0.wp.com\/www.caravanas.net\/noticias\/wp-content\/uploads\/2017\/10\/motorhome-in-desert-landscape-scaled.jpg?resize=1024%2C661&amp;ssl=1 1024w, https:\/\/i0.wp.com\/www.caravanas.net\/noticias\/wp-content\/uploads\/2017\/10\/motorhome-in-desert-landscape-scaled.jpg?resize=300%2C194&amp;ssl=1 300w, https:\/\/i0.wp.com\/www.caravanas.net\/noticias\/wp-content\/uploads\/2017\/10\/motorhome-in-desert-landscape-scaled.jpg?resize=768%2C496&amp;ssl=1 768w, https:\/\/i0.wp.com\/www.caravanas.net\/noticias\/wp-content\/uploads\/2017\/10\/motorhome-in-desert-landscape-scaled.jpg?resize=1536%2C992&amp;ssl=1 1536w, https:\/\/i0.wp.com\/www.caravanas.net\/noticias\/wp-content\/uploads\/2017\/10\/motorhome-in-desert-landscape-scaled.jpg?resize=2048%2C1322&amp;ssl=1 2048w, https:\/\/i0.wp.com\/www.caravanas.net\/noticias\/wp-content\/uploads\/2017\/10\/motorhome-in-desert-landscape-scaled.jpg?resize=1920%2C1240&amp;ssl=1 1920w, https:\/\/i0.wp.com\/www.caravanas.net\/noticias\/wp-content\/uploads\/2017\/10\/motorhome-in-desert-landscape-scaled.jpg?resize=1170%2C755&amp;ssl=1 1170w, https:\/\/i0.wp.com\/www.caravanas.net\/noticias\/wp-content\/uploads\/2017\/10\/motorhome-in-desert-landscape-scaled.jpg?resize=585%2C378&amp;ssl=1 585w, https:\/\/i0.wp.com\/www.caravanas.net\/noticias\/wp-content\/uploads\/2017\/10\/motorhome-in-desert-landscape-scaled.jpg?w=2340&amp;ssl=1 2340w\" sizes=\"(max-width: 1024px) 100vw, 1024px\" \/><\/p>\n<h2>\u00bfExisten aseguradoras expertas en autocaravanas?<\/h2>\n<p>La mejor opci\u00f3n siempre es contratar un seguro con una empresa que comprenda las necesidades del autocaravanismo y que adapte sus coberturas. No es lo mismo conducir un coche tradicional que una autocaravana.<\/p>\n<p>Hay varios factores que lo hacen diferente m\u00e1s all\u00e1 del hecho de utilizarlo como veh\u00edculo vivienda. Un ejemplo de ello son los seguros de autocaravanas de <a href=\"https:\/\/www.mvaseguradores.com\/seguros\/seguros-de-autocaravanas\/\">MV Aseguradores<\/a>.<\/p>\n<p>Son especialistas en el mundo de las autocaravanas porque tambi\u00e9n lo practican. Van a saber asesorarte sobre tus necesidades y el tipo de seguro ideal para ti.<\/p>\n<p>Adem\u00e1s, al ser una Corredur\u00eda de Seguros, su gesti\u00f3n no se limita a asesorarte sobre cu\u00e1les son las mejores coberturas. Ser\u00e1n quienes realicen todos los tr\u00e1mites por ti si tienes un siniestro o si deseas realizar modificaciones en tu p\u00f3liza.<\/p>\n<p>En conclusi\u00f3n, elegir el seguro adecuado para tu autocaravana es esencial para proteger tu inversi\u00f3n y asegurarte de estar cubierto en caso de un accidente o p\u00e9rdida.<\/p>\n<p>Es importante asegurar el valor total de tu autocaravana, tener en cuenta la cobertura de responsabilidad civil, investigar las opciones de cobertura adicional, comparar diferentes opciones de seguro y considerar un seguro de viajero si planeas viajar.<\/p>\n<p>Siguiendo estos consejos, podr\u00e1s elegir el mejor seguro para tu autocaravana y estar tranquilo y seguro en tus viajes. No olvides revisar y actualizar tu seguro regularmente para asegurarte de estar cubierto en todo momento.<\/p>\n<p>Esperamos que ahora comprendas un poco mejor qu\u00e9 tener en cuenta al elegir el mejor seguro para autocaravanas \u00a1Buen viaje!<\/p>\n<p>&nbsp;<\/p>\n","protected":false},"excerpt":{"rendered":"<p>Uno de los aspectos m\u00e1s importantes a tener en cuenta en cuanto a la seguridad de tu autocaravana es el seguro. Como cualquier veh\u00edculo&hellip;<\/p>\n","protected":false},"author":3,"featured_media":710,"comment_status":"open","ping_status":"open","sticky":false,"template":"","format":"standard","meta":{"_jetpack_memberships_contains_paid_content":false,"footnotes":""},"categories":[47],"tags":[],"class_list":["post-1272","post","type-post","status-publish","format-standard","has-post-thumbnail","hentry","category-seguridad"],"aioseo_notices":[],"jetpack_featured_media_url":"https:\/\/i0.wp.com\/www.caravanas.net\/noticias\/wp-content\/uploads\/2017\/10\/vintage-caravan-outdoors-1-scaled.jpg?fit=2560%2C1715&ssl=1","jetpack_sharing_enabled":true,"_links":{"self":[{"href":"https:\/\/www.caravanas.net\/noticias\/wp-json\/wp\/v2\/posts\/1272","targetHints":{"allow":["GET"]}}],"collection":[{"href":"https:\/\/www.caravanas.net\/noticias\/wp-json\/wp\/v2\/posts"}],"about":[{"href":"https:\/\/www.caravanas.net\/noticias\/wp-json\/wp\/v2\/types\/post"}],"author":[{"embeddable":true,"href":"https:\/\/www.caravanas.net\/noticias\/wp-json\/wp\/v2\/users\/3"}],"replies":[{"embeddable":true,"href":"https:\/\/www.caravanas.net\/noticias\/wp-json\/wp\/v2\/comments?post=1272"}],"version-history":[{"count":0,"href":"https:\/\/www.caravanas.net\/noticias\/wp-json\/wp\/v2\/posts\/1272\/revisions"}],"wp:featuredmedia":[{"embeddable":true,"href":"https:\/\/www.caravanas.net\/noticias\/wp-json\/wp\/v2\/media\/710"}],"wp:attachment":[{"href":"https:\/\/www.caravanas.net\/noticias\/wp-json\/wp\/v2\/media?parent=1272"}],"wp:term":[{"taxonomy":"category","embeddable":true,"href":"https:\/\/www.caravanas.net\/noticias\/wp-json\/wp\/v2\/categories?post=1272"},{"taxonomy":"post_tag","embeddable":true,"href":"https:\/\/www.caravanas.net\/noticias\/wp-json\/wp\/v2\/tags?post=1272"}],"curies":[{"name":"wp","href":"https:\/\/api.w.org\/{rel}","templated":true}]}}